{"id":989,"date":"2009-03-30T18:45:25","date_gmt":"2009-03-30T21:45:25","guid":{"rendered":"http:\/\/www.ultimobaile.com\/?p=989"},"modified":"2025-12-24T13:03:42","modified_gmt":"2025-12-24T16:03:42","slug":"o-ultimo-dos-axezistas","status":"publish","type":"post","link":"https:\/\/www.ultimobaile.com\/?p=989","title":{"rendered":"O \u00faltimo dos axezistas"},"content":{"rendered":"<p style=\"text-align: justify;\">Jo\u00e3o Henrique Carneiro, o Burgomestre Nevropata, est\u00e1 t\u00e3o anacr\u00f4nico que ontem, no anivers\u00e1rio da cidade, botou pra tocar a banda de sub-ax\u00e9 Jammil no Farol da Barra. \u00c9 um total desentendimento do processo de abertura e retomada cultural que hoje Salvador vive &#8211; e que se deve em parte a ele pr\u00f3prio, ou tem em sua elei\u00e7\u00e3o (ent\u00e3o anti-carlista) em 2004 o seu &#8220;marco zero&#8221;. <\/p>\n<p style=\"text-align: justify;\">Jammil \u00e9 sub-ax\u00e9 para mineiro ver. N\u00e3o vai aqui nenhum perrengue com os membros da banda (t\u00e9cnicamente bons, e que originalmente faziam rock &#8211; como ali\u00e1s foram o Asa de \u00c1guia e o Chicret\u00e3o), ou com os habitantes nativos das Gerais. Digo isso at\u00e9 por este mesmo motivo: fazem um ax\u00e9 burocr\u00e1tico, sem gosto &#8211; n\u00e3o-ideol\u00f3gico, digamos assim. O &#8220;para mineiro ver&#8221; \u00e9 porque eu divido o ax\u00e9-music (lembrando que Daniela Mercury e Margareth Menezes n\u00e3o fazem ax\u00e9, mas samba-reggae) entre os &#8220;pra paulista (ou goiano) ver&#8221; (mega-stars car\u00edssimos) e &#8220;para mineiro ver&#8221; (de segundo time, e com menos pompa). <\/p>\n<p style=\"text-align: justify;\">Ora, estamos em franco p\u00f3s-axezismo. Mas v\u00e1 l\u00e1, j\u00e1 disse: nada contra o ax\u00e9-music enquanto ritmo, se for de qualidade, ligado a suas ra\u00edzes entre a xibietagem do samba-duro, o frevo-el\u00e9trico e os afox\u00e9s. A quest\u00e3o \u00e9 contra a domina\u00e7\u00e3o monocultural mediocrizante. Vejam que hoje at\u00e9 o &#8220;grande ax\u00e9&#8221; est\u00e1 participando de alguma forma da re-diversifica\u00e7\u00e3o e re-qualifica\u00e7\u00e3o da cultura baiana. A Orkestra Rumpillezz vem da cozinha de Ivete Sangalo, e \u00e9 produzida pelo irm\u00e3o da pr\u00f3pria &#8211; e \u00e9 <em>great-jazz<\/em> de primeir\u00e9rrima qualidade. <\/p>\n<p style=\"text-align: justify;\">Por que ent\u00e3o optar por essa coisa meia-boca? Ser\u00e1 que a Secretaria Municipal de Cultura n\u00e3o&#8230; Ah!, esqueci: Jo\u00e3o Henrique n\u00e3o tem Secretaria de Cultura. Diz que n\u00e3o precisa &#8211; n\u00e3o obstante governa o maior e mais antigo patrim\u00f4nio material e imaterial das am\u00e9ricas. <\/p>\n<p style=\"text-align: justify;\">Em seu lugar, a Empresa de Turismo de Salvador (Saltur) organizou o evento. Novamente, se era &#8220;de turismo&#8221;, por que n\u00e3o teve divulga\u00e7\u00e3o nacional pr\u00e9via? A Prefeitura est\u00e1 podendo assim deixar de arrecadar e de gerar emprego e renda no setor privado?! Se era &#8220;de turismo&#8221;, por que n\u00e3o foi um evento maior, mais diversificado, ocupando outras regi\u00f5es da cidade com mais diversidade, ao longo do dia?!<\/p>\n<p style=\"text-align: justify;\">Jo\u00e3o Henrique tem uma esp\u00e9cie de s\u00edndrome de grau\u00e7\u00e1: anda pra-traz. \u00c9 o \u00faltimo dos med\u00edocres, o derradeiro dos axezistas sub-ideol\u00f3gicos &#8211; al\u00e9m de, claro, <strong>o \u00fanico neo-carlista do mundo<\/strong> (quando todo mundo, at\u00e9 mesmo Grampinho, vulgo ACM O Neto, quer se livrar da pecha de ACM &#8211; que ali\u00e1s Jo\u00e3o ajudou a derrubar). \u00c9 a vanguarda do retrocesso. O porta-estandarte do regresso. <\/p>\n<p style=\"text-align: justify;\">Vamos ver at\u00e9 quando o dist\u00farbio org\u00e2nico mal-diagn\u00f3sticado que ele tem suporta tanta contradi\u00e7\u00e3o. Minha aposta \u00e9 que ele renuncia antes da entrada do terceiro ano do segundo mandato. Algu\u00e9m mais vai \u00e0 banca? <\/p>\n","protected":false},"excerpt":{"rendered":"<p>Jo\u00e3o Henrique Carneiro, o Burgomestre Nevropata, est\u00e1 t\u00e3o anacr\u00f4nico que ontem, no anivers\u00e1rio da cidade, botou pra tocar a banda de sub-ax\u00e9 Jammil no Farol da Barra. \u00c9 um total desentendimento do processo de abertura e retomada cultural que hoje Salvador vive &#8211; e que se deve em parte a [&hellip;]<\/p>\n","protected":false},"author":2,"featured_media":0,"comment_status":"closed","ping_status":"open","sticky":false,"template":"","format":"standard","meta":{"footnotes":""},"categories":[9],"tags":[],"class_list":["post-989","post","type-post","status-publish","format-standard","hentry","category-01viver"],"_links":{"self":[{"href":"https:\/\/www.ultimobaile.com\/index.php?rest_route=\/wp\/v2\/posts\/989","targetHints":{"allow":["GET"]}}],"collection":[{"href":"https:\/\/www.ultimobaile.com\/index.php?rest_route=\/wp\/v2\/posts"}],"about":[{"href":"https:\/\/www.ultimobaile.com\/index.php?rest_route=\/wp\/v2\/types\/post"}],"author":[{"embeddable":true,"href":"https:\/\/www.ultimobaile.com\/index.php?rest_route=\/wp\/v2\/users\/2"}],"replies":[{"embeddable":true,"href":"https:\/\/www.ultimobaile.com\/index.php?rest_route=%2Fwp%2Fv2%2Fcomments&post=989"}],"version-history":[{"count":5,"href":"https:\/\/www.ultimobaile.com\/index.php?rest_route=\/wp\/v2\/posts\/989\/revisions"}],"predecessor-version":[{"id":4419,"href":"https:\/\/www.ultimobaile.com\/index.php?rest_route=\/wp\/v2\/posts\/989\/revisions\/4419"}],"wp:attachment":[{"href":"https:\/\/www.ultimobaile.com\/index.php?rest_route=%2Fwp%2Fv2%2Fmedia&parent=989"}],"wp:term":[{"taxonomy":"category","embeddable":true,"href":"https:\/\/www.ultimobaile.com\/index.php?rest_route=%2Fwp%2Fv2%2Fcategories&post=989"},{"taxonomy":"post_tag","embeddable":true,"href":"https:\/\/www.ultimobaile.com\/index.php?rest_route=%2Fwp%2Fv2%2Ftags&post=989"}],"curies":[{"name":"wp","href":"https:\/\/api.w.org\/{rel}","templated":true}]}}