{"id":984,"date":"2009-03-27T23:11:09","date_gmt":"2009-03-28T02:11:09","guid":{"rendered":"http:\/\/www.ultimobaile.com\/?p=984"},"modified":"2025-12-24T13:03:42","modified_gmt":"2025-12-24T16:03:42","slug":"aniversario-de-salvador-e-na-vila-brandao","status":"publish","type":"post","link":"https:\/\/www.ultimobaile.com\/?p=984","title":{"rendered":"Anivers\u00e1rio de Salvador \u00e9 na&#8230; Vila Brand\u00e3o!"},"content":{"rendered":"<p style=\"text-align: justify;\">Domingo, dia 29 de mar\u00e7o, tem protesto na Vila Brand\u00e3o, contra o <a href=\"https:\/\/www.ultimobaile.com\/?s=gente+pr\u00e9dio+jo\u00e3o+henrique&amp;submit=IR\" target=\"_blank\">neo-seabrismo desvairado do Neuropata-Mor que governa (?) esta prov\u00edncia<\/a>. Mas nada de piquetagens PSOListas: bem a cara da Vila Brand\u00e3o (e do Porto da Barra, sua &#8220;prima rica&#8221;, e como os que outrora havia na Gamboa de Baixo), vai ser com samba-de-roda, caf\u00e9 da manh\u00e3 comunit\u00e1rio, passeio e mergulhos na maior ba\u00eda do lado de baixo do mundo, etc.<\/p>\n<p style=\"text-align: justify;\">Confiram a programa\u00e7\u00e3o:<\/p>\n<blockquote>\n<li style=\"text-align: justify;\">10hs  Um Grande Caf\u00e9 da Manh\u00e3 com frutas na Pra\u00e7a da Vila [tragam frutas e demaisss, para que nossa mesa seja muito linda, todos colaborar\u00e3o;<\/li>\n<li style=\"text-align: justify;\">11hs  Palestra com os Representantes da Vila, os moradores contar\u00e3o com detalhes toda a hist\u00f3ria das amea\u00e7as e as provid\u00eancias que est\u00e3o sendo tomadas;<\/li>\n<li style=\"text-align: justify;\">13hs  Almo\u00e7o, os moradores da Vila estar\u00e3o vendendo pratos t\u00edpicos da culin\u00e1ria baiana a pre\u00e7os super acess\u00edveis;<\/li>\n<li style=\"text-align: justify;\">14hs  In\u00edcio das atividades, das a\u00e7\u00f5es art\u00edsticas &#8211; pol\u00edticas &#8211; sociais &#8211; ecol\u00f3gicas &#8211; hist\u00f3ricas, passeios guiados por toda a Vila, etc;<\/li>\n<li style=\"text-align: justify;\">16hs  Momento lazer com: Futebol no campinho da Vila [moradores X visitantes], Banho de mar com orienta\u00e7\u00e3o dos pescadores da Vila, Roda de Capoeira Angola e Roda de Samba;<\/li>\n<li style=\"text-align: justify;\">18hs  P\u00f4r-do-Sol com a defini\u00e7\u00e3o e convite para as pr\u00f3ximas manifesta\u00e7\u00f5es;<\/li>\n<li style=\"text-align: justify;\">19hs  Encerramento com exibi\u00e7\u00e3o de v\u00eddeos com a tem\u00e1tica: Vila Brand\u00e3o, Quilombos, Movimentos sociais de resist\u00eancia, etc.<\/li>\n<\/blockquote>\n<p style=\"text-align: justify;\">\u00c9 isso a\u00ed: pac\u00edfica e festiva como \u00e9 a Vila Brand\u00e3o (e a Gamboa), e como n\u00e3o \u00e9 um condom\u00ednio-fechado de luxo (de si, um mausol\u00e9o: s\u00f3 falta ter cemit\u00e9rio dentro). Jo\u00e3o Henrique mexeu com o bairro errado: at\u00e9 os aristocr\u00e1ticos e impolutos moradores da Gra\u00e7a j\u00e1 est\u00e3o congra\u00e7ando-se com seus vizinhos mais pobres. Alguns advogados residentes do bairro j\u00e1 ofereceram seus pr\u00e9stimos para a causa, gratuitamente.<\/p>\n<p style=\"text-align: justify;\">Pra quem n\u00e3o sabe, a Gra\u00e7a \u00e9 um bairro nobil\u00edssimo, mas que tem horror a essa burguesia rastaquera de condominio fechado. Os pr\u00e9dios de Gra\u00e7a, luxuosos, s\u00e3o quase todos modernistas (tal como o recorte urbano do bairro), com ZERO \u00edtem de lazer &#8211; e por outro lado com bel\u00edssimos jardins sem muros, e sim com grades. \u00c9 a velha aristocracia baiana, anti-carlista antes mesmo de ACM nascer, que sempre se irmanou ao povo. Aquela aristocracia que deu Anysio Teixeira, Edgar Santos, Lindemberg Cardoso, e outros. <\/p>\n<p style=\"text-align: justify;\">Sei n\u00e3o, mas acho que Jo\u00e3o Henrique com isso s\u00f3 fez dar visibilidade &#8211; e raz\u00e3o! &#8211; a um bairro at\u00e9 ent\u00e3o esquecido. \u00c9 o maior idiota pol\u00edtico de que tenho not\u00edcias&#8230;<\/p>\n<p style=\"text-align: justify;\">Valeu Jo\u00e3o! &#8211; eis a\u00ed um prefeito que s\u00f3 faz coisa boa por acidente. Tropece mais vezes! <\/p>\n","protected":false},"excerpt":{"rendered":"<p>Domingo, dia 29 de mar\u00e7o, tem protesto na Vila Brand\u00e3o, contra o neo-seabrismo desvairado do Neuropata-Mor que governa (?) esta prov\u00edncia. Mas nada de piquetagens PSOListas: bem a cara da Vila Brand\u00e3o (e do Porto da Barra, sua &#8220;prima rica&#8221;, e como os que outrora havia na Gamboa de Baixo), [&hellip;]<\/p>\n","protected":false},"author":2,"featured_media":0,"comment_status":"closed","ping_status":"open","sticky":false,"template":"","format":"standard","meta":{"footnotes":""},"categories":[11,10,9],"tags":[20,311,568,149,393,240,122,15,585],"class_list":["post-984","post","type-post","status-publish","format-standard","hentry","category-01beber","category-01comer","category-01viver","tag-bahia","tag-barra","tag-especulacao-imobiliaria","tag-geddel-vieira-lima","tag-graca","tag-joao-henrique-carneiro","tag-pmdb","tag-salvador","tag-vila-brandao"],"_links":{"self":[{"href":"https:\/\/www.ultimobaile.com\/index.php?rest_route=\/wp\/v2\/posts\/984","targetHints":{"allow":["GET"]}}],"collection":[{"href":"https:\/\/www.ultimobaile.com\/index.php?rest_route=\/wp\/v2\/posts"}],"about":[{"href":"https:\/\/www.ultimobaile.com\/index.php?rest_route=\/wp\/v2\/types\/post"}],"author":[{"embeddable":true,"href":"https:\/\/www.ultimobaile.com\/index.php?rest_route=\/wp\/v2\/users\/2"}],"replies":[{"embeddable":true,"href":"https:\/\/www.ultimobaile.com\/index.php?rest_route=%2Fwp%2Fv2%2Fcomments&post=984"}],"version-history":[{"count":5,"href":"https:\/\/www.ultimobaile.com\/index.php?rest_route=\/wp\/v2\/posts\/984\/revisions"}],"predecessor-version":[{"id":4420,"href":"https:\/\/www.ultimobaile.com\/index.php?rest_route=\/wp\/v2\/posts\/984\/revisions\/4420"}],"wp:attachment":[{"href":"https:\/\/www.ultimobaile.com\/index.php?rest_route=%2Fwp%2Fv2%2Fmedia&parent=984"}],"wp:term":[{"taxonomy":"category","embeddable":true,"href":"https:\/\/www.ultimobaile.com\/index.php?rest_route=%2Fwp%2Fv2%2Fcategories&post=984"},{"taxonomy":"post_tag","embeddable":true,"href":"https:\/\/www.ultimobaile.com\/index.php?rest_route=%2Fwp%2Fv2%2Ftags&post=984"}],"curies":[{"name":"wp","href":"https:\/\/api.w.org\/{rel}","templated":true}]}}