{"id":982,"date":"2009-03-25T07:15:58","date_gmt":"2009-03-25T10:15:58","guid":{"rendered":"http:\/\/www.ultimobaile.com\/?p=982"},"modified":"2025-12-24T13:03:42","modified_gmt":"2025-12-24T16:03:42","slug":"tantas-fizeram-que-a-sala-walter-fechou","status":"publish","type":"post","link":"https:\/\/www.ultimobaile.com\/?p=982","title":{"rendered":"Tantas fizeram, que a Sala Walter fechou"},"content":{"rendered":"<p style=\"text-align: justify;\">A Sala Walter da Silveira fechou ontem por tempo indeterminado (e no meio do V Panorama Coisa de Cinema, a que estava tradicionalmente co-sediando), porque seu ar-condicionado pifou de vez.<\/p>\n<p style=\"text-align: justify;\">A gest\u00e3o da Sala Walter tem sido, junto com a pol\u00edtica museol\u00f3gica, um dos calos de Marcio Meirelles.<\/p>\n<p style=\"text-align: justify;\">O ar da Walter est\u00e1 historicamente capenga: geralmente gelava demais, ao limite de um frigor\u00edfico; \u00e0s vezes, n\u00e3o gelava nada. Ningu\u00e9m tratou de consertar a tempo, deu no que deu.<\/p>\n<p style=\"text-align: justify;\">O calo tamb\u00e9m vem do fato de que a \u00faltima reforma foi feita no Governo C\u00e9sar Borges, o ultra-carlista espancador de adolescentes em campus federal. Isso l\u00e1 nos idos de 1998. E nestes anos e nos de Paulo Souto foi bem gerida: festivais longos, com profus\u00e3o de cl\u00e1ssicos em pel\u00edcula, e sala progressivamente mais cheia. Nos festivais, lotava de n\u00e3o achar ingresso, especialmente entre os anos 2002 e 2006.<\/p>\n<p style=\"text-align: justify;\">Hoje metade do que exibe \u00e9 alegadamente gratuito, mas tamb\u00e9m pudera: \u00e9 em DVD. Poucas, e pequenas, mostras de cl\u00e1ssicos. Sala vazia e mal-divulgada.<\/p>\n<p style=\"text-align: justify;\">O bom disso tudo \u00e9 que um dos principais respons\u00e1veis por essa degrada\u00e7\u00e3o \u00e9 o senhor Cl\u00e1udio Marques, que administrou a Walter at\u00e9 abrir o Unibanco ArtePlex Glauber Rocha. Por que, n\u00e3o sei, haja vista que quando chamado a trabalhar na m\u00edtica sala do bairro dos Barris ele j\u00e1 estava com o Espa\u00e7o Unibanco com 3 anos de atraso, sem maiores explica\u00e7\u00f5es.<\/p>\n<p style=\"text-align: justify;\">Bom porque agora ele sente na pele o pre\u00e7o de sua inger\u00eancia: no meio de seu festival (importante, e bom sim) de cinema anual, a Walter, uma de suas tr\u00eas sedes, fecha. Bem-feito! <\/p>\n<p style=\"text-align: justify;\">(Antes que me colem ao sapo-boi M\u00e1rio K\u00e9rtzs, \u00e0 Boiadeira da Mediocridade Aninha Franco, e ao blog De Rabo Preso Pol\u00edtica Livre, lembro que eu acho a SECULT do Governo Jaques Wagner exemplar em tudo mais, s\u00f3 que defeituosa em dois pontos: nos cinemas e, em menor grau, na leitura gerencial t\u00edmida e colonizadora que tem sobre seus museus. Justamente em duas \u00e1reas em que o carlismo era craque, e bastante popular). <\/p>\n","protected":false},"excerpt":{"rendered":"<p>A Sala Walter da Silveira fechou ontem por tempo indeterminado (e no meio do V Panorama Coisa de Cinema, a que estava tradicionalmente co-sediando), porque seu ar-condicionado pifou de vez. A gest\u00e3o da Sala Walter tem sido, junto com a pol\u00edtica museol\u00f3gica, um dos calos de Marcio Meirelles. O ar [&hellip;]<\/p>\n","protected":false},"author":2,"featured_media":0,"comment_status":"closed","ping_status":"open","sticky":false,"template":"","format":"standard","meta":{"footnotes":""},"categories":[12,9],"tags":[20,267,597,372,422,140,152,213,15],"class_list":["post-982","post","type-post","status-publish","format-standard","hentry","category-01ver","category-01viver","tag-bahia","tag-biblioteca-publica-dos-barris","tag-claudio-marques","tag-dimas","tag-governo-da-bahia","tag-jaques-wagner","tag-marcio-meirelles","tag-sala-walter-da-silveira","tag-salvador"],"_links":{"self":[{"href":"https:\/\/www.ultimobaile.com\/index.php?rest_route=\/wp\/v2\/posts\/982","targetHints":{"allow":["GET"]}}],"collection":[{"href":"https:\/\/www.ultimobaile.com\/index.php?rest_route=\/wp\/v2\/posts"}],"about":[{"href":"https:\/\/www.ultimobaile.com\/index.php?rest_route=\/wp\/v2\/types\/post"}],"author":[{"embeddable":true,"href":"https:\/\/www.ultimobaile.com\/index.php?rest_route=\/wp\/v2\/users\/2"}],"replies":[{"embeddable":true,"href":"https:\/\/www.ultimobaile.com\/index.php?rest_route=%2Fwp%2Fv2%2Fcomments&post=982"}],"version-history":[{"count":1,"href":"https:\/\/www.ultimobaile.com\/index.php?rest_route=\/wp\/v2\/posts\/982\/revisions"}],"predecessor-version":[{"id":983,"href":"https:\/\/www.ultimobaile.com\/index.php?rest_route=\/wp\/v2\/posts\/982\/revisions\/983"}],"wp:attachment":[{"href":"https:\/\/www.ultimobaile.com\/index.php?rest_route=%2Fwp%2Fv2%2Fmedia&parent=982"}],"wp:term":[{"taxonomy":"category","embeddable":true,"href":"https:\/\/www.ultimobaile.com\/index.php?rest_route=%2Fwp%2Fv2%2Fcategories&post=982"},{"taxonomy":"post_tag","embeddable":true,"href":"https:\/\/www.ultimobaile.com\/index.php?rest_route=%2Fwp%2Fv2%2Ftags&post=982"}],"curies":[{"name":"wp","href":"https:\/\/api.w.org\/{rel}","templated":true}]}}