{"id":96,"date":"2008-09-01T10:52:41","date_gmt":"2008-09-01T13:52:41","guid":{"rendered":"http:\/\/www.ultimobaile.com\/?p=96"},"modified":"2025-12-24T13:03:57","modified_gmt":"2025-12-24T16:03:57","slug":"amanha-tem-samba-das-mocas-no-sesi-rio-vermelho","status":"publish","type":"post","link":"https:\/\/www.ultimobaile.com\/?p=96","title":{"rendered":"Amanh\u00e3 tem Samba das Mo\u00e7as no SESI-Rio Vermelho"},"content":{"rendered":"<p style=\"text-align: justify;\">19h, dia 02 de setembro de 2008.<\/p>\n<p style=\"text-align: justify;\">O Samba das Mo\u00e7as tem rolado sempre no insuportavelmente gay (e l\u00e9sbico) <a href=\"http:\/\/www.farofadigital.com.br\/panorama_baba.htm\" target=\"_blank\">Babalotim<\/a>, domingo de noite.<\/p>\n<p style=\"text-align: justify;\">Mas o <a href=\"http:\/\/br.youtube.com\/user\/sambadasmocas\" target=\"_blank\">Samba das Mo\u00e7as <\/a>vale enfrentar toda a alergia que se possa ter a purpurina do lugar pra ir ver. O grupo \u00e9 afinad\u00edssimo, inclusive nos vocais, e levam um samba-duro como eu n\u00e3o vejo desde que Luis Caldas gravou &#8220;<em>Comprei uma variante e a nega vendeu<\/em>&#8220;.<\/p>\n<p style=\"text-align: justify;\">S\u00f3 que se voc\u00ea n\u00e3o foi ver ainda por alergia a purpurina, n\u00e3o perca amanh\u00e3! Sendo na Varanda do SESI, vai ter um publico bem menos gliter, com a mesma qualidade de som. E \u00e9 cedo! Da pra ir e voltar de buzu, pros que querem beber.<\/p>\n","protected":false},"excerpt":{"rendered":"<p>19h, dia 02 de setembro de 2008. O Samba das Mo\u00e7as tem rolado sempre no insuportavelmente gay (e l\u00e9sbico) Babalotim, domingo de noite. Mas o Samba das Mo\u00e7as vale enfrentar toda a alergia que se possa ter a purpurina do lugar pra ir ver. O grupo \u00e9 afinad\u00edssimo, inclusive nos [&hellip;]<\/p>\n","protected":false},"author":2,"featured_media":0,"comment_status":"closed","ping_status":"open","sticky":false,"template":"","format":"standard","meta":{"footnotes":""},"categories":[11],"tags":[48,47],"class_list":["post-96","post","type-post","status-publish","format-standard","hentry","category-01beber","tag-rio-vermelho","tag-samba"],"_links":{"self":[{"href":"https:\/\/www.ultimobaile.com\/index.php?rest_route=\/wp\/v2\/posts\/96","targetHints":{"allow":["GET"]}}],"collection":[{"href":"https:\/\/www.ultimobaile.com\/index.php?rest_route=\/wp\/v2\/posts"}],"about":[{"href":"https:\/\/www.ultimobaile.com\/index.php?rest_route=\/wp\/v2\/types\/post"}],"author":[{"embeddable":true,"href":"https:\/\/www.ultimobaile.com\/index.php?rest_route=\/wp\/v2\/users\/2"}],"replies":[{"embeddable":true,"href":"https:\/\/www.ultimobaile.com\/index.php?rest_route=%2Fwp%2Fv2%2Fcomments&post=96"}],"version-history":[{"count":8,"href":"https:\/\/www.ultimobaile.com\/index.php?rest_route=\/wp\/v2\/posts\/96\/revisions"}],"predecessor-version":[{"id":4511,"href":"https:\/\/www.ultimobaile.com\/index.php?rest_route=\/wp\/v2\/posts\/96\/revisions\/4511"}],"wp:attachment":[{"href":"https:\/\/www.ultimobaile.com\/index.php?rest_route=%2Fwp%2Fv2%2Fmedia&parent=96"}],"wp:term":[{"taxonomy":"category","embeddable":true,"href":"https:\/\/www.ultimobaile.com\/index.php?rest_route=%2Fwp%2Fv2%2Fcategories&post=96"},{"taxonomy":"post_tag","embeddable":true,"href":"https:\/\/www.ultimobaile.com\/index.php?rest_route=%2Fwp%2Fv2%2Ftags&post=96"}],"curies":[{"name":"wp","href":"https:\/\/api.w.org\/{rel}","templated":true}]}}