{"id":955,"date":"2009-03-21T09:46:50","date_gmt":"2009-03-21T12:46:50","guid":{"rendered":"http:\/\/www.ultimobaile.com\/?p=955"},"modified":"2025-12-24T13:03:42","modified_gmt":"2025-12-24T16:03:42","slug":"conexoes-criativas","status":"publish","type":"post","link":"https:\/\/www.ultimobaile.com\/?p=955","title":{"rendered":"Conex\u00f5es Criativas"},"content":{"rendered":"<p style=\"text-align: justify; \">Clara Trigo, core\u00f3grafa premiada no III Atelier do Core\u00f3grafo Brasileiro, no Teatro Castro Alves h\u00e1 uns cinco anos, minha ex-professora de pilates e ex-flerte de carnaval de adolesc\u00eancia, me pede para anunciar aqui este evento. Vai ser na <a href=\"http:\/\/www.viamagia.org\/\" target=\"_blank\">Casa Via Magia<\/a> (que \u00e9 respons\u00e1vel, entre outras coisas, pelo Mercado Cultural Mundial), e tem uma coreografia de dan\u00e7a vertical dela, Estudo Para Lesma, inspirada nos poemas de Manoel de Barros, e que reputo muito boa.<\/p>\n<p>O evento \u00e9 todo gratuito, come\u00e7ando amanh\u00e3. Abaixo, o cartaz com mais detalhes. <\/p>\n<p><a href=\"https:\/\/www.ultimobaile.com\/wp-content\/uploads\/2009\/03\/clara.jpg\"><img loading=\"lazy\" decoding=\"async\" class=\"aligncenter size-full wp-image-956\" title=\"clara\" src=\"https:\/\/www.ultimobaile.com\/wp-content\/uploads\/2009\/03\/clara.jpg\" alt=\"\" width=\"500\" height=\"1404\" \/><\/a><\/p>\n<p>.<\/p>\n<p>.<\/p>\n<p>.<\/p>\n<p>.<\/p>\n<p>.<\/p>\n<p>.<\/p>\n<p>.<\/p>\n<p>.<\/p>\n<p>.<\/p>\n<p>.<\/p>\n<p>.<\/p>\n<p>.<\/p>\n<p>.<\/p>\n<p>.<\/p>\n<p>.<\/p>\n<p>.<\/p>\n<p>.<\/p>\n<p>.<\/p>\n<p>.<\/p>\n<p>.<\/p>\n<p>.<\/p>\n<p>.<\/p>\n<p>.<\/p>\n<p>.<\/p>\n<p>.<\/p>\n<p>.<\/p>\n<p>.<\/p>\n<p>.<\/p>\n<p>.<\/p>\n<p>.<\/p>\n<p>.<\/p>\n<p>.<\/p>\n<p>.<\/p>\n<p>.<\/p>\n<p>.<\/p>\n<p>.<\/p>\n<p>.<\/p>\n<p>.<\/p>\n<p>.<\/p>\n<p>.<\/p>\n<p>.<\/p>\n<p>.<\/p>\n<p>.<\/p>\n<p>.<\/p>\n<p>.<\/p>\n<p>.<\/p>\n<p>.<\/p>\n<p>.<\/p>\n<p>.<\/p>\n","protected":false},"excerpt":{"rendered":"<p>Clara Trigo, core\u00f3grafa premiada no III Atelier do Core\u00f3grafo Brasileiro, no Teatro Castro Alves h\u00e1 uns cinco anos, minha ex-professora de pilates e ex-flerte de carnaval de adolesc\u00eancia, me pede para anunciar aqui este evento. Vai ser na Casa Via Magia (que \u00e9 respons\u00e1vel, entre outras coisas, pelo Mercado Cultural [&hellip;]<\/p>\n","protected":false},"author":2,"featured_media":0,"comment_status":"closed","ping_status":"open","sticky":false,"template":"","format":"standard","meta":{"footnotes":""},"categories":[12],"tags":[20,380,586,590,591,588,587,589,381,15],"class_list":["post-955","post","type-post","status-publish","format-standard","hentry","category-01ver","tag-bahia","tag-casa-via-magia","tag-clara-trigo","tag-conexoes-criativas","tag-danca-vertical","tag-estudo-para-lesma","tag-isa-trigo","tag-manoel-de-barros","tag-ruy-cesar","tag-salvador"],"_links":{"self":[{"href":"https:\/\/www.ultimobaile.com\/index.php?rest_route=\/wp\/v2\/posts\/955","targetHints":{"allow":["GET"]}}],"collection":[{"href":"https:\/\/www.ultimobaile.com\/index.php?rest_route=\/wp\/v2\/posts"}],"about":[{"href":"https:\/\/www.ultimobaile.com\/index.php?rest_route=\/wp\/v2\/types\/post"}],"author":[{"embeddable":true,"href":"https:\/\/www.ultimobaile.com\/index.php?rest_route=\/wp\/v2\/users\/2"}],"replies":[{"embeddable":true,"href":"https:\/\/www.ultimobaile.com\/index.php?rest_route=%2Fwp%2Fv2%2Fcomments&post=955"}],"version-history":[{"count":10,"href":"https:\/\/www.ultimobaile.com\/index.php?rest_route=\/wp\/v2\/posts\/955\/revisions"}],"predecessor-version":[{"id":4422,"href":"https:\/\/www.ultimobaile.com\/index.php?rest_route=\/wp\/v2\/posts\/955\/revisions\/4422"}],"wp:attachment":[{"href":"https:\/\/www.ultimobaile.com\/index.php?rest_route=%2Fwp%2Fv2%2Fmedia&parent=955"}],"wp:term":[{"taxonomy":"category","embeddable":true,"href":"https:\/\/www.ultimobaile.com\/index.php?rest_route=%2Fwp%2Fv2%2Fcategories&post=955"},{"taxonomy":"post_tag","embeddable":true,"href":"https:\/\/www.ultimobaile.com\/index.php?rest_route=%2Fwp%2Fv2%2Ftags&post=955"}],"curies":[{"name":"wp","href":"https:\/\/api.w.org\/{rel}","templated":true}]}}