{"id":937,"date":"2009-03-18T13:05:50","date_gmt":"2009-03-18T16:05:50","guid":{"rendered":"http:\/\/www.ultimobaile.com\/?p=937"},"modified":"2025-12-24T13:03:53","modified_gmt":"2025-12-24T16:03:53","slug":"v-panorama-internacional-coisa-de-cinema","status":"publish","type":"post","link":"https:\/\/www.ultimobaile.com\/?p=937","title":{"rendered":"V Panorama Internacional Coisa de Cinema"},"content":{"rendered":"<p style=\"text-align: justify; \">At\u00e9 as pedras portuguesas alijadas do Porto da Barra j\u00e1 sabem que <a href=\"https:\/\/www.ultimobaile.com\/?p=751\" target=\"_blank\">eu sou um cr\u00edtico \u00e1cido do senhor Cl\u00e1udio Marques (e de seu Espa\u00e7o Unibanco Glauber Rocha de Cinema) como administrador, exibidor e produtor<\/a>. Sua passagem pela Sala Walter da Silveira, p\u00fablica e estatal, a fez minguar; o Unibanco demorou cinco anos a mais do que o previsto para abrir, e ainda abriu capenga e capenga continua. Ha 6 anos atr\u00e1s, brigou com o grupo SalaDeArte, a quem passou a se opor &#8211; inutilmente porque de l\u00e1 pra c\u00e1 a SalaDeArte deslanchou, e Cl\u00e1udio Marques cometeu diversos acidentes (como o pat\u00e9tico epis\u00f3dio do III Panorama Internacional Coisa de Cinema, em que as pessoas assistiam \u00e0 sess\u00e3o de abertura nas ruinas\/constru\u00e7\u00e3o do atual Unibanco, aberto na marra, chovendo dentro e invadido por sem-tetos. Ele deve achar po\u00e9tico isso, glauberiano, sei l\u00e1. Vai que \u00e9 filiado ao PSOL&#8230;?).<\/p>\n<p style=\"text-align: justify; \">Apesar disso, segundo ele, o Unibanco ArtePlex Salvador acaba de entrar numa lista francesa dos 10 cinemas mais bonitos do mundo. Tamb\u00e9m pudera: dois afrescos de Caryb\u00e9 \u00e0 entrada, e uma vista de 180graus entre a Ba\u00eda de Todos os Santos (do alto da Escarpa da Montanha, em frente a Pra\u00e7a Castro Alves) e os Vales da Barroquinha e de Nazar\u00e9: \u00e9 ver a maior cidade barroca do mundo, de cima; ou a segunda mais linda do Brasil (porque o Rio de Janeiro \u00e9 imbat\u00edvel). O m\u00e9rito n\u00e3o \u00e9 nem do Unibanco, nem de Cl\u00e1udio, portanto.<\/p>\n<p style=\"text-align: justify; \">N\u00e3o obstante, o Panorama Internacional Coisa de Cinema \u00e9 uma iniciativa v\u00e1lida e hist\u00f3rica. Se n\u00e3o por mais nada, por ser a primeira entre as tr\u00eas grandes mostras f\u00edlmicas da Capital Diasp\u00f3rica regulares por ano. As outras duas s\u00e3o a Jornada, pre-jur\u00e1ssica, em Julho\/Agosto, e a Mostra Sala de Arte, em setembro\/outubro.<\/p>\n<p style=\"text-align: justify; \">Ent\u00e3o, vai aqui minha contribui\u00e7\u00e3o a um gentil advers\u00e1rio, por uma causa comum a ambos: a devo\u00e7\u00e3o religiosa ao cinema (e Cl\u00e1udio, n\u00e3o obstante, \u00e9 excelente cr\u00edtico de cinema). <\/p>\n<p style=\"text-align: justify; \">Nesse ano, o Panorama (que come\u00e7a amanh\u00e3 e vai at\u00e9 a pr\u00f3xima quinta-feira) n\u00e3o s\u00f3 j\u00e1 tem casa (o ArtePlex Glauber Rocha) como continua na Walter, e se extende para o excelente Centro Cultural de Plataforma, no sub\u00farbio, e promete posteriormente ainda mostra intinerante pelo interior. Al\u00e9m disso, tem mostra competitiva. <a href=\"http:\/\/www.coisadecinema.com.br\/Hotsite\/\" target=\"_blank\">Confira os concorrentes<\/a> e as programa\u00e7\u00f5es do Panorama no <a href=\"http:\/\/www.coisadecinema.com.br\/matCriticas.asp?mat=2230\" target=\"_blank\">Unibanco<\/a> e na <a href=\"http:\/\/www.coisadecinema.com.br\/matCriticas.asp?mat=2232\" target=\"_blank\">Walter\/Plataforma<\/a>.<\/p>\n<p style=\"text-align: justify; \">Confira tamb\u00e9m o c<a href=\"http:\/\/www.coisadecinema.com.br\/matCriticas.asp?mat=2231\" target=\"_blank\">iclo de debates e palestras<\/a>, sempre no foyer do Unibanco Glauber Rocha ArtePlex. <\/p>\n<p style=\"text-align: justify; \">Os ingressos ser\u00e3o sempre R$10,00 a inteira e R$5,00 a meia, em quaisquer dos tr\u00eas cinemas. Ou seja: para os filmes do festival, o ArtePlex Glauber Rocha ser\u00e1 bastante mais barato.<\/p>\n","protected":false},"excerpt":{"rendered":"<p>At\u00e9 as pedras portuguesas alijadas do Porto da Barra j\u00e1 sabem que eu sou um cr\u00edtico \u00e1cido do senhor Cl\u00e1udio Marques (e de seu Espa\u00e7o Unibanco Glauber Rocha de Cinema) como administrador, exibidor e produtor. Sua passagem pela Sala Walter da Silveira, p\u00fablica e estatal, a fez minguar; o Unibanco [&hellip;]<\/p>\n","protected":false},"author":2,"featured_media":0,"comment_status":"closed","ping_status":"open","sticky":false,"template":"","format":"standard","meta":{"footnotes":""},"categories":[12,9],"tags":[20,264,26,580,581,409,213,15,592],"class_list":["post-937","post","type-post","status-publish","format-standard","hentry","category-01ver","category-01viver","tag-bahia","tag-centro-cultural-de-plataforma","tag-cinema","tag-coisa-de-cinema","tag-panorama-internacional-coisa-de-cinema","tag-praca-castro-alves","tag-sala-walter-da-silveira","tag-salvador","tag-unibanco-arteplex-glauber-rocha"],"_links":{"self":[{"href":"https:\/\/www.ultimobaile.com\/index.php?rest_route=\/wp\/v2\/posts\/937","targetHints":{"allow":["GET"]}}],"collection":[{"href":"https:\/\/www.ultimobaile.com\/index.php?rest_route=\/wp\/v2\/posts"}],"about":[{"href":"https:\/\/www.ultimobaile.com\/index.php?rest_route=\/wp\/v2\/types\/post"}],"author":[{"embeddable":true,"href":"https:\/\/www.ultimobaile.com\/index.php?rest_route=\/wp\/v2\/users\/2"}],"replies":[{"embeddable":true,"href":"https:\/\/www.ultimobaile.com\/index.php?rest_route=%2Fwp%2Fv2%2Fcomments&post=937"}],"version-history":[{"count":9,"href":"https:\/\/www.ultimobaile.com\/index.php?rest_route=\/wp\/v2\/posts\/937\/revisions"}],"predecessor-version":[{"id":4424,"href":"https:\/\/www.ultimobaile.com\/index.php?rest_route=\/wp\/v2\/posts\/937\/revisions\/4424"}],"wp:attachment":[{"href":"https:\/\/www.ultimobaile.com\/index.php?rest_route=%2Fwp%2Fv2%2Fmedia&parent=937"}],"wp:term":[{"taxonomy":"category","embeddable":true,"href":"https:\/\/www.ultimobaile.com\/index.php?rest_route=%2Fwp%2Fv2%2Fcategories&post=937"},{"taxonomy":"post_tag","embeddable":true,"href":"https:\/\/www.ultimobaile.com\/index.php?rest_route=%2Fwp%2Fv2%2Ftags&post=937"}],"curies":[{"name":"wp","href":"https:\/\/api.w.org\/{rel}","templated":true}]}}