{"id":912,"date":"2009-03-11T17:52:55","date_gmt":"2009-03-11T20:52:55","guid":{"rendered":"http:\/\/www.ultimobaile.com\/?p=912"},"modified":"2025-12-24T13:03:53","modified_gmt":"2025-12-24T16:03:53","slug":"salvado-no-newyork-times","status":"publish","type":"post","link":"https:\/\/www.ultimobaile.com\/?p=912","title":{"rendered":"Salvad\u00f4 no NewYork Times"},"content":{"rendered":"<p style=\"text-align: justify;\">Com atraso, mas anuncio: o <em>NewYork Times<\/em> teve como capa de seu caderno de turismo do dia 2 de mar\u00e7o deste ano excelente mat\u00e9ria sobre Salvador. Ali\u00e1s, nada &#8220;tur\u00edstica&#8221;, destacando lugares que s\u00f3 o soterpolitano de nascen\u00e7a &amp; h\u00e1bito (isto \u00e9: os que moram entre o Rio Vermelho e a Ribeira, j\u00e1 que a Pituba \u00e9 uma sucursal de Higien\u00f3polis) conhecem e frequentam, como a Jam Session do MAM, o restaurante Dona Mariquita (de culin\u00e1ria do Rec\u00f4ncavo, na Rua do Meio, Rio Vermelho), etc.<\/p>\n<h3><a href=\"http:\/\/travel.nytimes.com\/2009\/03\/01\/travel\/01hourscol.html\" target=\"_blank\">Vale conferir<\/a>. <\/h3>\n","protected":false},"excerpt":{"rendered":"<p>Com atraso, mas anuncio: o NewYork Times teve como capa de seu caderno de turismo do dia 2 de mar\u00e7o deste ano excelente mat\u00e9ria sobre Salvador. Ali\u00e1s, nada &#8220;tur\u00edstica&#8221;, destacando lugares que s\u00f3 o soterpolitano de nascen\u00e7a &amp; h\u00e1bito (isto \u00e9: os que moram entre o Rio Vermelho e a [&hellip;]<\/p>\n","protected":false},"author":2,"featured_media":0,"comment_status":"closed","ping_status":"open","sticky":false,"template":"","format":"standard","meta":{"footnotes":""},"categories":[11,10,13,12,9],"tags":[20,565,566,106,475,564,14,15,476,530],"class_list":["post-912","post","type-post","status-publish","format-standard","hentry","category-01beber","category-01comer","category-01ler","category-01ver","category-01viver","tag-bahia","tag-dona-mariquita","tag-jam-session","tag-jazz","tag-mam","tag-new-york-times","tag-reconcavo","tag-salvador","tag-solar-do-unhao","tag-turismo"],"_links":{"self":[{"href":"https:\/\/www.ultimobaile.com\/index.php?rest_route=\/wp\/v2\/posts\/912","targetHints":{"allow":["GET"]}}],"collection":[{"href":"https:\/\/www.ultimobaile.com\/index.php?rest_route=\/wp\/v2\/posts"}],"about":[{"href":"https:\/\/www.ultimobaile.com\/index.php?rest_route=\/wp\/v2\/types\/post"}],"author":[{"embeddable":true,"href":"https:\/\/www.ultimobaile.com\/index.php?rest_route=\/wp\/v2\/users\/2"}],"replies":[{"embeddable":true,"href":"https:\/\/www.ultimobaile.com\/index.php?rest_route=%2Fwp%2Fv2%2Fcomments&post=912"}],"version-history":[{"count":4,"href":"https:\/\/www.ultimobaile.com\/index.php?rest_route=\/wp\/v2\/posts\/912\/revisions"}],"predecessor-version":[{"id":4427,"href":"https:\/\/www.ultimobaile.com\/index.php?rest_route=\/wp\/v2\/posts\/912\/revisions\/4427"}],"wp:attachment":[{"href":"https:\/\/www.ultimobaile.com\/index.php?rest_route=%2Fwp%2Fv2%2Fmedia&parent=912"}],"wp:term":[{"taxonomy":"category","embeddable":true,"href":"https:\/\/www.ultimobaile.com\/index.php?rest_route=%2Fwp%2Fv2%2Fcategories&post=912"},{"taxonomy":"post_tag","embeddable":true,"href":"https:\/\/www.ultimobaile.com\/index.php?rest_route=%2Fwp%2Fv2%2Ftags&post=912"}],"curies":[{"name":"wp","href":"https:\/\/api.w.org\/{rel}","templated":true}]}}