{"id":900,"date":"2009-03-06T10:28:47","date_gmt":"2009-03-06T13:28:47","guid":{"rendered":"http:\/\/www.ultimobaile.com\/?p=900"},"modified":"2025-12-24T13:03:53","modified_gmt":"2025-12-24T16:03:53","slug":"orquestra-imperial-na-concha","status":"publish","type":"post","link":"https:\/\/www.ultimobaile.com\/?p=900","title":{"rendered":"Orquestra Imperial na Concha"},"content":{"rendered":"<p style=\"TEXT-ALIGN: justify\">Lembrando que hoje tem &#8220;a ressaca oficial do Carnaval de Salvador&#8221;, promovida pela Secretaria de Cultura do Estado da Bahia, na Concha Ac\u00fastica do Teatro Castro Alves.<\/p>\n<p style=\"TEXT-ALIGN: justify\">Comandada pelo Rei Momo eleito, o cantor Ger\u00f4nimo, tem como ponto alto a carioqu\u00e9rrima Orquestra Imperial. De gra\u00e7a, pelo Sua Nota \u00c9 Um Show (programa que troca notas fiscais por ingressos para eventos culturais, criado pelo Governo Paulo Souto).<\/p>\n<p style=\"TEXT-ALIGN: justify\">Um detalhe: Talma de Freitas j\u00e1 disse, e \u00e9 not\u00f3rio, que ela adora tocar no Nordeste &#8211; especialmente em Recife e Salvador. Ou seja: vai ser um showza\u00e7o!<\/p>\n","protected":false},"excerpt":{"rendered":"<p>Lembrando que hoje tem &#8220;a ressaca oficial do Carnaval de Salvador&#8221;, promovida pela Secretaria de Cultura do Estado da Bahia, na Concha Ac\u00fastica do Teatro Castro Alves. Comandada pelo Rei Momo eleito, o cantor Ger\u00f4nimo, tem como ponto alto a carioqu\u00e9rrima Orquestra Imperial. De gra\u00e7a, pelo Sua Nota \u00c9 Um [&hellip;]<\/p>\n","protected":false},"author":2,"featured_media":0,"comment_status":"closed","ping_status":"open","sticky":false,"template":"","format":"standard","meta":{"footnotes":""},"categories":[11,12,9],"tags":[20,215,556,557,518,15,171,200],"class_list":["post-900","post","type-post","status-publish","format-standard","hentry","category-01beber","category-01ver","category-01viver","tag-bahia","tag-concha-acustica","tag-orquestra-imperial","tag-ressaca-de-carnaval","tag-rio-de-janeiro","tag-salvador","tag-tca","tag-teatro-castro-alves"],"_links":{"self":[{"href":"https:\/\/www.ultimobaile.com\/index.php?rest_route=\/wp\/v2\/posts\/900","targetHints":{"allow":["GET"]}}],"collection":[{"href":"https:\/\/www.ultimobaile.com\/index.php?rest_route=\/wp\/v2\/posts"}],"about":[{"href":"https:\/\/www.ultimobaile.com\/index.php?rest_route=\/wp\/v2\/types\/post"}],"author":[{"embeddable":true,"href":"https:\/\/www.ultimobaile.com\/index.php?rest_route=\/wp\/v2\/users\/2"}],"replies":[{"embeddable":true,"href":"https:\/\/www.ultimobaile.com\/index.php?rest_route=%2Fwp%2Fv2%2Fcomments&post=900"}],"version-history":[{"count":1,"href":"https:\/\/www.ultimobaile.com\/index.php?rest_route=\/wp\/v2\/posts\/900\/revisions"}],"predecessor-version":[{"id":901,"href":"https:\/\/www.ultimobaile.com\/index.php?rest_route=\/wp\/v2\/posts\/900\/revisions\/901"}],"wp:attachment":[{"href":"https:\/\/www.ultimobaile.com\/index.php?rest_route=%2Fwp%2Fv2%2Fmedia&parent=900"}],"wp:term":[{"taxonomy":"category","embeddable":true,"href":"https:\/\/www.ultimobaile.com\/index.php?rest_route=%2Fwp%2Fv2%2Fcategories&post=900"},{"taxonomy":"post_tag","embeddable":true,"href":"https:\/\/www.ultimobaile.com\/index.php?rest_route=%2Fwp%2Fv2%2Ftags&post=900"}],"curies":[{"name":"wp","href":"https:\/\/api.w.org\/{rel}","templated":true}]}}