{"id":898,"date":"2009-03-06T10:21:22","date_gmt":"2009-03-06T13:21:22","guid":{"rendered":"http:\/\/www.ultimobaile.com\/?p=898"},"modified":"2025-12-24T13:03:53","modified_gmt":"2025-12-24T16:03:53","slug":"espicha-verao-2009-programacao-parcial-praia-24h","status":"publish","type":"post","link":"https:\/\/www.ultimobaile.com\/?p=898","title":{"rendered":"Espicha Ver\u00e3o 2009 &#8211; Programa\u00e7\u00e3o Parcial &#8211; Praia 24h"},"content":{"rendered":"<p style=\"text-align: justify;\">A Secretaria de Turismo est\u00e1 meio lerda em liberar a programa\u00e7\u00e3o do Espicha Ver\u00e3o 2009. S\u00f3 saiu at\u00e9 agora a do Praia 24h, um dos eventos do Espicha, que acontece no Porto da Barra (Salvador, BA), s\u00e1bados e domingos at\u00e9 o fim da esta\u00e7\u00e3o. E mesmo assim, saiu em blog, quase como um vasamento.<\/p>\n<p style=\"text-align: justify;\">Pra quem n\u00e3o sabe, o Espicha surgiu ano passado porque o ver\u00e3o na pr\u00e1tica ficou muito curto (carnaval acabou antes de 10 de fevereiro), para alongar a alta esta\u00e7\u00e3o. Deu t\u00e3o certo que esse ano setuplicou de tamanho. Haver\u00e1 evento no Porto da Barra, mas tamb\u00e9m no Pelourinho (ano passado j\u00e1 houve, mas n\u00e3o sob o s\u00ealo Espicha Ver\u00e3o, o Passarela Da Alegria Pernambuco Bahia), e no interior em Itacar\u00e9, Praia do Forte (habituada j\u00e1 a dois anos a sediar um festival internacional de jazz, em dezembro), Ilh\u00e9us, Len\u00e7\u00f3is (Chapada Diamantina) e Porto Seguro.<\/p>\n<p style=\"text-align: justify;\">Falta a SETUR a organicidade da SECULT. O Espicha precisaria ter site espec\u00edfico, com a programa\u00e7\u00e3o toda e bom sistema de busca, j\u00e1 semanas antes. Como sempre ocorreu com o Carnaval (cujo site \u00e9 da Prefeitura) e como ocorreu com o Festival Internacional de Artes C\u00eanicas (FIAC), em outubro \u00faltimo.<\/p>\n<p style=\"text-align: justify;\">De qualquer forma, segue abaixo a programa\u00e7\u00e3o do Praia 24h. Lembrando que, al\u00e9m das atra\u00e7\u00f5es, tem feirinha de artesanato no Forte de Santa Maria, :<\/p>\n<p style=\"text-align: justify;\">\n<p style=\"text-align: justify;\"><strong>7 de mar\u00e7o de 2009<\/strong><\/p>\n<p style=\"text-align: justify;\"><strong>HOMENAGEM AO DIA INTERNACIONAL DA MULHER E AOS 100 ANOS DE CARMEM MIRANDA<\/strong><\/p>\n<p style=\"text-align: justify;\">ATRA\u00c7\u00d5ES MUSICAIS<\/p>\n<p style=\"text-align: justify;\">13h-16h Palco ac\u00fastico: novos talentos da cena musical baiana: Stela Maris, Andr\u00e9a Daltro, Noeme Bastos, Cl\u00e9cia Queiroz<br \/>\n16h10-19h Apresenta\u00e7\u00e3o de grupos de cultura popular<br \/>\n19h10-21h Atra\u00e7\u00f5es da cena musical baiana: Claudia Cunha, Juliana Ribeiro, Manuela Rodrigues, Mariela Santiago, Samba das Mo\u00e7as<br \/>\n21h30-23h Convidada especial: Gal Costa<br \/>\n23h10 EME XXI (M\u00e1rcia Short, Karla Visi, K\u00e1tia Guima)<\/p>\n<p style=\"text-align: justify;\">ATIVIDADES CULTURAIS E ESPORTIVAS<\/p>\n<p style=\"text-align: justify;\">16h-19h Mostra de cultura popular: apresenta\u00e7\u00e3o dos grupos Caretas do Acupe (Santo Amaro), Reisado e Paparutas de Ilha do Pati (ambos de S\u00e3o Francisco do Conde) e Chegan\u00e7a Feminina Barca Nova (Saubara).<br \/>\nTeatro de rua com o Grupo Fil\u00f3<br \/>\n17h Instala\u00e7\u00e3o da Pra\u00e7a das Artes, com cria\u00e7\u00e3o coletiva de artistas pl\u00e1sticos tematizada no universo feminino, em frente ao forte Santa Maria<br \/>\nInstala\u00e7\u00e3o de feira de artesanato e de espa\u00e7o de conviv\u00eancia, com estandes e atividades \u201cCoisa de mulher\u201d, \u201cFeira do sagrado\u201d, penteados afro; em estudo charuteira e oleira<br \/>\nInstala\u00e7\u00e3o do espa\u00e7o gastron\u00f4mico, em frente ao Instituto Mau\u00e1<br \/>\nCinema livre Petrobras: exibi\u00e7\u00f5es tematizadas na mulher<br \/>\nPasseios de barco em torno do palco<br \/>\n21h-21h30 Teatro de rua \u2013 grupo Fil\u00f3 (2\u00aa parte)<\/p>\n<p style=\"text-align: justify;\">Dia Internacional da Mulher \u2013 8 de mar\u00e7o<br \/>\n06h Caf\u00e9 da manh\u00e3 regional<br \/>\n06h30 Atividades esportivas, gin\u00e1stica na praia, suingue baiano, peteca etc.<br \/>\n07h Atividades esportivas aqu\u00e1ticas<br \/>\n07h Maratona feminina Ondina-Barra \u2013 trof\u00e9u Marilia dos Santos<\/p>\n<p style=\"text-align: justify;\"><strong>14 DE MAR\u00c7O<br \/>\nCANTO DE AMOR \u00c0 BAHIA \u2013 HOMENAGEM A VINICIUS DE MORAES<\/strong><\/p>\n<p style=\"text-align: justify;\">ATRA\u00c7\u00d5ES MUSICAIS<\/p>\n<p style=\"text-align: justify;\">13h-16h Palco ac\u00fastico: novos talentos da cena musical baiana: Cinho da Matta, Alo\u00edsio Menezes, Banda de Boca, Carlinhos Cor das \u00c1guas<br \/>\n16h10-19h Apresenta\u00e7\u00e3o de grupos de cultura popular e Paruano Sai Milh\u00f3<br \/>\n19h10-21h Atra\u00e7\u00f5es da cena musical baiana: Elp\u00eddio Bastos, Mateus Aleluia, Palmiro e Levita<br \/>\n21h30-23h Atra\u00e7\u00e3o principal: Maria Creuza<br \/>\n23h10 Alexandre Le\u00e3o<\/p>\n<p style=\"text-align: justify;\">ATIVIDADES CULTURAIS E ESPORTIVAS<\/p>\n<p style=\"text-align: justify;\">16h-19h Mostra de cultura popular com o Grupo Arguid\u00e1 (Valen\u00e7a), Terno de Reis Eterna Juventude (Salvador), Congos, Chegan\u00e7a e Reinado (Cairu)<br \/>\nTeatro de rua com o Grupo Fil\u00f3 em performances tematizadas no personagem Vinicius de Moraes<br \/>\n17h Na Pra\u00e7a das Artes (em frente ao forte Santa Maria), cria\u00e7\u00e3o coletiva de artistas pl\u00e1sticos tematizada no personagem Vinicius<br \/>\nFeira de artesanato Espa\u00e7o de conviv\u00eancia, com \u201cFeira do sagrado\u201d, penteados afro e outras atividades<br \/>\nEspa\u00e7o gastron\u00f4mico, em frente ao Instituto Mau\u00e1<br \/>\nCinema livre Petrobras: exibi\u00e7\u00f5es de Barravento e curtas-metragens tematizados no personagem Vinicius de Moraes<br \/>\nPasseios de barco em torno do palco<br \/>\n21h-21h30 Teatro de rua \u2013 grupo Fil\u00f3 (2\u00aa parte)<\/p>\n<p style=\"text-align: justify;\">\n<p style=\"text-align: justify;\"><strong>21 DE MAR\u00c7O<br \/>\nHOMENAGEM AOS 70 ANOS DE GLAUBER ROCHA<\/strong><\/p>\n<p style=\"text-align: justify;\">ATRA\u00c7\u00d5ES MUSICAIS<\/p>\n<p style=\"text-align: justify;\">13h-16h Palco ac\u00fastico: novos talentos da cena musical baiana: Gal do Beco, Beto Nachi, Neto Bala, Tiago Rocha<br \/>\n16h10-19h Apresenta\u00e7\u00e3o da Banda do Habeas Copus e grupos de cultura popular<br \/>\n19h10-21h30 Atra\u00e7\u00f5es da cena musical baiana: Sandra Sim\u00f5es, Nelson Rufino, Edil Pacheco, Paulinho Boca, Lazzo Matumbi<br \/>\n22h-23h Convidada especial da noite: Ava Rocha &amp; Luiz Melodia<br \/>\n23h10 Baile Azul Turquesa, com Walter Queiroz e convidados<\/p>\n<p style=\"text-align: justify;\">ATIVIDADES CULTURAIS E ESPORTIVAS<\/p>\n<p style=\"text-align: justify;\">16h-19h Mostra de cultura popular com os grupos Carnaval de M\u00e1scaras de Maragogipe, Bumba-meu-Boi Ob\u00e1-Ob\u00e1 ou Lindroamor Ax\u00e9 (S\u00e3o Francisco do Conde), Samba de Roda de Maracangalha, Zambiapunga (Tapero\u00e1 ou Nilo Pe\u00e7anha)<br \/>\nTeatro de rua com o Grupo Fil\u00f3 em performances tematizadas no universo glauberiano<br \/>\n17h Na Pra\u00e7a das Artes (em frente ao forte Santa Maria), cria\u00e7\u00e3o coletiva de artistas pl\u00e1sticos tematizada no universo glauberiano<br \/>\nFeira de artesanato<br \/>\nEspa\u00e7o de conviv\u00eancia, com \u201cFeira do sagrado\u201d, penteados afro e outras atividades<br \/>\nEspa\u00e7o gastron\u00f4mico, em frente ao Instituto Mau\u00e1<br \/>\nCinema livre Petrobras: exibi\u00e7\u00f5es de curtas-metragens tematizados no universo f\u00edlmico glauberiano<br \/>\nPasseios de barco em torno do palco<br \/>\n21h30-22h Teatro de rua \u2013 grupo Fil\u00f3 (2\u00aa parte)<\/p>\n","protected":false},"excerpt":{"rendered":"<p>A Secretaria de Turismo est\u00e1 meio lerda em liberar a programa\u00e7\u00e3o do Espicha Ver\u00e3o 2009. S\u00f3 saiu at\u00e9 agora a do Praia 24h, um dos eventos do Espicha, que acontece no Porto da Barra (Salvador, BA), s\u00e1bados e domingos at\u00e9 o fim da esta\u00e7\u00e3o. E mesmo assim, saiu em blog, [&hellip;]<\/p>\n","protected":false},"author":2,"featured_media":0,"comment_status":"closed","ping_status":"open","sticky":false,"template":"","format":"standard","meta":{"footnotes":""},"categories":[11,10,12,9],"tags":[20,555,549,553,551,554,195,326,552,333,15,550],"class_list":["post-898","post","type-post","status-publish","format-standard","hentry","category-01beber","category-01comer","category-01ver","category-01viver","tag-bahia","tag-chapada-diamantina","tag-espicha-verao-2009","tag-ilheus","tag-itacare","tag-lencois","tag-pelourinho","tag-porto-da-barra","tag-porto-seguro","tag-praia-do-forte","tag-salvador","tag-secretaria-de-turismo-do-estado-da-bahia"],"_links":{"self":[{"href":"https:\/\/www.ultimobaile.com\/index.php?rest_route=\/wp\/v2\/posts\/898","targetHints":{"allow":["GET"]}}],"collection":[{"href":"https:\/\/www.ultimobaile.com\/index.php?rest_route=\/wp\/v2\/posts"}],"about":[{"href":"https:\/\/www.ultimobaile.com\/index.php?rest_route=\/wp\/v2\/types\/post"}],"author":[{"embeddable":true,"href":"https:\/\/www.ultimobaile.com\/index.php?rest_route=\/wp\/v2\/users\/2"}],"replies":[{"embeddable":true,"href":"https:\/\/www.ultimobaile.com\/index.php?rest_route=%2Fwp%2Fv2%2Fcomments&post=898"}],"version-history":[{"count":4,"href":"https:\/\/www.ultimobaile.com\/index.php?rest_route=\/wp\/v2\/posts\/898\/revisions"}],"predecessor-version":[{"id":4430,"href":"https:\/\/www.ultimobaile.com\/index.php?rest_route=\/wp\/v2\/posts\/898\/revisions\/4430"}],"wp:attachment":[{"href":"https:\/\/www.ultimobaile.com\/index.php?rest_route=%2Fwp%2Fv2%2Fmedia&parent=898"}],"wp:term":[{"taxonomy":"category","embeddable":true,"href":"https:\/\/www.ultimobaile.com\/index.php?rest_route=%2Fwp%2Fv2%2Fcategories&post=898"},{"taxonomy":"post_tag","embeddable":true,"href":"https:\/\/www.ultimobaile.com\/index.php?rest_route=%2Fwp%2Fv2%2Ftags&post=898"}],"curies":[{"name":"wp","href":"https:\/\/api.w.org\/{rel}","templated":true}]}}