{"id":896,"date":"2009-03-08T01:58:15","date_gmt":"2009-03-08T04:58:15","guid":{"rendered":"http:\/\/www.ultimobaile.com\/?p=896"},"modified":"2025-12-24T13:03:53","modified_gmt":"2025-12-24T16:03:53","slug":"uma-programacao-de-musica-erudita-so-encontrada-nas-grandes-capitais-culturais-mundiais","status":"publish","type":"post","link":"https:\/\/www.ultimobaile.com\/?p=896","title":{"rendered":"&#8220;Uma programa\u00e7\u00e3o de m\u00fasica erudita s\u00f3 encontrada nas grandes capitais culturais mundiais&#8221;"},"content":{"rendered":"<p style=\"text-align: justify;\">\u00c9 assim que Ricardo Castro, regente atual da Sinf\u00f4nica da Bahia (OSBA), define a programa\u00e7\u00e3o desse ano, que inclui a obra sinf\u00f4nica completa de Villa-Lobos &#8211; na s\u00e9rie anual de Concertos Especiais, iniciada dezembro passado na sala principal do majestosamente modernista Teatro Castro Alves (TCA). <\/p>\n<p style=\"text-align: justify;\">Est\u00e3o previstas tamb\u00e9m a manuten\u00e7\u00e3o das Palestras Concertantes, dos Concertos Did\u00e1ticos, da OSBA Itinerante (que vai ao interior com gente do quilate de, por exemplo, Arthur Moreira Lima), e da nova s\u00e9rie Nossos M\u00fasicos Am\u00e9rica Latina &#8211; que prop\u00f5e um interc\u00e2mbio com sinf\u00f4nicas do outros pa\u00edses do continente.<\/p>\n<p style=\"text-align: justify;\">Todos, a exce\u00e7\u00e3o da S\u00e9rie Especial (que tem pre\u00e7os acess\u00edveis), s\u00e3o gratuitos.<\/p>\n<p style=\"text-align: justify;\">Principalmente, a pioneira e sucesso-de-p\u00fablico-e-de-cr\u00edtica (lotou em todas as edi\u00e7\u00f5es, inclusive com pov\u00e3o, que aplaudio de p\u00e9, pediu bis e tudo mais) Mozart nas Igrejas. Que esse ano come\u00e7a agora em mar\u00e7o, dia 25, quarta-feira, na Igreja de S\u00e3o Francisco de Assis. Como \u00e9 um por m\u00eas, at\u00e9 dezembro, podem notar que praticamente dobrou de tamanho o programa.<\/p>\n<p style=\"text-align: justify;\">Pros que n\u00e3o foram, um drops abaixo: Giuleta Koch ao piano, com Ricardo Castro regendo a OSBA, executam o Concerto para Piano e Orquestra K 456, na translumbrante Igreja De Nossa Senhora Da Concei\u00e7\u00e3o Da Praia. <\/p>\n<p><object classid=\"clsid:d27cdb6e-ae6d-11cf-96b8-444553540000\" width=\"425\" height=\"344\" codebase=\"http:\/\/download.macromedia.com\/pub\/shockwave\/cabs\/flash\/swflash.cab#version=6,0,40,0\"><param name=\"allowFullScreen\" value=\"true\" \/><param name=\"allowscriptaccess\" value=\"always\" \/><param name=\"src\" value=\"http:\/\/www.youtube.com\/v\/8uAHFwGmZlk&amp;hl=pt-br&amp;fs=1\" \/><embed type=\"application\/x-shockwave-flash\" width=\"425\" height=\"344\" src=\"http:\/\/www.youtube.com\/v\/8uAHFwGmZlk&amp;hl=pt-br&amp;fs=1\" allowscriptaccess=\"always\" allowfullscreen=\"true\"><\/embed><\/object><\/p>\n<p style=\"text-align: justify;\">O projeto Mozart Nas Igrejas se inspirou no bel\u00edssimo <a href=\"http:\/\/www.vivamusica.com.br\/noticia.php?id=471\" target=\"_blank\">I Festival De M\u00fasica Sacra<\/a>, organizado pelo Cora<a href=\"http:\/\/www.barroconabahia.com.br\/\" target=\"_blank\">l Barroco Na Bahia<\/a>, sempre na Bas\u00edlica dos Jesu\u00edtas, aos domingos de manh\u00e3, em 2007. <\/p>\n<p style=\"text-align: justify;\">(Mas, claro, sempre vale lembrar: Marcio Meirelles \u00e9 um incompetente gostista aloprado, a SECULT n\u00e3o faz nada, blablabla Aninha Franco, M\u00e1rio Kertzs, Pol\u00edtica Livre, Rabo Preso). <\/p>\n","protected":false},"excerpt":{"rendered":"<p>\u00c9 assim que Ricardo Castro, regente atual da Sinf\u00f4nica da Bahia (OSBA), define a programa\u00e7\u00e3o desse ano, que inclui a obra sinf\u00f4nica completa de Villa-Lobos &#8211; na s\u00e9rie anual de Concertos Especiais, iniciada dezembro passado na sala principal do majestosamente modernista Teatro Castro Alves (TCA). Est\u00e3o previstas tamb\u00e9m a manuten\u00e7\u00e3o [&hellip;]<\/p>\n","protected":false},"author":2,"featured_media":0,"comment_status":"closed","ping_status":"open","sticky":false,"template":"","format":"standard","meta":{"footnotes":""},"categories":[12,9],"tags":[20,163,158,161,162,15,114,155,548],"class_list":["post-896","post","type-post","status-publish","format-standard","hentry","category-01ver","category-01viver","tag-bahia","tag-igrejas","tag-mozart","tag-orquestra-sinfonica-da-bahia","tag-osba","tag-salvador","tag-secretaria-de-cultura-do-estado-da-bahia","tag-secult","tag-villa-lobos"],"_links":{"self":[{"href":"https:\/\/www.ultimobaile.com\/index.php?rest_route=\/wp\/v2\/posts\/896","targetHints":{"allow":["GET"]}}],"collection":[{"href":"https:\/\/www.ultimobaile.com\/index.php?rest_route=\/wp\/v2\/posts"}],"about":[{"href":"https:\/\/www.ultimobaile.com\/index.php?rest_route=\/wp\/v2\/types\/post"}],"author":[{"embeddable":true,"href":"https:\/\/www.ultimobaile.com\/index.php?rest_route=\/wp\/v2\/users\/2"}],"replies":[{"embeddable":true,"href":"https:\/\/www.ultimobaile.com\/index.php?rest_route=%2Fwp%2Fv2%2Fcomments&post=896"}],"version-history":[{"count":5,"href":"https:\/\/www.ultimobaile.com\/index.php?rest_route=\/wp\/v2\/posts\/896\/revisions"}],"predecessor-version":[{"id":4429,"href":"https:\/\/www.ultimobaile.com\/index.php?rest_route=\/wp\/v2\/posts\/896\/revisions\/4429"}],"wp:attachment":[{"href":"https:\/\/www.ultimobaile.com\/index.php?rest_route=%2Fwp%2Fv2%2Fmedia&parent=896"}],"wp:term":[{"taxonomy":"category","embeddable":true,"href":"https:\/\/www.ultimobaile.com\/index.php?rest_route=%2Fwp%2Fv2%2Fcategories&post=896"},{"taxonomy":"post_tag","embeddable":true,"href":"https:\/\/www.ultimobaile.com\/index.php?rest_route=%2Fwp%2Fv2%2Ftags&post=896"}],"curies":[{"name":"wp","href":"https:\/\/api.w.org\/{rel}","templated":true}]}}