{"id":884,"date":"2009-03-03T18:27:29","date_gmt":"2009-03-03T21:27:29","guid":{"rendered":"http:\/\/www.ultimobaile.com\/?p=884"},"modified":"2025-12-24T13:03:53","modified_gmt":"2025-12-24T16:03:53","slug":"suspeito-suspeitissimo","status":"publish","type":"post","link":"https:\/\/www.ultimobaile.com\/?p=884","title":{"rendered":"Suspeito&#8230;! suspeit\u00edssimo!&#8230;"},"content":{"rendered":"<p style=\"text-align: justify;\">O leitor que se identifica como Miguel mandou ontem o seguinte coment\u00e1rio, que considero relevante:<\/p>\n<blockquote>\n<p style=\"text-align: justify;\">Acho estranho esse fuzu\u00ea com a SECULT, por conta de Luiz Caldas&#8230; Acho estranh\u00edssimo que a Penta Eventos, que produz Luiz Caldas e tb produz a banda Psirico n\u00e3o tenha conseguido verba pra colocar o &#8220;pai do Ax\u00e9&#8221; em cima de um trio&#8230; Curiosidade: A Penta Eventos, pra quem n\u00e3o sabe, \u00e9 do grupo de ACM Neto&#8230; Deu pra entender o &#8216;x&#8217; da quest\u00e3o?<\/p>\n<\/blockquote>\n<p style=\"text-align: justify;\">Mais preciso n\u00e3o poderia ser. Ou seja: \u00e9 a velha panelinha, como supunhamos, voltando a chiar&#8230; (e eis prova de que Marcio Meirelles acerta, sim, na mosca!)<\/p>\n<p style=\"text-align: justify;\">A orquestra\u00e7\u00e3o contra a rec\u00e9m-nascida (e brilhante) Secretaria de Cultura do Estado da Bahia se d\u00e1 mais ou menos assim:<\/p>\n<p style=\"text-align: justify;\">1) H\u00e1 um momento de apoteose da SECULT, a que algu\u00e9m relevante (eventualmente ligado ao sistema financeiro do carlismo) &#8220;se esquece&#8221; de participar. No <a href=\"https:\/\/www.ultimobaile.com\/?s=FIAC&amp;paged=2\" target=\"_blank\">FIAC<\/a> foi Aninha Franco; agora, \u00e9 Luiz Caldas. Em tempo, eu realmente acho que Aninha n\u00e3o participou do <a href=\"https:\/\/www.ultimobaile.com\/?s=FIAC&amp;paged=2\" target=\"_blank\">FIAC<\/a> por birra ou esquecimento &#8211; n\u00e3o por coopta\u00e7\u00e3o pol\u00edtica. J\u00e1 Lu\u00eds Caldas, bom, voc\u00eas v\u00eaem no coment\u00e1rio que reproduzi acima&#8230;;<\/p>\n<p style=\"text-align: justify;\">2) A imprensa finge que n\u00e3o v\u00ea, ao m\u00e1ximo que pode, a apoteose que ocorre. No Carnaval, agora, n\u00e3o deu pra fingir tanto. Primeiro porque n\u00e3o d\u00e1 pra n\u00e3o dilvugar os Novos Baianos todinho em cima de um trio, de gra\u00e7a, duas vezes, ou Mariene de Castro nas mesmas condi\u00e7\u00f5es. Depois, porque a divulga\u00e7\u00e3o no Carnaval \u00e9 ao vivo, presencial e boca-a-boca: a televis\u00e3o, o jornal impresso, e mesmo a internet caem a grau quase zero de import\u00e2ncia;<\/p>\n<p style=\"text-align: justify;\">3) Passada a efervec\u00eancia, a m\u00eddia, a oposi\u00e7\u00e3o carlista (e burra), e o artista que por &#8220;esquecimento&#8221; n\u00e3o participou come\u00e7am a atacar os acertos da SECULT como se erros fossem.<\/p>\n<p style=\"text-align: justify;\">Agora, notem que neste epis\u00f3dio em espec\u00edfico, a quest\u00e3o \u00e9 de financiamento eleitoral no fim das contas: como Grampinho (vulgo ACM, O Neto) vai doar dinheiro a si pr\u00f3prio na pr\u00f3xima campanha majorit\u00e1ria em que ir\u00e1 perder?!<\/p>\n<p style=\"text-align: justify;\">De resto, queriam Lu\u00eds Caldas em trio p\u00fablico?! Eu tamb\u00e9m! Mas o Carnaval de Salvador \u00e9 gerido pelo <strong>munic\u00edpcio<\/strong> de Salvador: est\u00e1 l\u00e1 na Lei Org\u00e2nica. E se o Governo do Estado tentasse descumprir isso, haveria chiadeira na cidade e da oposi\u00e7\u00e3o (e minha at\u00e9, que sou legalista). A quest\u00e3o \u00e9: por que Jo\u00e3o Henrique, prefeito da capital, n\u00e3o bancou? E mais: por que os insatisfeitos n\u00e3o cobram dele?<\/p>\n","protected":false},"excerpt":{"rendered":"<p>O leitor que se identifica como Miguel mandou ontem o seguinte coment\u00e1rio, que considero relevante: Acho estranho esse fuzu\u00ea com a SECULT, por conta de Luiz Caldas&#8230; Acho estranh\u00edssimo que a Penta Eventos, que produz Luiz Caldas e tb produz a banda Psirico n\u00e3o tenha conseguido verba pra colocar o [&hellip;]<\/p>\n","protected":false},"author":2,"featured_media":0,"comment_status":"closed","ping_status":"open","sticky":false,"template":"","format":"standard","meta":{"footnotes":""},"categories":[13,9],"tags":[89,320,20,85,242,422,88,542,152,123,15,114,155],"class_list":["post-884","post","type-post","status-publish","format-standard","hentry","category-01ler","category-01viver","tag-acm-neto","tag-aninha-franco","tag-bahia","tag-carlismo","tag-dem","tag-governo-da-bahia","tag-grampinho","tag-luis-caldas","tag-marcio-meirelles","tag-pfl","tag-salvador","tag-secretaria-de-cultura-do-estado-da-bahia","tag-secult"],"_links":{"self":[{"href":"https:\/\/www.ultimobaile.com\/index.php?rest_route=\/wp\/v2\/posts\/884","targetHints":{"allow":["GET"]}}],"collection":[{"href":"https:\/\/www.ultimobaile.com\/index.php?rest_route=\/wp\/v2\/posts"}],"about":[{"href":"https:\/\/www.ultimobaile.com\/index.php?rest_route=\/wp\/v2\/types\/post"}],"author":[{"embeddable":true,"href":"https:\/\/www.ultimobaile.com\/index.php?rest_route=\/wp\/v2\/users\/2"}],"replies":[{"embeddable":true,"href":"https:\/\/www.ultimobaile.com\/index.php?rest_route=%2Fwp%2Fv2%2Fcomments&post=884"}],"version-history":[{"count":7,"href":"https:\/\/www.ultimobaile.com\/index.php?rest_route=\/wp\/v2\/posts\/884\/revisions"}],"predecessor-version":[{"id":4431,"href":"https:\/\/www.ultimobaile.com\/index.php?rest_route=\/wp\/v2\/posts\/884\/revisions\/4431"}],"wp:attachment":[{"href":"https:\/\/www.ultimobaile.com\/index.php?rest_route=%2Fwp%2Fv2%2Fmedia&parent=884"}],"wp:term":[{"taxonomy":"category","embeddable":true,"href":"https:\/\/www.ultimobaile.com\/index.php?rest_route=%2Fwp%2Fv2%2Fcategories&post=884"},{"taxonomy":"post_tag","embeddable":true,"href":"https:\/\/www.ultimobaile.com\/index.php?rest_route=%2Fwp%2Fv2%2Ftags&post=884"}],"curies":[{"name":"wp","href":"https:\/\/api.w.org\/{rel}","templated":true}]}}