{"id":867,"date":"2009-02-27T10:20:12","date_gmt":"2009-02-27T13:20:12","guid":{"rendered":"http:\/\/www.ultimobaile.com\/?p=867"},"modified":"2025-12-24T13:03:53","modified_gmt":"2025-12-24T16:03:53","slug":"as-viuvas-do-axezismo","status":"publish","type":"post","link":"https:\/\/www.ultimobaile.com\/?p=867","title":{"rendered":"As Vi\u00favas do Axezismo"},"content":{"rendered":"<p style=\"text-align: justify;\">Prometi escrever uma cr\u00edtica \u00e0 pol\u00edtica de museus da gest\u00e3o Marcio Meirelles hoje. Disse que assim o faria porque pareceu-me que ficou claro, sen\u00e3o aos auto-conflagrados g\u00eanios da cr\u00edtica-cult (leia sem o T final) bahiana, ao menos \u00e0 popula\u00e7\u00e3o como um todo, as qualidades geniais da Secretaria Estadual de Cultura atual.<\/p>\n<p style=\"text-align: justify;\">Mas, ao ler o <a href=\"http:\/\/politicalivre.com.br\/?p=10331\" target=\"_blank\">Pol\u00edtica Livre<\/a> ontem, tomei um susto! Eles criticam o que se deveria elogiar, e deixam de criticar o que se deveria &#8211; repetindo localmente o mau-h\u00e1bito da imprensa paulistana (o que n\u00e3o deixa de soar como um colonialismo mofado e, sim, carlista). E terei de protelar mais uma vez.<\/p>\n<p style=\"text-align: justify;\">Sen\u00e3o vejamos os vitup\u00e9rios dos que escrevem nesse blog, que at\u00e9 ent\u00e3o eu supunha independente, mas que est\u00e1 obviamente ligado ao marronzismo oligofr\u00eanico do jornal Tribuna da Bahia:<\/p>\n<blockquote>\n<p style=\"text-align: justify;\">\u00c9 fato: a presun\u00e7\u00e3o, mais do que a eventual incompet\u00eancia, de M\u00e1rcio Meirelles est\u00e1 concorrendo para coloc\u00e1-lo no pante\u00e3o dos piores secret\u00e1rios do governo Jaques Wagner, cuja imagem tem sido constantemente golpeada pelos flancos que o representante oficial da pasta da Cultura se encarrega de abrir.<\/p>\n<p style=\"text-align: justify;\">Agora, se n\u00e3o vier a p\u00fablico explicar devidamente o motivo porque resolveu patrocinar na festa de maior visibilidade do Estado, com dinheiro p\u00fablico, atra\u00e7\u00f5es completamente estrangeiras \u00e0 folia, inclusive por seu car\u00e1ter elitista, Meirelles vai acabar tendo que engolir as acusa\u00e7\u00f5es de que fez uma \u201ca\u00e7\u00e3o entre amigos\u201d neste Carnaval.<\/p>\n<p style=\"text-align: justify;\">Afinal, qual \u00e9 o prop\u00f3sito de colocar na avenida gente como Otto, Arto Lindsay, Galerinha e um punhado de artistas cujo valor est\u00e9tico e conceitual pode at\u00e9 n\u00e3o se discutir, mas que tiveram, em alguns casos, desempenho melanc\u00f3lico sobre o palco andante dos trios pagos pelo \u2018governo de todos n\u00f3s\u2019?<\/p>\n<p style=\"text-align: justify;\">Quer o secret\u00e1rio, que ganhou o apelido de Macbeth da Prov\u00edncia, proporcionar ideologicamente uma reinven\u00e7\u00e3o do Carnaval baiano atrav\u00e9s de \u201cli\u00e7\u00f5es\u201d ao foli\u00e3o ou aos artistas locais de uma forma grotescamente inorg\u00e2nica? Ou projeta simplesmente \u201cuniversalizar\u201d com a festa seu gostinho particular com dinheiro coletivo?<\/p>\n<\/blockquote>\n<p style=\"text-align: justify;\">O artigo segue no mesmo baixo-n\u00edvel, ou peior. N\u00e3o reproduzo o resto aqui em respeito aos meus leitores.<\/p>\n<p style=\"text-align: justify;\">Aqui, algumas explica\u00e7\u00f5es. Primeiro, n\u00e3o preciso dizer que n\u00e3o acho Marcio incompetente em cousa alguma (at\u00e9 mesmo na pol\u00edtica museol\u00f3gica, que critico por outros motivos, pelo rumo que tomou, mas rumo esse que n\u00e3o \u00e9 em si incompetente).<\/p>\n<p style=\"text-align: justify;\">N\u00e3o precisa &#8220;vir a p\u00fablico&#8221; explicar porque optou por incentivar um carnaval sem cordas, com ritmos musicais diversos, e que em sua maioria remontam \u00e0s origens do carnaval (as guitarras bahianas do Retrofoguetes, o samba-de-roda de Mariene de Castro, o samba partido alto de Nelson Rufino, e os prim\u00f3rdios do ax\u00e9-music com SaraJane, Tonho Mat\u00e9ria, Bandas Furtacor e Reflexus). Porque esta \u00e9 uma demanda antiga de toda uma gera\u00e7\u00e3o que cresceu sob a &#8220;mesmice&#8221; (no dizer de Antonio Ris\u00e9rio) do axezismo, que n\u00e3o permitia que nada mais surgisse.<\/p>\n<p style=\"text-align: justify;\">Demanda n\u00e3o apenas da classe m\u00e9dia a que perten\u00e7o, mas de boa parte dos que foram adolescentes juntos comigo, e oriundos de classe mais pobre, queriam algo al\u00e9m do &#8220;pagod\u00e3o&#8221; ent\u00e3o reinante.<\/p>\n<p style=\"text-align: justify;\">Mais ainda, tudo isso foi dito e discutido publicamente, na discuss\u00e3o p\u00fablica sobre o carnaval ocorrida em Salvador no Teatro Vila Velha em outubro de 2007 (e tamb\u00e9m em Recife e Rio de Janeiro &#8211; ou seja: nos tr\u00eas maiores carnavais do planeta).<\/p>\n<p style=\"text-align: justify;\">O Pol\u00edtica Livre que ora reclama da diversidade, era o mesmo que reclamava da mediocridade tir\u00e2nica do axezismo. Ou seja: eles gostam mesmo \u00e9 de reclamar. Se melhorar, fica ruim.<\/p>\n<p style=\"text-align: justify;\">Isso tamb\u00e9m tem a ver com aproximar-se do modelo bem-sucedido de carnaval p\u00fablico e descentralizado de Recife. Minha gera\u00e7\u00e3o, a que mais sofreu com o carlo-axezismo (inclusive apanhando da PM dentro do Campus de Direito da UFBA, em 2001), sempre reclamou uma maior proximidade com Recife. Est\u00e1 sendo feito. Ano passado, por exemplo, no <em>Passarela Da Alegria &#8211; Pernambuco Bahia<\/em> (um dos eventos do <em>Espicha Ver\u00e3o<\/em>), a <em>Orquestra Popular da Bomba do Hemet\u00e9rio<\/em>, de l\u00e1, veio tocar aqui, de gra\u00e7a.<\/p>\n<p style=\"text-align: justify;\">Da\u00ed a presen\u00e7a de Otto, que sempre tocou no palco do Rec-Beat (hoje no Cais da Alf\u00e2ndega, antes na Rua da Moeda, Recife Antigo). Arto Lindsay sempre produziu trio pr\u00f3prio por aqui.<\/p>\n<p style=\"text-align: justify;\">A concorr\u00eancia para os trios da SECULT foi ampla e transparente. Gente muito boa, como o pessoal de O C\u00edrculo, se inscreveu e n\u00e3o foi selecionado. E n\u00e3o por falta de qualidade ou por &#8220;N\u00e3o estar ao gosto de Marcio&#8221; (que ali\u00e1s, j\u00e1 deixou claro que simpatiza e muito com o trabalho de Pedro Pond\u00e9, a quem a SECULT patrocina no Bahia de Todos os Sons).<\/p>\n<p style=\"text-align: justify;\">De resto, esses escrevinhantes do Pol\u00edtica Livre parece que n\u00e3o pisaram na rua, e n\u00e3o pulam pipoca: TODOS os trios da Secretaria de Cultura arrastaram multid\u00f5es. Em parte, gente que n\u00e3o ia ao carnaval porque n\u00e3o suportava o gosto monocordio e imposto pelo capital (embora o carnaval de Salvador nunca tenha sido s\u00f3 do ax\u00e9-music, a prova disso inclusive sou eu que sempre pulei fora da corda e nunca gostei de ax\u00e9). Mas boa parte do pov\u00e3o carnavalesco de sempre, que parecia adorar conhecer novos ritmos poss\u00edveis no carnaval.<\/p>\n<p style=\"text-align: justify;\">Sim, o Secret\u00e1rio quer dar &#8220;li\u00e7\u00f5es&#8221; de como se faz um carnaval diferente &#8211; li\u00e7\u00f5es n\u00e3o ao povo, mas ao empresariado feudal de Salvador. Estas &#8220;li\u00e7\u00f5es&#8221; fazem parte de um projeto mais amplos de acentuar o di\u00e1logo entre os tr\u00eas grandes carnavais do pa\u00eds. Projeto esse que \u00e9 comum aos governadores da Bahia, Pernambuco e Rio de Janeiro.<\/p>\n<p style=\"text-align: justify;\">Donde se conclui que o Pol\u00edtica Livre nada entende de carnaval. Nem de cultura.<\/p>\n<p style=\"text-align: justify;\">E que Marcio Meirelles foi mais bem sucedido do que se supunha nessa investida contra o monop\u00f3lio: a quantidade de adjetivos pejorativos, aliado a falta de argumentos, do Pol\u00edtica Livre deixa claro que \u00e9 puro ressentimento, ou dor no bolso, dessa galerinha de Joaquim Nery (que \u00e9 dono de col\u00e9gio e de bloco de ax\u00e9 ao mesmo tempo &#8211; um ox\u00edmoro!) e do Tribuna da Bahia.<\/p>\n<p style=\"text-align: justify;\">Na pr\u00e1tica, recomendo: des-assine o Pol\u00edtica Livre! Eles t\u00eam horror a democracia! E prestam um des-servi\u00e7o: des-informam o leitor. \u00c9 um des-blog de des-jornalismo! E me d\u00f3i dizer isso, porque j\u00e1 o usei como fonte de informa\u00e7\u00e3o at\u00e9 mesmo aqui. Des-assine: eu j\u00e1 des-assinei ontem.<\/p>\n","protected":false},"excerpt":{"rendered":"<p>Prometi escrever uma cr\u00edtica \u00e0 pol\u00edtica de museus da gest\u00e3o Marcio Meirelles hoje. Disse que assim o faria porque pareceu-me que ficou claro, sen\u00e3o aos auto-conflagrados g\u00eanios da cr\u00edtica-cult (leia sem o T final) bahiana, ao menos \u00e0 popula\u00e7\u00e3o como um todo, as qualidades geniais da Secretaria Estadual de Cultura [&hellip;]<\/p>\n","protected":false},"author":2,"featured_media":0,"comment_status":"closed","ping_status":"open","sticky":false,"template":"","format":"standard","meta":{"footnotes":""},"categories":[12,9],"tags":[79,78,20,532,522,140,533,152,531,77,15,114,155],"class_list":["post-867","post","type-post","status-publish","format-standard","hentry","category-01ver","category-01viver","tag-anti-axezismo","tag-axezismo","tag-bahia","tag-blog","tag-carnaval-2009","tag-jaques-wagner","tag-jornalismo-marrom","tag-marcio-meirelles","tag-politica-livre","tag-pos-axezismo","tag-salvador","tag-secretaria-de-cultura-do-estado-da-bahia","tag-secult"],"_links":{"self":[{"href":"https:\/\/www.ultimobaile.com\/index.php?rest_route=\/wp\/v2\/posts\/867","targetHints":{"allow":["GET"]}}],"collection":[{"href":"https:\/\/www.ultimobaile.com\/index.php?rest_route=\/wp\/v2\/posts"}],"about":[{"href":"https:\/\/www.ultimobaile.com\/index.php?rest_route=\/wp\/v2\/types\/post"}],"author":[{"embeddable":true,"href":"https:\/\/www.ultimobaile.com\/index.php?rest_route=\/wp\/v2\/users\/2"}],"replies":[{"embeddable":true,"href":"https:\/\/www.ultimobaile.com\/index.php?rest_route=%2Fwp%2Fv2%2Fcomments&post=867"}],"version-history":[{"count":8,"href":"https:\/\/www.ultimobaile.com\/index.php?rest_route=\/wp\/v2\/posts\/867\/revisions"}],"predecessor-version":[{"id":4434,"href":"https:\/\/www.ultimobaile.com\/index.php?rest_route=\/wp\/v2\/posts\/867\/revisions\/4434"}],"wp:attachment":[{"href":"https:\/\/www.ultimobaile.com\/index.php?rest_route=%2Fwp%2Fv2%2Fmedia&parent=867"}],"wp:term":[{"taxonomy":"category","embeddable":true,"href":"https:\/\/www.ultimobaile.com\/index.php?rest_route=%2Fwp%2Fv2%2Fcategories&post=867"},{"taxonomy":"post_tag","embeddable":true,"href":"https:\/\/www.ultimobaile.com\/index.php?rest_route=%2Fwp%2Fv2%2Ftags&post=867"}],"curies":[{"name":"wp","href":"https:\/\/api.w.org\/{rel}","templated":true}]}}