{"id":849,"date":"2009-02-10T18:13:18","date_gmt":"2009-02-10T21:13:18","guid":{"rendered":"http:\/\/www.ultimobaile.com\/?p=849"},"modified":"2025-12-24T13:03:53","modified_gmt":"2025-12-24T16:03:53","slug":"adeus-axezismo","status":"publish","type":"post","link":"https:\/\/www.ultimobaile.com\/?p=849","title":{"rendered":"Adeus, Axezismo!"},"content":{"rendered":"<p>Do Di\u00e1rio Oficial do Estado da Bahia, de hoje:<\/p>\n<blockquote>\n<blockquote class=\"western\" style=\"text-align: justify;\"><p><span style=\"font-family: Arial, sans-serif;\"><span style=\"font-size: small;\">Licita\u00e7\u00e3o \u2013 Pela primeira vez, foram licitados quatro trios el\u00e9tricos que v\u00e3o ampliar a participa\u00e7\u00e3o do foli\u00e3o pipoca na festa, incorporando a diversidade musical baiana por meio de g\u00eaneros e ritmos musicais, como o samba-de-roda, o rock, o reggae, o ijex\u00e1, a percuss\u00e3o dos blocos afros, a guitarra baiana e a m\u00fasica eletr\u00f4nica.<\/span><\/span><\/p><\/blockquote>\n<blockquote class=\"western\" style=\"text-align: justify;\"><p><span style=\"font-family: Arial, sans-serif;\"><span style=\"font-size: small;\">A escolha das atra\u00e7\u00f5es, que far\u00e3o 20 desfiles em seis dias, foi feita por interm\u00e9dio de curadoria e de sele\u00e7\u00e3o p\u00fablica. Segundo Meireles, o Conselho Municipal do Carnaval garante que os trios licitados ter\u00e3o um bom lugar na fila dos desfiles, saindo em hor\u00e1rios de grande visibilidade \u2013 das 12 a 00h, nos dois circuitos da folia, o Dod\u00f4 (Barra-Ondina) e Osmar (Campo Grande).<\/span><\/span><\/p><\/blockquote>\n<blockquote class=\"western\" style=\"text-align: justify;\"><p><span style=\"font-family: Arial, sans-serif;\"><span style=\"font-size: small;\">O carro-chefe da programa\u00e7\u00e3o ser\u00e1 o trio Novos Baianos 40 anos, que reunir\u00e1 outra vez quatro (Paulinho Boca de Cantor, Baby do Brasil, Pepeu Gomes e Galv\u00e3o) dos cinco baianos p\u00f3s-tropicalistas que fizeram uma verdadeira revolu\u00e7\u00e3o musical, misturando o rock e o samba. O trio sair\u00e1 nos circuitos Dod\u00f4 e Osmar.<\/span><\/span><\/p><\/blockquote>\n<blockquote class=\"western\" style=\"text-align: justify;\"><p><span style=\"font-family: Arial, sans-serif;\"><span style=\"font-size: small;\">Samba e rock \u2013 J\u00e1 o Trio do Samba, comandado por Edil Pacheco, Nelson Rufino e Valmir Lima e o Trio do Rec\u00f4ncavo, com Mariene de Castro, Roberto Mendes e Raimundo Sodr\u00e9, sair\u00e1 no circuito Osmar. O Trio do Rec\u00f4ncavo desfilar\u00e1 em dois circuitos e vai contar com a participa\u00e7\u00e3o de grupos populares de samba-de-roda.<\/span><\/span><\/p><\/blockquote>\n<blockquote class=\"western\" style=\"text-align: justify;\"><p><strong><span style=\"font-family: Arial, sans-serif;\"><span style=\"font-size: small;\">O trio Rock Nova Tend\u00eancias trar\u00e1, pela primeira vez, para o circuito oficial, o Retrofolia, O Baile de Carnaval dos Retrofoguetes<\/span><\/span><\/strong><span style=\"font-family: Arial, sans-serif;\"><span style=\"font-size: small;\">  <\/span><\/span><em><span style=\"font-family: Arial, sans-serif;\"><span style=\"font-size: small;\">(grifo nosso, ver coment\u00e1rio abaixo) <\/span><\/span><\/em><span style=\"font-family: Arial, sans-serif;\"><span style=\"font-size: small;\">que, al\u00e9m do repert\u00f3rio de surfmusic e rockabilly, executar\u00e1 uma sele\u00e7\u00e3o especial composta por marchinhas cl\u00e1ssicas e sucessos do Trio El\u00e9trico Armandinho Dod\u00f4 e Osmar.<\/span><\/span><\/p><\/blockquote>\n<blockquote class=\"western\" style=\"text-align: justify;\"><p><span style=\"font-family: Arial, sans-serif;\"><span style=\"font-size: small;\">Homenagem \u2013 J\u00e1 a ax\u00e9 music ser\u00e1 homenageada com o trio Anos 80, comandado pelos pioneiros do ritmo, como Sarajane, Ademar e Banda Furta Cor e M\u00e1rcia Short. Outros dois trios instrumentais v\u00e3o unir guitarras e percuss\u00e3o.<\/span><\/span><\/p><\/blockquote>\n<blockquote class=\"western\" style=\"text-align: left;\"><p><span style=\"font-family: Arial, sans-serif;\"><span style=\"font-size: small;\">(&#8230;)<\/span><\/span><\/p><\/blockquote>\n<blockquote class=\"western\" style=\"text-align: justify;\"><p><span style=\"font-family: Arial, sans-serif;\"><span style=\"font-size: small;\">Sele\u00e7\u00e3o p\u00fablica \u2013 As oito atra\u00e7\u00f5es selecionadas, entre 90 projetos inscritos, ser\u00e3o divulgadas amanh\u00e3. &#8220;\u00c9 a primeira vez que temos um programa claro de apoio ao Carnaval do foli\u00e3o pipoca e que visa a renova\u00e7\u00e3o art\u00edstico-musical da festa&#8221;, afirmou o secret\u00e1rio Meireles.<\/span><\/span><\/p>\n<\/blockquote>\n<\/blockquote>\n<p style=\"text-align: justify;\"><span style=\"text-decoration: underline;\">Coment\u00e1rio:<\/span> Eu falei que o Retrofolia, no ano de 2008, foi um marco na retomada p\u00f3s-axez\u00edsistica, n\u00e3o falei?! Eu estava l\u00e1: eu vi! eu vivi! Eu ouvi Morot\u00f3 tocando, em rock, frevo el\u00e9trico, e mandando igualmente calarem-se os rockeiros ranhetas e os axezeiros dementes. E foi lindo!<\/p>\n<blockquote>\n<p align=\"left\">\n<\/blockquote>\n","protected":false},"excerpt":{"rendered":"<p>Do Di\u00e1rio Oficial do Estado da Bahia, de hoje: Licita\u00e7\u00e3o \u2013 Pela primeira vez, foram licitados quatro trios el\u00e9tricos que v\u00e3o ampliar a participa\u00e7\u00e3o do foli\u00e3o pipoca na festa, incorporando a diversidade musical baiana por meio de g\u00eaneros e ritmos musicais, como o samba-de-roda, o rock, o reggae, o ijex\u00e1, [&hellip;]<\/p>\n","protected":false},"author":2,"featured_media":0,"comment_status":"closed","ping_status":"open","sticky":false,"template":"","format":"standard","meta":{"footnotes":""},"categories":[11,12,9],"tags":[520,79,78,20,66,422,152,15,114],"class_list":["post-849","post","type-post","status-publish","format-standard","hentry","category-01beber","category-01ver","category-01viver","tag-520","tag-anti-axezismo","tag-axezismo","tag-bahia","tag-carnaval","tag-governo-da-bahia","tag-marcio-meirelles","tag-salvador","tag-secretaria-de-cultura-do-estado-da-bahia"],"_links":{"self":[{"href":"https:\/\/www.ultimobaile.com\/index.php?rest_route=\/wp\/v2\/posts\/849","targetHints":{"allow":["GET"]}}],"collection":[{"href":"https:\/\/www.ultimobaile.com\/index.php?rest_route=\/wp\/v2\/posts"}],"about":[{"href":"https:\/\/www.ultimobaile.com\/index.php?rest_route=\/wp\/v2\/types\/post"}],"author":[{"embeddable":true,"href":"https:\/\/www.ultimobaile.com\/index.php?rest_route=\/wp\/v2\/users\/2"}],"replies":[{"embeddable":true,"href":"https:\/\/www.ultimobaile.com\/index.php?rest_route=%2Fwp%2Fv2%2Fcomments&post=849"}],"version-history":[{"count":6,"href":"https:\/\/www.ultimobaile.com\/index.php?rest_route=\/wp\/v2\/posts\/849\/revisions"}],"predecessor-version":[{"id":4436,"href":"https:\/\/www.ultimobaile.com\/index.php?rest_route=\/wp\/v2\/posts\/849\/revisions\/4436"}],"wp:attachment":[{"href":"https:\/\/www.ultimobaile.com\/index.php?rest_route=%2Fwp%2Fv2%2Fmedia&parent=849"}],"wp:term":[{"taxonomy":"category","embeddable":true,"href":"https:\/\/www.ultimobaile.com\/index.php?rest_route=%2Fwp%2Fv2%2Fcategories&post=849"},{"taxonomy":"post_tag","embeddable":true,"href":"https:\/\/www.ultimobaile.com\/index.php?rest_route=%2Fwp%2Fv2%2Ftags&post=849"}],"curies":[{"name":"wp","href":"https:\/\/api.w.org\/{rel}","templated":true}]}}