{"id":843,"date":"2009-02-02T00:01:38","date_gmt":"2009-02-02T03:01:38","guid":{"rendered":"http:\/\/www.ultimobaile.com\/?p=843"},"modified":"2025-12-24T13:03:53","modified_gmt":"2025-12-24T16:03:53","slug":"da-capital-imperial","status":"publish","type":"post","link":"https:\/\/www.ultimobaile.com\/?p=843","title":{"rendered":"Da Capital Imperial"},"content":{"rendered":"<p style=\"text-align: justify;\">Linda, e sendo; e sendo, e linda, o Rio de Janeiro continua.<\/p>\n<p style=\"text-align: justify;\">E eu, que c\u00e1 n\u00e3o venho h\u00e1 d\u00e9cada, que c\u00e1 vim sempre desde menino, e que c\u00e1 nunca vim sem minha fam\u00edlia, estou no desvairismo praiano da <em>Banda de Ipanema<\/em> e do <em>Simpatia Quase Amor<\/em>, do<em> Sovaco de Cristo<\/em>, da Lapa e da <em>Orquestra Imperial<\/em>.<\/p>\n<p style=\"text-align: justify;\">Portanto, nada de blogagem at\u00e9 eu voltar pra Diasp\u00f3rica, dia 16 de fevereiro. Sim, carnaval eu passo em casa, na Capital Barroca Redidiva (e p\u00f3s-moderna muito antes de virar moda) de S\u00e3o Salvador da Ba\u00eda de Todos os Santos, no maior e (segundo) melhor do mundo (em defer\u00eancia a Recife &amp; Olinda, que por ser dois-em-um-vem-de-brinde, fica com o primeiro lugar). T\u00f4 de f\u00e9rias, e merecidas. Sob as ben\u00e7\u00e3os de Nossa Senhora da Gl\u00f3ria e do Cristo Corcovado.<\/p>\n","protected":false},"excerpt":{"rendered":"<p>Linda, e sendo; e sendo, e linda, o Rio de Janeiro continua. E eu, que c\u00e1 n\u00e3o venho h\u00e1 d\u00e9cada, que c\u00e1 vim sempre desde menino, e que c\u00e1 nunca vim sem minha fam\u00edlia, estou no desvairismo praiano da Banda de Ipanema e do Simpatia Quase Amor, do Sovaco de [&hellip;]<\/p>\n","protected":false},"author":2,"featured_media":0,"comment_status":"closed","ping_status":"open","sticky":false,"template":"","format":"standard","meta":{"footnotes":""},"categories":[9],"tags":[519,518],"class_list":["post-843","post","type-post","status-publish","format-standard","hentry","category-01viver","tag-ferias","tag-rio-de-janeiro"],"_links":{"self":[{"href":"https:\/\/www.ultimobaile.com\/index.php?rest_route=\/wp\/v2\/posts\/843","targetHints":{"allow":["GET"]}}],"collection":[{"href":"https:\/\/www.ultimobaile.com\/index.php?rest_route=\/wp\/v2\/posts"}],"about":[{"href":"https:\/\/www.ultimobaile.com\/index.php?rest_route=\/wp\/v2\/types\/post"}],"author":[{"embeddable":true,"href":"https:\/\/www.ultimobaile.com\/index.php?rest_route=\/wp\/v2\/users\/2"}],"replies":[{"embeddable":true,"href":"https:\/\/www.ultimobaile.com\/index.php?rest_route=%2Fwp%2Fv2%2Fcomments&post=843"}],"version-history":[{"count":4,"href":"https:\/\/www.ultimobaile.com\/index.php?rest_route=\/wp\/v2\/posts\/843\/revisions"}],"predecessor-version":[{"id":4438,"href":"https:\/\/www.ultimobaile.com\/index.php?rest_route=\/wp\/v2\/posts\/843\/revisions\/4438"}],"wp:attachment":[{"href":"https:\/\/www.ultimobaile.com\/index.php?rest_route=%2Fwp%2Fv2%2Fmedia&parent=843"}],"wp:term":[{"taxonomy":"category","embeddable":true,"href":"https:\/\/www.ultimobaile.com\/index.php?rest_route=%2Fwp%2Fv2%2Fcategories&post=843"},{"taxonomy":"post_tag","embeddable":true,"href":"https:\/\/www.ultimobaile.com\/index.php?rest_route=%2Fwp%2Fv2%2Ftags&post=843"}],"curies":[{"name":"wp","href":"https:\/\/api.w.org\/{rel}","templated":true}]}}