{"id":831,"date":"2009-01-28T08:01:36","date_gmt":"2009-01-28T11:01:36","guid":{"rendered":"http:\/\/www.ultimobaile.com\/?p=831"},"modified":"2025-12-24T13:03:53","modified_gmt":"2025-12-24T16:03:53","slug":"barrigada","status":"publish","type":"post","link":"https:\/\/www.ultimobaile.com\/?p=831","title":{"rendered":"Barrigada!"},"content":{"rendered":"<p style=\"text-align: justify;\">A participa\u00e7\u00e3o da Formid\u00e1vel Fam\u00edlia Musical na edi\u00e7\u00e3o deste domingo do <em>Bahia de Todos os Sons<\/em>, da banda O C\u00edrculo, foi cancelada &#8211; o que se foi divulgado ontem.<\/p>\n<p style=\"text-align: justify;\">Como pr\u00eamio de consola\u00e7\u00e3o fica a\u00ed a mais nova m\u00fasica do C\u00edrculo, in\u00e9dita, que t\u00eam tocado sempre no B<em>ahia de Todos os Sons<\/em>. M\u00fasica feita pelo bardo Pedro Pond\u00e9 para sua filha, por ocasi\u00e3o de ela aprender a andar.<\/p>\n<p style=\"text-align: justify;\">\n<p><object classid=\"clsid:d27cdb6e-ae6d-11cf-96b8-444553540000\" width=\"425\" height=\"344\" codebase=\"http:\/\/download.macromedia.com\/pub\/shockwave\/cabs\/flash\/swflash.cab#version=6,0,40,0\"><param name=\"allowFullScreen\" value=\"true\" \/><param name=\"allowscriptaccess\" value=\"always\" \/><param name=\"src\" value=\"http:\/\/www.youtube.com\/v\/9PFmADpNGB4&amp;hl=pt-br&amp;fs=1\" \/><embed type=\"application\/x-shockwave-flash\" width=\"425\" height=\"344\" src=\"http:\/\/www.youtube.com\/v\/9PFmADpNGB4&amp;hl=pt-br&amp;fs=1\" allowscriptaccess=\"always\" allowfullscreen=\"true\"><\/embed><\/object><\/p>\n<p>Bel\u00edssima can\u00e7\u00e3o. Quem quiser baixar em Mp3, o link \u00e9: <a href=\"http:\/\/www.4shared.com\/file\/76403014\/afbda6f6\/Feliz.html\" target=\"_blank\">http:\/\/www.4shared.com\/file\/76403014\/afbda6f6\/<strong>Feliz<\/strong>.html<\/a><\/p>\n","protected":false},"excerpt":{"rendered":"<p>A participa\u00e7\u00e3o da Formid\u00e1vel Fam\u00edlia Musical na edi\u00e7\u00e3o deste domingo do Bahia de Todos os Sons, da banda O C\u00edrculo, foi cancelada &#8211; o que se foi divulgado ontem. Como pr\u00eamio de consola\u00e7\u00e3o fica a\u00ed a mais nova m\u00fasica do C\u00edrculo, in\u00e9dita, que t\u00eam tocado sempre no Bahia de Todos [&hellip;]<\/p>\n","protected":false},"author":2,"featured_media":0,"comment_status":"closed","ping_status":"open","sticky":false,"template":"","format":"standard","meta":{"footnotes":""},"categories":[11,12],"tags":[20,510,515,383,80,15,218],"class_list":["post-831","post","type-post","status-publish","format-standard","hentry","category-01beber","category-01ver","tag-bahia","tag-bahia-de-todos-os-sons","tag-cancelamento","tag-formidavel-familia-musical","tag-o-circulo","tag-salvador","tag-show"],"_links":{"self":[{"href":"https:\/\/www.ultimobaile.com\/index.php?rest_route=\/wp\/v2\/posts\/831","targetHints":{"allow":["GET"]}}],"collection":[{"href":"https:\/\/www.ultimobaile.com\/index.php?rest_route=\/wp\/v2\/posts"}],"about":[{"href":"https:\/\/www.ultimobaile.com\/index.php?rest_route=\/wp\/v2\/types\/post"}],"author":[{"embeddable":true,"href":"https:\/\/www.ultimobaile.com\/index.php?rest_route=\/wp\/v2\/users\/2"}],"replies":[{"embeddable":true,"href":"https:\/\/www.ultimobaile.com\/index.php?rest_route=%2Fwp%2Fv2%2Fcomments&post=831"}],"version-history":[{"count":2,"href":"https:\/\/www.ultimobaile.com\/index.php?rest_route=\/wp\/v2\/posts\/831\/revisions"}],"predecessor-version":[{"id":4440,"href":"https:\/\/www.ultimobaile.com\/index.php?rest_route=\/wp\/v2\/posts\/831\/revisions\/4440"}],"wp:attachment":[{"href":"https:\/\/www.ultimobaile.com\/index.php?rest_route=%2Fwp%2Fv2%2Fmedia&parent=831"}],"wp:term":[{"taxonomy":"category","embeddable":true,"href":"https:\/\/www.ultimobaile.com\/index.php?rest_route=%2Fwp%2Fv2%2Fcategories&post=831"},{"taxonomy":"post_tag","embeddable":true,"href":"https:\/\/www.ultimobaile.com\/index.php?rest_route=%2Fwp%2Fv2%2Ftags&post=831"}],"curies":[{"name":"wp","href":"https:\/\/api.w.org\/{rel}","templated":true}]}}