{"id":829,"date":"2009-01-27T18:46:16","date_gmt":"2009-01-27T21:46:16","guid":{"rendered":"http:\/\/www.ultimobaile.com\/?p=829"},"modified":"2025-12-24T13:03:53","modified_gmt":"2025-12-24T16:03:53","slug":"formidavel-bahia-de-todos-os-sons","status":"publish","type":"post","link":"https:\/\/www.ultimobaile.com\/?p=829","title":{"rendered":"Formid\u00e1vel Bahia de Todos os Sons"},"content":{"rendered":"<p style=\"text-align: justify;\">Essa \u00e9 pra me deixar na vontade (porque n\u00e3o vou estar em Salvador e n\u00e3o vou poder ir, portanto). A <a href=\"http:\/\/www.myspace.com\/formidavelfamiliamusical\" target=\"_blank\">Formid\u00e1vel Fam\u00edlia Musical<\/a> n\u00e3o toca em Salvador h\u00e1 quase ano. Ficaram direto no Rio de Janeiro, com passagem por Goi\u00e2nia e Belo Horizonte (anunciada ali\u00e1s c\u00e1 neste \u00daltimo Baile).<\/p>\n<p style=\"text-align: justify;\">Agora, pr\u00f3digos, filhos retornam a casa. E no melhor estilo: sendo recebidos pelo projeto Bahia de Todos os Sons, ao p\u00f4r-do-sol de domingo na Cruz Ca\u00edda (Pelourinho, onde era a demolida Igreja da S\u00e9 Velha), da sua banda-irm\u00e3 (embora de estilo d\u00edspare) <a href=\"http:\/\/profile.myspace.com\/index.cfm?fuseaction=user.viewprofile&amp;friendid=151041251\" target=\"_blank\">O C\u00edrculo<\/a>.<\/p>\n<p style=\"text-align: justify;\">O que pode ser melhor do que ver a Formid\u00e1vel flower-powermente tocar ao p\u00f4r-do-sol da SanFrancisco brasileira?! &#8211; \u00e9 eles tocarem a convite, e junto com, O C\u00edrculo!<\/p>\n<p style=\"text-align: justify;\">Dia primeiro de fevereiro, domingo pr\u00f3ximo, v\u00e9spera de Yemanj\u00e1. R$12,00 o ingresso antecipado &#8211; ou R$20,00 na hora, pre\u00e7o \u00fanico. <\/p>\n","protected":false},"excerpt":{"rendered":"<p>Essa \u00e9 pra me deixar na vontade (porque n\u00e3o vou estar em Salvador e n\u00e3o vou poder ir, portanto). A Formid\u00e1vel Fam\u00edlia Musical n\u00e3o toca em Salvador h\u00e1 quase ano. Ficaram direto no Rio de Janeiro, com passagem por Goi\u00e2nia e Belo Horizonte (anunciada ali\u00e1s c\u00e1 neste \u00daltimo Baile). Agora, [&hellip;]<\/p>\n","protected":false},"author":2,"featured_media":0,"comment_status":"closed","ping_status":"open","sticky":false,"template":"","format":"standard","meta":{"footnotes":""},"categories":[11,12],"tags":[512,20,510,328,509,514,513,383,477,80,195,511,136,15],"class_list":["post-829","post","type-post","status-publish","format-standard","hentry","category-01beber","category-01ver","tag-anti-axe","tag-bahia","tag-bahia-de-todos-os-sons","tag-baia-de-todos-os-santos","tag-cruz-caida","tag-flower","tag-flower-power","tag-formidavel-familia-musical","tag-musical","tag-o-circulo","tag-pelourinho","tag-pos-axe","tag-rock","tag-salvador"],"_links":{"self":[{"href":"https:\/\/www.ultimobaile.com\/index.php?rest_route=\/wp\/v2\/posts\/829","targetHints":{"allow":["GET"]}}],"collection":[{"href":"https:\/\/www.ultimobaile.com\/index.php?rest_route=\/wp\/v2\/posts"}],"about":[{"href":"https:\/\/www.ultimobaile.com\/index.php?rest_route=\/wp\/v2\/types\/post"}],"author":[{"embeddable":true,"href":"https:\/\/www.ultimobaile.com\/index.php?rest_route=\/wp\/v2\/users\/2"}],"replies":[{"embeddable":true,"href":"https:\/\/www.ultimobaile.com\/index.php?rest_route=%2Fwp%2Fv2%2Fcomments&post=829"}],"version-history":[{"count":2,"href":"https:\/\/www.ultimobaile.com\/index.php?rest_route=\/wp\/v2\/posts\/829\/revisions"}],"predecessor-version":[{"id":4441,"href":"https:\/\/www.ultimobaile.com\/index.php?rest_route=\/wp\/v2\/posts\/829\/revisions\/4441"}],"wp:attachment":[{"href":"https:\/\/www.ultimobaile.com\/index.php?rest_route=%2Fwp%2Fv2%2Fmedia&parent=829"}],"wp:term":[{"taxonomy":"category","embeddable":true,"href":"https:\/\/www.ultimobaile.com\/index.php?rest_route=%2Fwp%2Fv2%2Fcategories&post=829"},{"taxonomy":"post_tag","embeddable":true,"href":"https:\/\/www.ultimobaile.com\/index.php?rest_route=%2Fwp%2Fv2%2Ftags&post=829"}],"curies":[{"name":"wp","href":"https:\/\/api.w.org\/{rel}","templated":true}]}}