{"id":825,"date":"2009-01-26T00:42:10","date_gmt":"2009-01-26T03:42:10","guid":{"rendered":"http:\/\/www.ultimobaile.com\/?p=825"},"modified":"2025-12-24T13:03:53","modified_gmt":"2025-12-24T16:03:53","slug":"por-um-cristo-negro","status":"publish","type":"post","link":"https:\/\/www.ultimobaile.com\/?p=825","title":{"rendered":"Por um Cristo Negro"},"content":{"rendered":"<p style=\"text-align: justify; \">Acidentalmente, assisti hoje ao espet\u00e1culo de som &amp; luz <a href=\"http:\/\/www.aldeianago.com.br\/content\/view\/1905\/3\/\" target=\"_blank\">Terreiro d&#8217;Yes\u00fa<\/a>, no Pelourinho. T\u00e1, \u00e9 did\u00e1tico e panflet\u00e1rio como qualquer mega-espet\u00e1culo de divulga\u00e7\u00e3o tur\u00edstica. Mas tem um diferencial positivo, marcantemente &#8220;Governo Wagner&#8221;.<\/p>\n<p style=\"text-align: justify; \">Esperava um espet\u00e1culo laudat\u00f3rio da negritude tur\u00edstica da cidade, e das belezas arquitet\u00f4nicas e naturais. E h\u00e1 lauda\u00e7\u00e3o sim &#8211; mas h\u00e1 uma cr\u00edtica aberta a leitura turist\u00f3ide de tal negritude. Na verdade, o espet\u00e1culo acaba por ser uma cr\u00edtica escancarada ao modelo de reforma adotado no centro antigo de Salvador pelo Carlismo, e suas consequ\u00eancias: empobrecimento da popula\u00e7\u00e3o, segrega\u00e7\u00e3o s\u00f3cio-racial, etc. E sim, com direito a alfinetada mais ou menos expl\u00edtica (ou impl\u00edcita, como queiram) a ACM: uma das vozes diz: &#8220;N\u00e3o \u00e9 porque algu\u00e9m mandou ou indicou &#8211; fui porque conquistei por meus esfor\u00e7os!&#8221;. Mais anti-carlista imposs\u00edvel!<\/p>\n<p style=\"text-align: justify; \">Fazer uma cr\u00edtica monumental dessas, num evento que \u00e9 claramente para receber turistas que corroboraram direta ou indiretamente com esta l\u00f3gica (paulistas, sulestinos em geral e gringos), \u00e9 ser um governo assumidamente de esquerda. E tal espet\u00e1culo n\u00e3o \u00e9 mero discurso, nem sequer um discurso que antecede a pr\u00e1tica: a reforma do Pelourinho tem sido mudada sistematicamente desde que M\u00e1rcio Meirelles assumiu a SECULT, em 2007, atrav\u00e9s de pr\u00e1ticas como trazer parte da popula\u00e7\u00e3o para reabitar o bairro (que tinha virado um shopping fadado a fal\u00eancia), editais de fomento e outras coisas. Ou seja: nada do &#8220;abandono&#8221; que proclama a TV Bahia &#8211; Mentira Todo Dia. <\/p>\n<p style=\"text-align: justify; \">Num tempo em que o Presidente da Rep\u00fablica abaixa as cal\u00e7as pra um Presidente do Supremo obviamente corrupto, e que mant\u00e9m um neoliberal convicto na presid\u00eancia do Banco Central, ter um governador e um governo estadual que \u00e9 ao mesmo tempo assumidamente de esquerda, operante e sem revanchismo, \u00e9 uma d\u00e1diva!<\/p>\n<p style=\"text-align: justify; \">E aviso: tirem o olho-gordo de cima de Jaques Wagner. Pelos pr\u00f3ximos 6 anos, ele \u00e9 s\u00f3 nosso &#8211; desmontar uma ditadura sustentada no voto, como foi a de ACM, \u00e9 tarefa longa e ele sabe disso. <\/p>\n","protected":false},"excerpt":{"rendered":"<p>Acidentalmente, assisti hoje ao espet\u00e1culo de som &amp; luz Terreiro d&#8217;Yes\u00fa, no Pelourinho. T\u00e1, \u00e9 did\u00e1tico e panflet\u00e1rio como qualquer mega-espet\u00e1culo de divulga\u00e7\u00e3o tur\u00edstica. Mas tem um diferencial positivo, marcantemente &#8220;Governo Wagner&#8221;. Esperava um espet\u00e1culo laudat\u00f3rio da negritude tur\u00edstica da cidade, e das belezas arquitet\u00f4nicas e naturais. E h\u00e1 lauda\u00e7\u00e3o [&hellip;]<\/p>\n","protected":false},"author":2,"featured_media":0,"comment_status":"closed","ping_status":"open","sticky":false,"template":"","format":"standard","meta":{"footnotes":""},"categories":[12,9],"tags":[86,20,85,142,508,143,422,140,195,507,15,506,489],"class_list":["post-825","post","type-post","status-publish","format-standard","hentry","category-01ver","category-01viver","tag-anti-carlismo","tag-bahia","tag-carlismo","tag-direita","tag-espetaculo-de-som-e-luz","tag-esquerda","tag-governo-da-bahia","tag-jaques-wagner","tag-pelourinho","tag-reforma-urbana","tag-salvador","tag-terreiro-dyesu","tag-terreiro-de-jesus"],"_links":{"self":[{"href":"https:\/\/www.ultimobaile.com\/index.php?rest_route=\/wp\/v2\/posts\/825","targetHints":{"allow":["GET"]}}],"collection":[{"href":"https:\/\/www.ultimobaile.com\/index.php?rest_route=\/wp\/v2\/posts"}],"about":[{"href":"https:\/\/www.ultimobaile.com\/index.php?rest_route=\/wp\/v2\/types\/post"}],"author":[{"embeddable":true,"href":"https:\/\/www.ultimobaile.com\/index.php?rest_route=\/wp\/v2\/users\/2"}],"replies":[{"embeddable":true,"href":"https:\/\/www.ultimobaile.com\/index.php?rest_route=%2Fwp%2Fv2%2Fcomments&post=825"}],"version-history":[{"count":1,"href":"https:\/\/www.ultimobaile.com\/index.php?rest_route=\/wp\/v2\/posts\/825\/revisions"}],"predecessor-version":[{"id":826,"href":"https:\/\/www.ultimobaile.com\/index.php?rest_route=\/wp\/v2\/posts\/825\/revisions\/826"}],"wp:attachment":[{"href":"https:\/\/www.ultimobaile.com\/index.php?rest_route=%2Fwp%2Fv2%2Fmedia&parent=825"}],"wp:term":[{"taxonomy":"category","embeddable":true,"href":"https:\/\/www.ultimobaile.com\/index.php?rest_route=%2Fwp%2Fv2%2Fcategories&post=825"},{"taxonomy":"post_tag","embeddable":true,"href":"https:\/\/www.ultimobaile.com\/index.php?rest_route=%2Fwp%2Fv2%2Ftags&post=825"}],"curies":[{"name":"wp","href":"https:\/\/api.w.org\/{rel}","templated":true}]}}