{"id":818,"date":"2009-01-24T18:54:13","date_gmt":"2009-01-24T21:54:13","guid":{"rendered":"http:\/\/www.ultimobaile.com\/?p=818"},"modified":"2025-12-24T13:03:53","modified_gmt":"2025-12-24T16:03:53","slug":"psdb-paulista-comete-crime-de-lesa-humanidade","status":"publish","type":"post","link":"https:\/\/www.ultimobaile.com\/?p=818","title":{"rendered":"PSDB paulista comete crime de lesa-humanidade"},"content":{"rendered":"<h1>Serra inicia a privatiza\u00e7\u00e3o da OSESP<\/h1>\n<p>Da <a href=\"http:\/\/www1.folha.uol.com.br\/folha\/ilustrada\/ult90u492972.shtml\" target=\"_blank\">Folha de S\u00e3o Paulo de quarta-feira \u00faltima<\/a>: <\/p>\n<blockquote>\n<h3>Maestro John Neschling \u00e9 demitido da Osesp<\/h3>\n<p style=\"text-align: justify; \">O maestro John Neschling foi demitido hoje da Osesp, a Orquestra Sinf\u00f4nica do Estado de S\u00e3o Paulo (OSESP).<\/p>\n<p style=\"text-align: justify; \">No ano passado, de pois de intensa press\u00e3o do gover nador Jos\u00e9 Serra, que queria tir\u00e1-lo do cargo, Neschling comunicou ao conselho da Funda\u00e7\u00e3o Osesp que n\u00e3o renovaria seu contrato. Na ocasi\u00e3o, no entanto, fi cou combinado que o maestro permaneceria \u00e0 frente da Osesp at\u00e9 o fim de 2010, como previa seu contrato.<\/p>\n<p style=\"text-align: justify; \">A situa\u00e7\u00e3o, no entanto, ficou insustent\u00e1vel. Neschling, que chegou a chamar Serra de &#8220;meni no mimado&#8221; e &#8220;autorit\u00e1rio&#8221; logo no come\u00e7o do governo, conti nuou a dar entrevistas espina frando o governador e o secret\u00e1rio da Cultura, Jo\u00e3o Sayad, mesmo depois de ter sua sa\u00edda definida. A gota d&#8217;\u00e1gua foram as cr\u00edticas que ele vinha fazendo publicamente \u00e0 decis\u00e3o do conselho de formar um comit\u00ea para a escolha de seu sucessor.<\/p>\n<\/blockquote>\n<p style=\"text-align: justify; \"><span style=\"text-decoration: underline;\">Coment\u00e1rio:<\/span> <\/p>\n<p style=\"text-align: justify; \">A chamada que fiz \u00e9 exagerada, porque exagerada \u00e9 a noticia\u00e7\u00e3o da imprensa brazuca quando se trata de espinafrar a esquerda. Mas tamb\u00e9m porque por a OSESP em risco, al\u00e9m de ser um modo de a centro-direita paulista destruir a \u00fanica coisa relevante que ela pr\u00f3pria fez para o pa\u00eds e o mundo, \u00e9 um crime contra o patrim\u00f4nio cultural recente de todo o continente latino-americano, e de todo o hemisf\u00e9rio sul do globo.<\/p>\n<p style=\"text-align: justify; \">Ali\u00e1s, construir a melhor orquestra que o hemisf\u00e9rio sul jamais viu \u00e9 algo de que s\u00f3 o PSDB velho de guerra faria. Destrui-la, \u00e9 algo que s\u00f3 o neo(con)-tucanato pauli\u00e7\u00e1ico (portanto, exclua-se A\u00e9cio disso) faria. <\/p>\n<p style=\"text-align: justify; \">Os argumentos contra Neschling s\u00e3o os mais esdr\u00faxulos poss\u00edveis &#8211; a direita e a esquerda.<\/p>\n<p style=\"text-align: justify; \">Sen\u00e3o vejamos &#8211; \u00e0 direita:<\/p>\n<p style=\"text-align: justify; \"><em>1) Neschling \u00e9 insubordinado e autorit\u00e1rio. <\/em>Verdade, e mais verdade n\u00e3o poderia ser. S\u00f3 que isso, para um grande regente-diretor, n\u00e3o \u00e9 defeito &#8211; \u00e9 qualidade. Certas artes coletivas precisam de autores-carrascos &#8211; cinema, m\u00fasica de concerto e dan\u00e7a. Digo isso porque j\u00e1 fiz balet cl\u00e1ssico, e sabia que bom montador, ensaiador e professor xinga, e eventualmente arremessa algo, nos seus alunos &#8211; se os alunos forem promissores. <\/p>\n<p style=\"text-align: justify; \">Um maestro como ele \u00e9, ali\u00e1s, pago e muito bem pago para ser assim: r\u00edgido com os m\u00fasicos, insubordinado com os pol\u00edticos. E o pol\u00edtico que quiser que suporte. Helmut Kohl, democr\u00e1tico e socialista, engoliu Hebert von Karajan, ex-nazista declarado, e com a soberba t\u00edpica dos aristocr\u00e1tas teut\u00f5es falidos, por d\u00e9cadas &#8211; \u00e9 o pre\u00e7o de se ter a melhor Sinf\u00f4nica que a humanidade contempor\u00e2nea \u00e9 capaz de se lembrar.<\/p>\n<p style=\"text-align: justify; \">Quem n\u00e3o \u00e9 pago para ser nem autorit\u00e1rio, nem personalista, \u00e9 o Governador do Estado &#8211; que ao fazer isso, posa sim de &#8220;menino mimado&#8221;. <\/p>\n<p style=\"text-align: justify; \">\u00c0 esquerda:<\/p>\n<p style=\"text-align: justify; \"><em>1) A<\/em><em> OSESP custa caro, com sal\u00e1rios europeus. <\/em>Sim, e desde quando isso \u00e9 ruim? Neschling exigir (e conseguir) isso foi um modo de evitar uma evas\u00e3o de capital humano para as orquestras primeiro-mundistas. Sen\u00e3o vejamos: os governos estaduais e federais gastam os tubos formando m\u00fasicos eruditos em universidades p\u00fablicas &#8211; que ao se formarem n\u00e3o acham emprego decente a n\u00e3o ser em outro pa\u00eds!<\/p>\n<p style=\"text-align: justify; \">Evitar isso \u00e9 n\u00e3o apenas um ato nacionalista (e anti-imperialista) como de esquerda (ou pelo menos, n\u00e3o-neoliberal);<\/p>\n<p style=\"text-align: justify; \"><em>2) Teria mais resultados investir diretamente na popula\u00e7\u00e3o mais pobre, dando aula de m\u00fasica pra favelado. <\/em>Esse argumento parte de uma fal\u00e1cia: a OSESP tamb\u00e9m faz isso. A OSESP tornou o Festival de Campos do Jord\u00e3o um dos mais importantes do planeta; tem escolas e cursos livres; e faz trocentas apresenta\u00e7\u00f5es gratuitas Brasil afora e adentro, para formar p\u00fablico. <\/p>\n<p style=\"text-align: justify; \">E \u00e9 enganoso em seus efeitos. \u00c9 um argumento <strong>pobrista<\/strong>. <strong>Pobrismo<\/strong> \u00e9 esse esquerdismo que acha que pra pobre basta encher o buxo e dar vacina. Cultura erudita \u00e9 pra rico. Sua contraparte \u00e9 desinvestir em cultura erudita &#8211; ou investir nela apenas por seus &#8220;efeitos sociais&#8221; e n\u00e3o os est\u00e9ticos. Pobrismo \u00e9 uma dos nomes de &#8220;neoliberalismo&#8221; &#8211; a la gauche, claro. <\/p>\n<p style=\"text-align: justify; \">O Brasil, oitava economia do mundo, pleiteante de vaga permanente no Conselho de Seguran\u00e7a da ONU, precisa ter uma Sinf\u00f4nica de envergadura transcontinental. \u00c9 uma obriga\u00e7\u00e3o moral &#8211; para um pa\u00eds que gerou a melhor m\u00fasica popular do mundo (e tamb\u00e9m a mais variega &#8211; s\u00f3 o samba s\u00e3o mais de 10 estilos d\u00edspares!) e que teve alguns dos melhores compositores eruditos do s\u00e9culo XX (de Alberto Nepomuceno a Vila-Lobos e Tom Jobim). <\/p>\n<p style=\"text-align: justify; \">De resto, investir em forma\u00e7\u00e3o de m\u00fasicos oriundos de &#8220;situa\u00e7\u00e3o social de risco&#8221; sem lhes dar perspectiva de carreira s\u00e9ria (salvo fora do pa\u00eds) \u00e9 populismo barato de curto prazo. A OSESP faz justamente isso: dar possibilidade de carreira &#8211; e for\u00e7ar as outras sinf\u00f4nicas a fazerem o mesmo em outros estados. Como tem acontecido com as Sinf\u00f4nicas do Mato Grosso e a da Bahia, al\u00e9m da Nacional do Rio de Janeiro. <\/p>\n<p style=\"text-align: justify; \">De resto, a sa\u00edda de Neschling j\u00e1 era prevista para 2010. Ele j\u00e1 estava fazendo uma transi\u00e7\u00e3o gradual. Com esse corte a fac\u00e3o de agora, dois anos antes do previsto, vos pergunto: quem vai ensaiar a OSESP para a s\u00e9rie de concertos internacionais a se iniciar em mar\u00e7o?! <\/p>\n","protected":false},"excerpt":{"rendered":"<p>Serra inicia a privatiza\u00e7\u00e3o da OSESP Da Folha de S\u00e3o Paulo de quarta-feira \u00faltima: Maestro John Neschling \u00e9 demitido da Osesp O maestro John Neschling foi demitido hoje da Osesp, a Orquestra Sinf\u00f4nica do Estado de S\u00e3o Paulo (OSESP). No ano passado, de pois de intensa press\u00e3o do gover nador [&hellip;]<\/p>\n","protected":false},"author":2,"featured_media":0,"comment_status":"closed","ping_status":"open","sticky":false,"template":"","format":"standard","meta":{"footnotes":""},"categories":[13,9],"tags":[505,501,503,500,504,502,160,499,300,314],"class_list":["post-818","post","type-post","status-publish","format-standard","hentry","category-01ler","category-01viver","tag-concerto","tag-estado-de-sao-paulo","tag-fernando-henrique-cardoso","tag-governo-de-sao-paulo","tag-john-neschling","tag-jose-serra","tag-musica-erudita","tag-orquestra-sinfonica-de-sao-paulo","tag-osesp","tag-sao-paulo"],"_links":{"self":[{"href":"https:\/\/www.ultimobaile.com\/index.php?rest_route=\/wp\/v2\/posts\/818","targetHints":{"allow":["GET"]}}],"collection":[{"href":"https:\/\/www.ultimobaile.com\/index.php?rest_route=\/wp\/v2\/posts"}],"about":[{"href":"https:\/\/www.ultimobaile.com\/index.php?rest_route=\/wp\/v2\/types\/post"}],"author":[{"embeddable":true,"href":"https:\/\/www.ultimobaile.com\/index.php?rest_route=\/wp\/v2\/users\/2"}],"replies":[{"embeddable":true,"href":"https:\/\/www.ultimobaile.com\/index.php?rest_route=%2Fwp%2Fv2%2Fcomments&post=818"}],"version-history":[{"count":8,"href":"https:\/\/www.ultimobaile.com\/index.php?rest_route=\/wp\/v2\/posts\/818\/revisions"}],"predecessor-version":[{"id":4442,"href":"https:\/\/www.ultimobaile.com\/index.php?rest_route=\/wp\/v2\/posts\/818\/revisions\/4442"}],"wp:attachment":[{"href":"https:\/\/www.ultimobaile.com\/index.php?rest_route=%2Fwp%2Fv2%2Fmedia&parent=818"}],"wp:term":[{"taxonomy":"category","embeddable":true,"href":"https:\/\/www.ultimobaile.com\/index.php?rest_route=%2Fwp%2Fv2%2Fcategories&post=818"},{"taxonomy":"post_tag","embeddable":true,"href":"https:\/\/www.ultimobaile.com\/index.php?rest_route=%2Fwp%2Fv2%2Ftags&post=818"}],"curies":[{"name":"wp","href":"https:\/\/api.w.org\/{rel}","templated":true}]}}