{"id":811,"date":"2009-01-23T08:04:18","date_gmt":"2009-01-23T11:04:18","guid":{"rendered":"http:\/\/www.ultimobaile.com\/?p=811"},"modified":"2025-12-24T13:03:53","modified_gmt":"2025-12-24T16:03:53","slug":"elogio-a-seo-marcio-meirelles","status":"publish","type":"post","link":"https:\/\/www.ultimobaile.com\/?p=811","title":{"rendered":"Elogio a Seo M\u00e1rcio (Meirelles)"},"content":{"rendered":"<p>Deu na <a href=\"http:\/\/www.cartacapital.com.br\/app\/materia.jsp?a=2&amp;a2=10&amp;i=3157\" target=\"_blank\">Carta Capital<\/a> dessa semana. Mat\u00e9ria de mais de uma p\u00e1gina inteira na edi\u00e7\u00e3o impressa. Aqui, o excerto online: <\/p>\n<blockquote>\n<h3>Meu rei, nunca mais<\/h3>\n<p style=\"text-align: justify;\">Na abertura do 15\u00ba Sal\u00e3o de Arte do Museu de Arte Moderna da Bahia (MAM-BA), em dezembro, moradores da comunidade do Unh\u00e3o, recanto carente da Ba\u00eda de Todos-os-Santos, circulavam com copos e sorrisos pelo casar\u00e3o do s\u00e9culo XVII que durante anos esteve para eles fechado. \u201cAntes, s\u00f3 de olhar, j\u00e1 vinha pol\u00edcia dizer pra gente circular\u201d, conta Francinaldo Ribeiro. A abertura do MAM para os vizinhos antes barrados, por mais que soe a detalhe, tem um importante valor simb\u00f3lico. Parece que a Bahia, ap\u00f3s anos de carlismo, come\u00e7a a ver, tamb\u00e9m na cultura, as oligarquias se encolherem. <\/p>\n<p style=\"text-align: justify;\">O Sal\u00e3o de Arte do MAM-BA, um dos mais prestigiados do Pa\u00eds, sempre foi, localmente, um evento para chiques e famosos. Conta-se, inclusive, que a socialite carioca Narcisa Tamborindeguy, num dos coquet\u00e9is de abertura, foi passear numa passarela de madeira, desequilibrou-se e, simplesmente, caiu no mar. Folclores \u00e0 parte, \u00e9 fato que o museu, idealizado pela arquiteta Lina Bo Bardi, na d\u00e9cada de 1960, foi, ano ap\u00f3s ano, afastando-se de seu sentido original. <\/p>\n<p style=\"text-align: justify;\">Basta dizer que boa parte dos visitantes do Solar do Unh\u00e3o, restaurado para abrigar o MAM, ia at\u00e9 l\u00e1 para conhecer o restaurante. Muitas vezes, os turistas sa\u00edam sem nem sequer saber da exist\u00eancia do museu. Ao assumir a dire\u00e7\u00e3o do espa\u00e7o, em 2007, Solange Farkas decidiu n\u00e3o renovar a licen\u00e7a do restaurante, que, entre outras coisas, enchia de gordura o lugar onde ficava guardado o acervo. \u201cMas essa era s\u00f3 a cereja do bolo num cen\u00e1rio ca\u00f3tico. Quando entrei na reserva t\u00e9cnica, tive vontade de desistir\u201d, diz Solange, produtora cultural nascida na Bahia, mas radicada em S\u00e3o Paulo, criadora do VideoBrasil. <\/p>\n<p style=\"text-align: justify;\">O retorno de Solange Farkas \u00e0 Bahia \u00e9 semelhante ao de outros baianos ligados \u00e0 cultura que, durante a dinastia ACM, simplesmente desistiram da terra natal. Ao assumir a Secretaria de Cultura do governo Jaques Wagner, o diretor teatral M\u00e1rcio Meirelles decidiu levar de volta, para postos importantes, duas dessas figuras: Solange e o pianista Ricardo Castro, \u00e0 frente da orquestra do Estado e de um projeto de integra\u00e7\u00e3o social por meio da m\u00fasica, o Neojib\u00e1. <\/p>\n<p style=\"text-align: justify;\">Solange conhecia o secret\u00e1rio dos tempos de juventude. Quando menina, chegou a fazer teatro com ele. \u201cMinha vida estava toda em S\u00e3o Paulo, mas acho que qualquer baiano, quando o ACM perdeu, ficou olhando pra c\u00e1 com vontade de fazer alguma coisa. Quando M\u00e1rcio me chamou, como eu poderia dizer n\u00e3o? Era tamb\u00e9m o resgate da for\u00e7a que a Bahia teve um dia na cultura.\u201d <\/p>\n<\/blockquote>\n<p style=\"text-align: justify;\">\n<p style=\"text-align: justify;\"><span style=\"text-decoration: underline;\">Coment\u00e1rio:<\/span> <\/p>\n<p style=\"text-align: justify;\">Este blog, anti-axezista por defini\u00e7\u00e3o (ou melhor: p\u00f3s-axezista e p\u00f3s-carlista, porque ser anti- ficou demod\u00e9), vem dizendo isso a quase ano. E eu pessoalmente, a mais de ano. <\/p>\n<p style=\"text-align: justify;\">N\u00e3o concordo integralmente com a mat\u00e9ria da Carta. A gest\u00e3o de museus da Era M\u00e1rcio \u00e9 problem\u00e1tica, embora sim o MAM esteja com outra vida (mas a custo desta Sra. Farkas trat\u00e1-lo como Museu de Arte Contempor\u00e2nea, o que ele <em>n\u00e3o \u00e9<\/em>, e n\u00e3o como de Arte Moderna), e embora inaugurar a <a href=\"http:\/\/www.cultura.ba.gov.br\/noticias\/plugcultura\/pelourinho-ganha-acervo-de-artes-da-africa\" target=\"_blank\">Cole\u00e7\u00e3o Cl\u00e1udio Masella<\/a>, a maior de arte africana tradicional nas Am\u00e9ricas, seja feito louv\u00e1vel. <\/p>\n<p style=\"text-align: justify;\">Mas, no geral, estamos de acordo: M\u00e1rcio \u00e9 um Secret\u00e1rio de Cultura que conseguiu salvar Salvador de sua mediocridade alienante e autista &#8211; fez dela novamente a capital de um estado, cujo interior \u00e9 riqu\u00edssimo, e insiste feito alucinado a id\u00e9ia de &#8220;auto-sufici\u00eancia em cultura&#8221;. Insist\u00eancia pr\u00e1tica, digo, e n\u00e3o apenas discursiva.<\/p>\n<p style=\"text-align: justify;\">E ainda tem quem reclame&#8230;<\/p>\n","protected":false},"excerpt":{"rendered":"<p>Deu na Carta Capital dessa semana. Mat\u00e9ria de mais de uma p\u00e1gina inteira na edi\u00e7\u00e3o impressa. Aqui, o excerto online: Meu rei, nunca mais Na abertura do 15\u00ba Sal\u00e3o de Arte do Museu de Arte Moderna da Bahia (MAM-BA), em dezembro, moradores da comunidade do Unh\u00e3o, recanto carente da Ba\u00eda [&hellip;]<\/p>\n","protected":false},"author":2,"featured_media":0,"comment_status":"closed","ping_status":"open","sticky":false,"template":"","format":"standard","meta":{"footnotes":""},"categories":[13,12,9],"tags":[79,86,183,78,20,85,498,422,140,152,77,244,15,497],"class_list":["post-811","post","type-post","status-publish","format-standard","hentry","category-01ler","category-01ver","category-01viver","tag-anti-axezismo","tag-anti-carlismo","tag-axe-music","tag-axezismo","tag-bahia","tag-carlismo","tag-carta-capital","tag-governo-da-bahia","tag-jaques-wagner","tag-marcio-meirelles","tag-pos-axezismo","tag-pos-carlismo","tag-salvador","tag-secretaria-da-cultura-do-estado-da-bahia"],"_links":{"self":[{"href":"https:\/\/www.ultimobaile.com\/index.php?rest_route=\/wp\/v2\/posts\/811","targetHints":{"allow":["GET"]}}],"collection":[{"href":"https:\/\/www.ultimobaile.com\/index.php?rest_route=\/wp\/v2\/posts"}],"about":[{"href":"https:\/\/www.ultimobaile.com\/index.php?rest_route=\/wp\/v2\/types\/post"}],"author":[{"embeddable":true,"href":"https:\/\/www.ultimobaile.com\/index.php?rest_route=\/wp\/v2\/users\/2"}],"replies":[{"embeddable":true,"href":"https:\/\/www.ultimobaile.com\/index.php?rest_route=%2Fwp%2Fv2%2Fcomments&post=811"}],"version-history":[{"count":7,"href":"https:\/\/www.ultimobaile.com\/index.php?rest_route=\/wp\/v2\/posts\/811\/revisions"}],"predecessor-version":[{"id":4443,"href":"https:\/\/www.ultimobaile.com\/index.php?rest_route=\/wp\/v2\/posts\/811\/revisions\/4443"}],"wp:attachment":[{"href":"https:\/\/www.ultimobaile.com\/index.php?rest_route=%2Fwp%2Fv2%2Fmedia&parent=811"}],"wp:term":[{"taxonomy":"category","embeddable":true,"href":"https:\/\/www.ultimobaile.com\/index.php?rest_route=%2Fwp%2Fv2%2Fcategories&post=811"},{"taxonomy":"post_tag","embeddable":true,"href":"https:\/\/www.ultimobaile.com\/index.php?rest_route=%2Fwp%2Fv2%2Ftags&post=811"}],"curies":[{"name":"wp","href":"https:\/\/api.w.org\/{rel}","templated":true}]}}