{"id":764,"date":"2009-01-07T06:59:48","date_gmt":"2009-01-07T09:59:48","guid":{"rendered":"http:\/\/www.ultimobaile.com\/?p=764"},"modified":"2025-12-24T13:03:54","modified_gmt":"2025-12-24T16:03:54","slug":"bahiatursa-garante-mais-um-espicha-verao","status":"publish","type":"post","link":"https:\/\/www.ultimobaile.com\/?p=764","title":{"rendered":"Bahiatursa garante mais um Espicha Ver\u00e3o"},"content":{"rendered":"<p>do <a href=\"http:\/\/www.egba.ba.gov.br\/diario\/_DODia\/DO_frm0.html\" target=\"_blank\">Di\u00e1rio Oficial do Estado da Bahia<\/a>, de hoje:<\/p>\n<blockquote>\n<p style=\"text-align: justify;\">Sucesso em 2008, com a participa\u00e7\u00e3o de baianos e turistas na programa\u00e7\u00e3o, o projeto Espicha Ver\u00e3o, da Bahiatursa, ser\u00e1 repetido este ano. A iniciativa pretende atrair visitantes para o estado durante o m\u00eas de mar\u00e7o, quando as tarifas dos hot\u00e9is e companhias a\u00e9reas est\u00e3o mais em conta.<\/p>\n<p style=\"text-align: justify;\">Para a presidente da Bahiatursa, Em\u00edlia Silva, a id\u00e9ia \u00e9 trazer um outro tipo de p\u00fablico, diferente do que freq\u00fcenta o estado durante o Carnaval. &#8220;Por isso formatamos uma programa\u00e7\u00e3o diferente da que \u00e9 realizada na cidade em dezembro, janeiro e fevereiro&#8221;, explicou. No ano passado, o carro-chefe do Espicha Ver\u00e3o foi o projeto Praia 24 Horas, que levou muitas atra\u00e7\u00f5es ao Porto da Barra.<\/p>\n<p style=\"text-align: justify;\"><strong>Interior<\/strong> &#8211; Este ano, segundo Em\u00edlia, a programa\u00e7\u00e3o &#8211; que est\u00e1 em fase final de ajuste &#8211; ser\u00e1 expandida para o interior, com a realiza\u00e7\u00e3o de festivais de m\u00fasica e dan\u00e7a, e tamb\u00e9m ao Centro Antigo de Salvador.<\/p>\n<\/blockquote>\n<p style=\"text-align: justify;\"><span style=\"text-decoration: underline;\">Coment\u00e1rio:<\/span> O segundo ano da Era M\u00e1rcio Meireles tem tudo para ser ainda melhor do que o primeiro&#8230;<\/p>\n<p style=\"text-align: justify;\">(e aviso: a <a href=\"http:\/\/www.funceb.ba.gov.br\/\" target=\"_blank\">Funda\u00e7\u00e3o Cultural do Estado da Bahia<\/a> acaba de lan\u00e7ar dois editais de fomento pioneiros a n\u00edvel nacional: um de Cultura GLBTT, e outro de Cultura e Direitos Humanos. Ambos t\u00eam premia\u00e7\u00e3o prevista para todos os territ\u00f3rios de identidade &#8211; isto \u00e9: pra todo o interior do estado!<\/p>\n<p style=\"text-align: justify;\">Preparai-vos, pois aparecer\u00e1 assim no BA TV, na voz de K\u00e1tia Guzzo: &#8220;Governo Wagner incentiva travestismo e prostitui\u00e7\u00e3o em Barreiras&#8221;). <\/p>\n","protected":false},"excerpt":{"rendered":"<p>do Di\u00e1rio Oficial do Estado da Bahia, de hoje: Sucesso em 2008, com a participa\u00e7\u00e3o de baianos e turistas na programa\u00e7\u00e3o, o projeto Espicha Ver\u00e3o, da Bahiatursa, ser\u00e1 repetido este ano. A iniciativa pretende atrair visitantes para o estado durante o m\u00eas de mar\u00e7o, quando as tarifas dos hot\u00e9is e [&hellip;]<\/p>\n","protected":false},"author":2,"featured_media":0,"comment_status":"closed","ping_status":"open","sticky":false,"template":"","format":"standard","meta":{"footnotes":""},"categories":[11,10,13,12,9],"tags":[20,446,439,443,440,444,156,150,422,447,140,442,326,441,15,114,155,445],"class_list":["post-764","post","type-post","status-publish","format-standard","hentry","category-01beber","category-01comer","category-01ler","category-01ver","category-01viver","tag-bahia","tag-capital","tag-cultura-glbtt","tag-edital","tag-espicha-verao","tag-fomento","tag-funceb","tag-fundacao-cultural-do-estado-da-bahia","tag-governo-da-bahia","tag-interior","tag-jaques-wagner","tag-marcio-meireles","tag-porto-da-barra","tag-praia-24h","tag-salvador","tag-secretaria-de-cultura-do-estado-da-bahia","tag-secult","tag-territorio-de-identidade"],"_links":{"self":[{"href":"https:\/\/www.ultimobaile.com\/index.php?rest_route=\/wp\/v2\/posts\/764","targetHints":{"allow":["GET"]}}],"collection":[{"href":"https:\/\/www.ultimobaile.com\/index.php?rest_route=\/wp\/v2\/posts"}],"about":[{"href":"https:\/\/www.ultimobaile.com\/index.php?rest_route=\/wp\/v2\/types\/post"}],"author":[{"embeddable":true,"href":"https:\/\/www.ultimobaile.com\/index.php?rest_route=\/wp\/v2\/users\/2"}],"replies":[{"embeddable":true,"href":"https:\/\/www.ultimobaile.com\/index.php?rest_route=%2Fwp%2Fv2%2Fcomments&post=764"}],"version-history":[{"count":5,"href":"https:\/\/www.ultimobaile.com\/index.php?rest_route=\/wp\/v2\/posts\/764\/revisions"}],"predecessor-version":[{"id":4448,"href":"https:\/\/www.ultimobaile.com\/index.php?rest_route=\/wp\/v2\/posts\/764\/revisions\/4448"}],"wp:attachment":[{"href":"https:\/\/www.ultimobaile.com\/index.php?rest_route=%2Fwp%2Fv2%2Fmedia&parent=764"}],"wp:term":[{"taxonomy":"category","embeddable":true,"href":"https:\/\/www.ultimobaile.com\/index.php?rest_route=%2Fwp%2Fv2%2Fcategories&post=764"},{"taxonomy":"post_tag","embeddable":true,"href":"https:\/\/www.ultimobaile.com\/index.php?rest_route=%2Fwp%2Fv2%2Ftags&post=764"}],"curies":[{"name":"wp","href":"https:\/\/api.w.org\/{rel}","templated":true}]}}