{"id":759,"date":"2009-01-01T09:39:55","date_gmt":"2009-01-01T12:39:55","guid":{"rendered":"http:\/\/www.ultimobaile.com\/?p=759"},"modified":"2025-12-24T13:03:54","modified_gmt":"2025-12-24T16:03:54","slug":"cinemao-de-luxo","status":"publish","type":"post","link":"https:\/\/www.ultimobaile.com\/?p=759","title":{"rendered":"Cinem\u00e3o de Luxo!"},"content":{"rendered":"<p style=\"text-align: justify; \">De amanh\u00e3, dia 2, at\u00e9 quinta-feira, dia 8, a Sala Walter da Silveira exibe, em pel\u00edcula, 5 longas e 5 curta-mentragens de ningu\u00e9m menos que <a href=\"http:\/\/www.dimas.ba.gov.br\/2008.1\/sala_walter\/2009.01\/09.01.02.htm\" target=\"_blank\"><strong>Alain Resnais<\/strong><\/a> &#8211; entre eles, aquele que para mim \u00e9 o melhor dos melhores filmes de todos os tempos, disparado: <em>O Ano Passado Em Marienbad<\/em>. <\/p>\n<p style=\"text-align: justify; \">Alguns curtas e longas inclusive ter\u00e3o proje\u00e7\u00e3o em formato original, CinemaScope. Esteta inveterado (compar\u00e1vel, no cinema, apenas a Luchino Visconti, na pintura com <a href=\"http:\/\/pt.wikipedia.org\/wiki\/Giuseppe_Arcimboldo\" target=\"_blank\">Arcimbaldo<\/a> e <a href=\"http:\/\/www.artchive.com\/viewer\/z.html\" target=\"_blank\">Gustav Klimt<\/a>, e na literatura com Marcel Proust), Resnais foi um dos primeiros a adotar o formato estritamente cinematogr\u00e1fico (Scope) na Europa.<\/p>\n<p style=\"text-align: justify; \">O ano de 2009 n\u00e3o poderia come\u00e7ar cinematograficamente melhor. <\/p>\n","protected":false},"excerpt":{"rendered":"<p>De amanh\u00e3, dia 2, at\u00e9 quinta-feira, dia 8, a Sala Walter da Silveira exibe, em pel\u00edcula, 5 longas e 5 curta-mentragens de ningu\u00e9m menos que Alain Resnais &#8211; entre eles, aquele que para mim \u00e9 o melhor dos melhores filmes de todos os tempos, disparado: O Ano Passado Em Marienbad. [&hellip;]<\/p>\n","protected":false},"author":2,"featured_media":0,"comment_status":"closed","ping_status":"open","sticky":false,"template":"","format":"standard","meta":{"footnotes":""},"categories":[12],"tags":[421,20,267,285,26,423,425,372,428,422,426,28,424,427,15,114,155],"class_list":["post-759","post","type-post","status-publish","format-standard","hentry","category-01ver","tag-alain-resnais","tag-bahia","tag-biblioteca-publica-dos-barris","tag-brasil","tag-cinema","tag-cinemascope","tag-curta-metragem","tag-dimas","tag-filme","tag-governo-da-bahia","tag-longa-metragem","tag-nouvelle-vague","tag-o-ano-passado-em-marienbad","tag-pelicula","tag-salvador","tag-secretaria-de-cultura-do-estado-da-bahia","tag-secult"],"_links":{"self":[{"href":"https:\/\/www.ultimobaile.com\/index.php?rest_route=\/wp\/v2\/posts\/759","targetHints":{"allow":["GET"]}}],"collection":[{"href":"https:\/\/www.ultimobaile.com\/index.php?rest_route=\/wp\/v2\/posts"}],"about":[{"href":"https:\/\/www.ultimobaile.com\/index.php?rest_route=\/wp\/v2\/types\/post"}],"author":[{"embeddable":true,"href":"https:\/\/www.ultimobaile.com\/index.php?rest_route=\/wp\/v2\/users\/2"}],"replies":[{"embeddable":true,"href":"https:\/\/www.ultimobaile.com\/index.php?rest_route=%2Fwp%2Fv2%2Fcomments&post=759"}],"version-history":[{"count":3,"href":"https:\/\/www.ultimobaile.com\/index.php?rest_route=\/wp\/v2\/posts\/759\/revisions"}],"predecessor-version":[{"id":4449,"href":"https:\/\/www.ultimobaile.com\/index.php?rest_route=\/wp\/v2\/posts\/759\/revisions\/4449"}],"wp:attachment":[{"href":"https:\/\/www.ultimobaile.com\/index.php?rest_route=%2Fwp%2Fv2%2Fmedia&parent=759"}],"wp:term":[{"taxonomy":"category","embeddable":true,"href":"https:\/\/www.ultimobaile.com\/index.php?rest_route=%2Fwp%2Fv2%2Fcategories&post=759"},{"taxonomy":"post_tag","embeddable":true,"href":"https:\/\/www.ultimobaile.com\/index.php?rest_route=%2Fwp%2Fv2%2Ftags&post=759"}],"curies":[{"name":"wp","href":"https:\/\/api.w.org\/{rel}","templated":true}]}}