{"id":757,"date":"2008-12-30T09:18:07","date_gmt":"2008-12-30T12:18:07","guid":{"rendered":"http:\/\/www.ultimobaile.com\/?p=757"},"modified":"2025-12-24T13:03:54","modified_gmt":"2025-12-24T16:03:54","slug":"um-estado-sem-principios","status":"publish","type":"post","link":"https:\/\/www.ultimobaile.com\/?p=757","title":{"rendered":"Um Estado sem princ\u00edpios"},"content":{"rendered":"<p style=\"text-align: justify;\">Quando vejo a retomada, trinta anos depois, da pol\u00edtica de limpeza \u00e9tnica israelense, n\u00e3o me ocorre as quest\u00f5es que creio ocorram \u00e0 maioria: que a paz no oriente m\u00e9dio s\u00f3 ser\u00e1 poss\u00edvel com a solu\u00e7\u00e3o da quest\u00e3o palestina (n\u00e3o concordo, inclusive porque na d\u00e9cada de 40 se dizia o mesmo da quest\u00e3o jud\u00e1ica); que a popula\u00e7\u00e3o judia em geral n\u00e3o concorda com tais ataques; ou ainda que o principal cerne \u00e9 o petr\u00f3leo, de interesse americano. <\/p>\n<p style=\"text-align: justify;\">A mim, ocorre uma quest\u00e3o psicanal\u00edtica (isto \u00e9: arqueol\u00f3gica), talvez por for\u00e7a da escolha profissional que fiz: de onde se tirou esse id\u00e9ia estapaf\u00fardia de que precisava haver um &#8220;Estado Judeu&#8221;?! A quem ela interessa? A que vissicitudes ps\u00edquicas, dos judeus e dos n\u00e3o-judeus, este <em>acting out<\/em> de 50 anos satisfazia em 1946?!<\/p>\n<p style=\"text-align: justify;\">Vamos pelos argumentos usados a favor da cria\u00e7\u00e3o do Estado de Israel. Como todo argumento consciente, racionalizado, ele me cheira a resist\u00eancia, a desmentido do recalque, a denega\u00e7\u00e3o. O primeiro de sempre \u00e9 o direito hist\u00f3rico dos judeus \u00e0quela terra, e di\u00e1spora no lugar de sua contraparte. Ora, os judeus sempre foram um povo n\u00f4made. Raras vezes se unificaram. N\u00e3o permaneceram na terra de Cana\u00e3, como estado aut\u00f4nomo, por mais de 500 anos, intermitentes entre os dois ex\u00edlios! J\u00e1 os palestinos est\u00e3o l\u00e1, e como estado aut\u00f4nomo (ou como califado), a 1500 anos seguidos!<\/p>\n<p style=\"text-align: justify;\">Freud, um judeu convicto enquanto sua inser\u00e7\u00e3o \u00e9tnica (e c\u00e9tico do ponto de vista religioso), afirmou as mesm\u00edssimas coisas no seu derradeiro livro, <em>Mois\u00e9s E A Religi\u00e3o Monote\u00edsta<\/em>. Nele, mostra como os judeus t\u00eam por h\u00e1bito ficcionalizar sua pr\u00f3pria hist\u00f3ria, escass\u00edssima de registros materiais (diferente dos gregos, eg\u00edpcios, romanos, etc.), de um modo bastante narc\u00edsico. Claro, v\u00ea nisso uma necessidade perempt\u00f3ria: um elevado amor-pr\u00f3prio, junto com uma exig\u00eancia de abstra\u00e7\u00e3o radical (um deus \u00fanico de pura concep\u00e7\u00e3o matem\u00e1tica) foram fundamentais para manter a unidade durante a di\u00e1spora &#8211; e, como efeito colateral, os colocou nessa posi\u00e7\u00e3o vitimizada de &#8220;povo escolhido&#8221;. Escolhido para a Salva\u00e7\u00e3o, mas escolhido tamb\u00e9m para o Holocausto. <\/p>\n<p style=\"text-align: justify;\">Sou anti-sionista por convic\u00e7\u00e3o &#8211; e porque sou pr\u00f3-semita. Porque sei, junto com Spinoza, Freud e Einstein, a inolvid\u00e1vel contribui\u00e7\u00e3o que os judeus e o judaismo trouxeram para a civiliza\u00e7\u00e3o ocidental e europ\u00e9ia, \u00e9 que sou contra um &#8220;estado judeu&#8221;: quero que os judeus fa\u00e7am parte da civiliza\u00e7\u00e3o, em di\u00e1logo de igualdade e colaborativo, tanto quanto os cat\u00f3licos, os protestantes, os mu\u00e7ulmanos, os budistas e os yorub\u00e1s. A di\u00e1spora, longe de ser um acidente posterior e desastroso, \u00e9 uma benesse constitucional do judaismo &#8211; \u00e9 o que eles t\u00eam de melhor e deveriam abra\u00e7ar.<\/p>\n<p style=\"text-align: justify;\">Posso falar disso com toda justeza do mundo. Moro na cidade deste planeta que por mais tempo recebeu mais escravos de uma mesma ra\u00e7a (a negra) &#8211; mas n\u00e3o de uma mesma etnia. Em S\u00e3o Salvador da Bahia de Todos os Santos vieram negros bantos kibundus (para o trabalho nas lavouras), yorub\u00e1s nag\u00f4 (de ascend\u00eancia aristocr\u00e1tica, para o trabalho dom\u00e9stico urbano nas altas castas da administra\u00e7\u00e3o estatal portuguesa) e mal\u00eas hau\u00e7\u00e1s (mu\u00e7ulmanos, para o trabalho nas pequenas manufaturas). Na minha cidade, se veste branco na sexta-feira para se louvar Senhor do Bonfim, Oxal\u00e1 e Alah, de uma s\u00f3 vez. O meu estado \u00e9 hoje governado por um judeu praticante &#8211; que n\u00e3o esquece as ben\u00e7\u00e3os de Makota Valdina dizendo ser ele &#8220;o quarto filho de Oxalufan a governar a Bahia&#8221; (os outros foram Oct\u00e1vio Mangabeira, Landulfo Alves e Ant\u00f4nio Carlos Magalh\u00e3es). <\/p>\n<p style=\"text-align: justify;\">Aqui, casas de fam\u00edlias cat\u00f3licas comemoram a P\u00e1scoa (uma data ali\u00e1s originalmente semita) com banquete para Ox\u00f3ssi: caruru, vatap\u00e1, muqueca de arraia, feij\u00e3o de leite &#8211; e nem se d\u00e3o conta que est\u00e3o ali tamb\u00e9m louvando o orix\u00e1 da fartura, do trabalho e da alegria (que, com muito orgulho, rege a cabe\u00e7a deste ateu convicto que vos escreve). <\/p>\n<p style=\"text-align: justify;\">Esta cidade \u00e9 chamada Capital da Di\u00e1spora &#8211; de uma di\u00e1spora mais curta, no entanto mais severa, que a jud\u00e1ica: a di\u00e1spora negra. E se orgulha do n\u00e3o sectarismo &#8211; ningu\u00e9m pensaria a s\u00e9rio na cria\u00e7\u00e3o de um &#8220;estado Yorub\u00e1&#8221; &#8211; embora qualquer soteropolitano minimamente esclarecido fale com orgulho miticamente saudoso dos mil anos de prosperidade dos reinos de Oy\u00f3, If\u00e9 e Benin-Daom\u00e9. <\/p>\n<p style=\"text-align: justify;\">Oxal\u00e1 Jerusal\u00e9m possa um dia tamb\u00e9m ser chamada Capital da Di\u00e1spora. E Salvador, ao inv\u00e9s de Roma Negra, ganhe o apelido de Jerusal\u00e9m Ocidental. <\/p>\n<p style=\"text-align: justify;\">H\u00e1 outros interesses na cria\u00e7\u00e3o de um &#8220;Estado Jud\u00e1ico&#8221;, e justamente onde \u00e9. O anti-hebraismo n\u00e3o foi parte apenas do nazi-facismo, mas da cultura europ\u00e9ia do in\u00edcio do s\u00e9culo XX. Criar um tal estado servia ao mesmo tempo de &#8220;pedido de desculpas&#8221; por este sentimento, e de satisfa\u00e7\u00e3o desse mesmo sentimento. Algo como: &#8220;manda esse bando de judeu pra l\u00e1 onde eles querem que eles param de enxer o saco, e aproveitam se matam mutuamente com os \u00e1rabes&#8221;.<\/p>\n<p style=\"text-align: justify;\">N\u00e3o h\u00e1 nenhum interesse ocidental, do ponto de vista do inconsciente, em terminar a querela judaico-palestina que ali\u00e1s o pr\u00f3prio ocidente intencionalmente criou. Ela \u00e9 um sintoma, uma forma\u00e7\u00e3o de compromisso, ela serve a economia psiquica coletiva: \u00e9 um incentivo ao genocidio m\u00fatuo, para que a europa n\u00e3o mais tenha de sujar suas m\u00e3os.<\/p>\n<p style=\"text-align: justify;\">Mas, lembro: os judeus participaram desse contrato, desde os prim\u00f3rdios dos tempos, tanto quanto aqueles que os perseguiram. A satisfa\u00e7\u00e3o \u00e9 sado-masoquista, e, assim, m\u00fatua. Os palestinos, estes sim, entraram de gaiatos no navio. <\/p>\n","protected":false},"excerpt":{"rendered":"<p>Quando vejo a retomada, trinta anos depois, da pol\u00edtica de limpeza \u00e9tnica israelense, n\u00e3o me ocorre as quest\u00f5es que creio ocorram \u00e0 maioria: que a paz no oriente m\u00e9dio s\u00f3 ser\u00e1 poss\u00edvel com a solu\u00e7\u00e3o da quest\u00e3o palestina (n\u00e3o concordo, inclusive porque na d\u00e9cada de 40 se dizia o mesmo [&hellip;]<\/p>\n","protected":false},"author":2,"featured_media":0,"comment_status":"closed","ping_status":"open","sticky":false,"template":"","format":"standard","meta":{"footnotes":""},"categories":[9],"tags":[420,184,417,416,418,414,415,419],"class_list":["post-757","post","type-post","status-publish","format-standard","hentry","category-01viver","tag-anti-sionismo","tag-diaspora","tag-estado-de-israel","tag-faixa-de-gaza","tag-jerusalem","tag-judeu","tag-palestino","tag-sionismo"],"_links":{"self":[{"href":"https:\/\/www.ultimobaile.com\/index.php?rest_route=\/wp\/v2\/posts\/757","targetHints":{"allow":["GET"]}}],"collection":[{"href":"https:\/\/www.ultimobaile.com\/index.php?rest_route=\/wp\/v2\/posts"}],"about":[{"href":"https:\/\/www.ultimobaile.com\/index.php?rest_route=\/wp\/v2\/types\/post"}],"author":[{"embeddable":true,"href":"https:\/\/www.ultimobaile.com\/index.php?rest_route=\/wp\/v2\/users\/2"}],"replies":[{"embeddable":true,"href":"https:\/\/www.ultimobaile.com\/index.php?rest_route=%2Fwp%2Fv2%2Fcomments&post=757"}],"version-history":[{"count":2,"href":"https:\/\/www.ultimobaile.com\/index.php?rest_route=\/wp\/v2\/posts\/757\/revisions"}],"predecessor-version":[{"id":4450,"href":"https:\/\/www.ultimobaile.com\/index.php?rest_route=\/wp\/v2\/posts\/757\/revisions\/4450"}],"wp:attachment":[{"href":"https:\/\/www.ultimobaile.com\/index.php?rest_route=%2Fwp%2Fv2%2Fmedia&parent=757"}],"wp:term":[{"taxonomy":"category","embeddable":true,"href":"https:\/\/www.ultimobaile.com\/index.php?rest_route=%2Fwp%2Fv2%2Fcategories&post=757"},{"taxonomy":"post_tag","embeddable":true,"href":"https:\/\/www.ultimobaile.com\/index.php?rest_route=%2Fwp%2Fv2%2Ftags&post=757"}],"curies":[{"name":"wp","href":"https:\/\/api.w.org\/{rel}","templated":true}]}}