{"id":740,"date":"2008-12-20T08:30:39","date_gmt":"2008-12-20T11:30:39","guid":{"rendered":"http:\/\/www.ultimobaile.com\/?p=740"},"modified":"2025-12-24T13:03:54","modified_gmt":"2025-12-24T16:03:54","slug":"e-o-porto-sempre-o-porto","status":"publish","type":"post","link":"https:\/\/www.ultimobaile.com\/?p=740","title":{"rendered":"\u00e9 o Porto! sempre o Porto!"},"content":{"rendered":"<p style=\"text-align: justify;\"><a href=\"https:\/\/www.ultimobaile.com\/wp-content\/uploads\/2008\/12\/porto.jpg\"><img loading=\"lazy\" decoding=\"async\" class=\"aligncenter size-full wp-image-742\" title=\"porto\" src=\"https:\/\/www.ultimobaile.com\/wp-content\/uploads\/2008\/12\/porto.jpg\" alt=\"\" width=\"500\" height=\"334\" srcset=\"https:\/\/www.ultimobaile.com\/wp-content\/uploads\/2008\/12\/porto.jpg 500w, https:\/\/www.ultimobaile.com\/wp-content\/uploads\/2008\/12\/porto-300x200.jpg 300w\" sizes=\"auto, (max-width: 500px) 100vw, 500px\" \/><\/a><\/p>\n<p style=\"text-align: justify;\">\n<p style=\"text-align: justify;\">\n<p style=\"text-align: justify;\">\n<p style=\"text-align: justify;\">\n<p style=\"text-align: justify;\">\n<p style=\"text-align: justify;\">\n<p style=\"text-align: justify;\">\n<p style=\"text-align: justify;\">\n<p style=\"text-align: justify;\">\n<p style=\"text-align: justify;\">\n<p style=\"text-align: justify;\">\n<p style=\"text-align: justify;\">\n<p style=\"text-align: justify;\">A cariocada pode come\u00e7ar a se rasgar de inveja de novo: deu no <a href=\"http:\/\/terramagazine.terra.com.br\/interna\/0,,OI3404483-EI11363,00.html\" target=\"_blank\">Terra Magazine<\/a> &#8211; o Porto da Barra foi novamente considerada uma das melhores praias do planetinha que habitamos. E pelos motivos de sempre: praia deslumbrante, de \u00e1gua calma e quente, no centro do centro do centro de uma metr\u00f3pole de 460 anos de idade, ladeada por dois fortes do s\u00e9culo XVI, e com todas as tribos (de bichas a maur\u00edcios, de maconheiro a gringo) convivendo numa respeitabilidade c\u00edvica que faz Amsterd\u00e3 parecer o Afeganist\u00e3o. <\/p>\n<p style=\"text-align: justify;\">O <a href=\"http:\/\/viajenaviagem.wordpress.com\/\" target=\"_blank\">blogueiro Ricardo Freire<\/a> diz que as praias brasileiras n\u00e3o s\u00e3o exatamente bonitas, mas gostosas. Concordo. E p\u00f5e o Porto da Barra como a mais gostosa entre as gostosas. A defini\u00e7\u00e3o \u00e9 precisa: pra quem viu show de Francis Hime e Gal Costa, em fevereiro deste ano, no palco flutuante do Porto, no meio da maior ba\u00eda do hemisf\u00e9rio sul &#8211; pra quem viu estes shows meia-noite, nadando nas \u00e1guas mornas, paquerando, e vendo criancinhas brincando na beira de uma Barra-Avenida lotada\u00e7a, sabe do que estou falando.<\/p>\n<p style=\"text-align: justify;\">Pois \u00e9: eu moro onde voc\u00ea tira f\u00e9rias&#8230;<\/p>\n<p style=\"text-align: justify;\">Quem n\u00e3o viu? Desculpe, mas eu sou baiano &#8211; eu mereci!<\/p>\n<div id=\"attachment_744\" style=\"width: 510px\" class=\"wp-caption aligncenter\"><a href=\"https:\/\/www.ultimobaile.com\/wp-content\/uploads\/2008\/12\/porto-da-barra-salvador-1.jpg\"><img loading=\"lazy\" decoding=\"async\" aria-describedby=\"caption-attachment-744\" class=\"size-full wp-image-744\" title=\"porto-da-barra-salvador-1\" src=\"https:\/\/www.ultimobaile.com\/wp-content\/uploads\/2008\/12\/porto-da-barra-salvador-1.jpg\" alt=\"E ainda tem esse p\u00f4r-do-sol que \u00e9 um desbunde! \" width=\"500\" height=\"333\" srcset=\"https:\/\/www.ultimobaile.com\/wp-content\/uploads\/2008\/12\/porto-da-barra-salvador-1.jpg 600w, https:\/\/www.ultimobaile.com\/wp-content\/uploads\/2008\/12\/porto-da-barra-salvador-1-300x200.jpg 300w\" sizes=\"auto, (max-width: 500px) 100vw, 500px\" \/><\/a><p id=\"caption-attachment-744\" class=\"wp-caption-text\">E ainda tem esse p\u00f4r-do-sol que \u00e9 um desbunde! <\/p><\/div>\n","protected":false},"excerpt":{"rendered":"<p>A cariocada pode come\u00e7ar a se rasgar de inveja de novo: deu no Terra Magazine &#8211; o Porto da Barra foi novamente considerada uma das melhores praias do planetinha que habitamos. E pelos motivos de sempre: praia deslumbrante, de \u00e1gua calma e quente, no centro do centro do centro de [&hellip;]<\/p>\n","protected":false},"author":2,"featured_media":0,"comment_status":"closed","ping_status":"open","sticky":false,"template":"","format":"standard","meta":{"footnotes":""},"categories":[11,12,9],"tags":[406,20,328,285,326,405,15,404],"class_list":["post-740","post","type-post","status-publish","format-standard","hentry","category-01beber","category-01ver","category-01viver","tag-100-praias-que-valem-a-viagem","tag-bahia","tag-baia-de-todos-os-santos","tag-brasil","tag-porto-da-barra","tag-ricardo-freire","tag-salvador","tag-terra-magazine"],"_links":{"self":[{"href":"https:\/\/www.ultimobaile.com\/index.php?rest_route=\/wp\/v2\/posts\/740","targetHints":{"allow":["GET"]}}],"collection":[{"href":"https:\/\/www.ultimobaile.com\/index.php?rest_route=\/wp\/v2\/posts"}],"about":[{"href":"https:\/\/www.ultimobaile.com\/index.php?rest_route=\/wp\/v2\/types\/post"}],"author":[{"embeddable":true,"href":"https:\/\/www.ultimobaile.com\/index.php?rest_route=\/wp\/v2\/users\/2"}],"replies":[{"embeddable":true,"href":"https:\/\/www.ultimobaile.com\/index.php?rest_route=%2Fwp%2Fv2%2Fcomments&post=740"}],"version-history":[{"count":10,"href":"https:\/\/www.ultimobaile.com\/index.php?rest_route=\/wp\/v2\/posts\/740\/revisions"}],"predecessor-version":[{"id":4452,"href":"https:\/\/www.ultimobaile.com\/index.php?rest_route=\/wp\/v2\/posts\/740\/revisions\/4452"}],"wp:attachment":[{"href":"https:\/\/www.ultimobaile.com\/index.php?rest_route=%2Fwp%2Fv2%2Fmedia&parent=740"}],"wp:term":[{"taxonomy":"category","embeddable":true,"href":"https:\/\/www.ultimobaile.com\/index.php?rest_route=%2Fwp%2Fv2%2Fcategories&post=740"},{"taxonomy":"post_tag","embeddable":true,"href":"https:\/\/www.ultimobaile.com\/index.php?rest_route=%2Fwp%2Fv2%2Ftags&post=740"}],"curies":[{"name":"wp","href":"https:\/\/api.w.org\/{rel}","templated":true}]}}