{"id":698,"date":"2008-11-30T22:25:37","date_gmt":"2008-12-01T01:25:37","guid":{"rendered":"http:\/\/www.ultimobaile.com\/?p=698"},"modified":"2025-12-24T13:03:54","modified_gmt":"2025-12-24T16:03:54","slug":"mercado-cultural-melancolico","status":"publish","type":"post","link":"https:\/\/www.ultimobaile.com\/?p=698","title":{"rendered":"Mercado Cultural Melanc\u00f3lico"},"content":{"rendered":"<p style=\"text-align: justify; \">Come\u00e7a amanh\u00e3 a <a href=\"http:\/\/www.mercadocultural.org\/programacao.php\" target=\"_blank\">VIII edi\u00e7\u00e3o do Mercado Cultural Mundial<\/a> de Salvador. Com programa\u00e7\u00e3o apequenada (clique para ver), o Mercado se tornou assim mais um sintoma do fim da dial\u00e9tica <em>axezismo X anti-axezismo<\/em> &#8211; isto \u00e9: o Mercado \u00e9 v\u00edtima de seu pr\u00f3prio sucesso.<\/p>\n<p style=\"text-align: justify; \">Nos anos claustrof\u00f3bicos da ditadura carlista do abad\u00e1 e do gosto-\u00fanico, o Mercado era o nosso \u00fanico respiradouro: por 6 dias, no in\u00edcio de dezembro, Salvador virava capital do mundo. Eram em m\u00e9dia 20 pe\u00e7as teatrais de todos os cantos do planeta, outras 10 de dan\u00e7a, e shows antol\u00f3gicos (muitos dos quais sob os ausp\u00edcios alvissareiros da ent\u00e3o rediviva Recife: o <strong>Cordel do Fogo Encantado<\/strong> e a <strong>Spok Frevo Orquestra<\/strong> foram lan\u00e7ados comercialmente aqui, nas primeiras edi\u00e7\u00f5es em que o <em>Mercado<\/em> deixou de ser Latino-Americano para se tornar <em>Strictly Mundial<\/em>). Ruy C\u00e9sar, seu idealizador, dizia que o <em>Mercado Cultural<\/em> era &#8220;o anti-<em>Festival de Ver\u00e3o<\/em>&#8220;: enquanto este s\u00f3 trazia produ\u00e7\u00e3o local do <em>mainstream<\/em>, junto com sub-artistas mundiais, o <em>Mercado<\/em> s\u00f3 trazia gente desconhecida (tinha a regra de nunca repetir atra\u00e7\u00e3o, em nenhuma edi\u00e7\u00e3o), a fina-flor da renova\u00e7\u00e3o est\u00e9tica mundial e local; enquanto o <em>Festival de Ver\u00e3o<\/em> era car\u00edssimo, de noite, e fora da cidade, o Mercado ocupava diversos espa\u00e7os entre o Rio Vermelho e a Ribeira, o dia inteiro, e de gra\u00e7a!<\/p>\n<p style=\"text-align: justify; \">O <em>Mercado<\/em> nos fez sobreviver culturalmente no auge do axezismo, sem deixar que a cidade fosse s\u00f3 a mesmice do ano inteiro e do carnaval, mantendo por uma semana que fosse sua import\u00e2ncia hist\u00f3rica continental. Somos e seremos sempre imensamente gratos a <strong>Ruy C\u00e9sar<\/strong> e a <strong>Casa Via Magia<\/strong> por isso. <\/p>\n<p style=\"text-align: justify; \">S\u00f3 que agora, que sentido tem uma mostra de artes c\u00eanicas grande no <em>Mercado<\/em>, se um m\u00eas antes teve o <a href=\"https:\/\/www.ultimobaile.com\/?p=561\" target=\"_blank\">FIAC<\/a> e o <em>Latino-Americano de Teatro<\/em>? Mostra de m\u00fasica alternativa como, se teve <a href=\"https:\/\/www.ultimobaile.com\/?p=398\" target=\"_blank\">Mudhoney tocando de gra\u00e7a no Boom Bahia Music Fest<\/a>? <\/p>\n<p style=\"text-align: justify; \">O <em>Mercado<\/em> nos proporcionou essa abertura, ent\u00e3o lenta, hoje robusta, que vivemos. H\u00e1 outros problemas conjunturais, e pessoais, que prefiro n\u00e3o falar &#8211; porque al\u00e9m de minha admira\u00e7\u00e3o pessoal, Ruy tem dois filhos que v\u00eam a ser amigos meus diletos, embora n\u00e3o \u00edntimos nem pr\u00f3ximos. <\/p>\n<p style=\"text-align: justify; \">Pode o <em>Mercado Cultural<\/em> recuperar a for\u00e7a ou mesmo continuar existindo? Talvez, se se reformular, e deixar de ser parte (importante) do anti-axezismo para ser uma parte (entre outras) do p\u00f3s-axezismo. Se n\u00e3o o fizer, n\u00e3o tem problema: deixar\u00e1 saudades, e uma imensa sensa\u00e7\u00e3o de dever cumprido. <\/p>\n","protected":false},"excerpt":{"rendered":"<p>Come\u00e7a amanh\u00e3 a VIII edi\u00e7\u00e3o do Mercado Cultural Mundial de Salvador. Com programa\u00e7\u00e3o apequenada (clique para ver), o Mercado se tornou assim mais um sintoma do fim da dial\u00e9tica axezismo X anti-axezismo &#8211; isto \u00e9: o Mercado \u00e9 v\u00edtima de seu pr\u00f3prio sucesso. Nos anos claustrof\u00f3bicos da ditadura carlista do [&hellip;]<\/p>\n","protected":false},"author":2,"featured_media":0,"comment_status":"closed","ping_status":"open","sticky":false,"template":"","format":"standard","meta":{"footnotes":""},"categories":[11,10,13,12,9],"tags":[79,86,183,78,20,85,380,382,379,77,244,381,15],"class_list":["post-698","post","type-post","status-publish","format-standard","hentry","category-01beber","category-01comer","category-01ler","category-01ver","category-01viver","tag-anti-axezismo","tag-anti-carlismo","tag-axe-music","tag-axezismo","tag-bahia","tag-carlismo","tag-casa-via-magia","tag-festival-de-verao","tag-mercado-cultural-mundial","tag-pos-axezismo","tag-pos-carlismo","tag-ruy-cesar","tag-salvador"],"_links":{"self":[{"href":"https:\/\/www.ultimobaile.com\/index.php?rest_route=\/wp\/v2\/posts\/698","targetHints":{"allow":["GET"]}}],"collection":[{"href":"https:\/\/www.ultimobaile.com\/index.php?rest_route=\/wp\/v2\/posts"}],"about":[{"href":"https:\/\/www.ultimobaile.com\/index.php?rest_route=\/wp\/v2\/types\/post"}],"author":[{"embeddable":true,"href":"https:\/\/www.ultimobaile.com\/index.php?rest_route=\/wp\/v2\/users\/2"}],"replies":[{"embeddable":true,"href":"https:\/\/www.ultimobaile.com\/index.php?rest_route=%2Fwp%2Fv2%2Fcomments&post=698"}],"version-history":[{"count":5,"href":"https:\/\/www.ultimobaile.com\/index.php?rest_route=\/wp\/v2\/posts\/698\/revisions"}],"predecessor-version":[{"id":4456,"href":"https:\/\/www.ultimobaile.com\/index.php?rest_route=\/wp\/v2\/posts\/698\/revisions\/4456"}],"wp:attachment":[{"href":"https:\/\/www.ultimobaile.com\/index.php?rest_route=%2Fwp%2Fv2%2Fmedia&parent=698"}],"wp:term":[{"taxonomy":"category","embeddable":true,"href":"https:\/\/www.ultimobaile.com\/index.php?rest_route=%2Fwp%2Fv2%2Fcategories&post=698"},{"taxonomy":"post_tag","embeddable":true,"href":"https:\/\/www.ultimobaile.com\/index.php?rest_route=%2Fwp%2Fv2%2Ftags&post=698"}],"curies":[{"name":"wp","href":"https:\/\/api.w.org\/{rel}","templated":true}]}}