{"id":689,"date":"2008-11-27T12:52:58","date_gmt":"2008-11-27T15:52:58","guid":{"rendered":"http:\/\/www.ultimobaile.com\/?p=689"},"modified":"2025-12-24T13:03:54","modified_gmt":"2025-12-24T16:03:54","slug":"berlim-alexanderplatz-na-walter","status":"publish","type":"post","link":"https:\/\/www.ultimobaile.com\/?p=689","title":{"rendered":"&#8220;Berlim AlexanderPlatz&#8221; na Walter!"},"content":{"rendered":"<p style=\"text-align: justify;\">\u00c9 o tipo de not\u00edcia cinematogr\u00e1fica que s\u00f3 se v\u00ea de dez em dez anos: a Walter da Silveira exibe, a partir de sexta-feira pr\u00f3xima dia 28, at\u00e9 dia 4 de dezembro, a obra-prima de Rainer Werner Fassbinder. Aten\u00e7\u00e3o: o filme tem quase 15h de dura\u00e7\u00e3o, portanto a cada dia ser\u00e1 exibido tr\u00eas dos 12 epis\u00f3dios, e no dia 4 o longu\u00edssimo e belo Ep\u00edlogo de mais de uma hora de dura\u00e7\u00e3o, totalizando 13 partes.<\/p>\n<p style=\"text-align: justify;\">H\u00e1 dois defeitos neste programa: Fassbinder concebeu Berlim originalmente para a televis\u00e3o alem\u00e3o, embora tenha gravado em pel\u00edcula. Neste caso, ser\u00e1 exibido em digital, e no cinema. Felizmente, o assisti na DirecTV (Eurochannel), h\u00e1 quase uma d\u00e9cada.<\/p>\n<p style=\"text-align: justify;\">N\u00e3o costumo gostar de Fassbinder, pra mim o mais esquem\u00e1tico do Novo Cinema Alem\u00e3o. Mas em <strong>AlexanderPlatz<\/strong> ele se supera. Trata-se de uma mini-s\u00e9rie sobre a ascens\u00e3o do nazismo durante a crise inflacion\u00e1ria de Weimar. Contudo, n\u00e3o se enfoca um agente pol\u00edtico, um intelectual, nada. O foco est\u00e1 num dos muito desempregados desta hecatombe econ\u00f4mica provocada pelo Tratado de Versalhes. B\u00eabado, quarent\u00e3o, solteiro, biscateiro e com sequelas de combatente da Primeira Grande Guerra (ele n\u00e3o tem a m\u00e3o esquerda), vai sendo cooptado pelo Partido Nacional-Socialista sem dar-se conta disso. Ali\u00e1s, sem nem saber bem o que seja tal partido.<\/p>\n<p style=\"text-align: justify;\">Primeiro, \u00e9 contratado avulso para panfletagem; depois, cooptado por um aliciador de prostitutas, a partir de quem conhece uma, semi-judia, por quem se apaixona.<\/p>\n<p style=\"text-align: justify;\">O g\u00eanio n\u00e3o est\u00e1 s\u00f3 neste arranjo narrativo microf\u00edsico, e ao mesmo tempo monumental; anal\u00edtico, e profundamente humano. A dire\u00e7\u00e3o de arte \u00e9 de chorar de linda; a ilumina\u00e7\u00e3o, propositadamente ensebada, espapoca em estrelas de borr\u00f5es na maquiagem intensionalmente mal-feita dos atores, nos m\u00f3veis velhos, no cen\u00e1rio, de modo por vezes ofuscante. No Ep\u00edlogo, a mastod\u00f4ntica cena da crucifica\u00e7\u00e3o da prostituta, num cen\u00e1rio de pano, teatral, que \u00e9 uma vers\u00e3o expressionista do mural do altar da Capela Sistina, de Michelangelo, e ainda uma refer\u00eancia a cena <em>turning-point<\/em> do filme mais emotivamente impactante da hist\u00f3ria do cinema, o <strong>Rocco E Seus Irm\u00e3os<\/strong>, de Luchino Visconti.<\/p>\n<p style=\"text-align: justify;\">Chamar esta exibi\u00e7\u00e3o de &#8220;imperd\u00edvel&#8221; \u00e9 pouco. Beira o extasiante saber que ir\u00e1 acontecer ela em alguns dias&#8230;<\/p>\n","protected":false},"excerpt":{"rendered":"<p>\u00c9 o tipo de not\u00edcia cinematogr\u00e1fica que s\u00f3 se v\u00ea de dez em dez anos: a Walter da Silveira exibe, a partir de sexta-feira pr\u00f3xima dia 28, at\u00e9 dia 4 de dezembro, a obra-prima de Rainer Werner Fassbinder. Aten\u00e7\u00e3o: o filme tem quase 15h de dura\u00e7\u00e3o, portanto a cada dia [&hellip;]<\/p>\n","protected":false},"author":2,"featured_media":0,"comment_status":"closed","ping_status":"open","sticky":false,"template":"","format":"standard","meta":{"footnotes":""},"categories":[13,12,9],"tags":[20,267,26,371,372,366,368,367,369,213,15,370],"class_list":["post-689","post","type-post","status-publish","format-standard","hentry","category-01ler","category-01ver","category-01viver","tag-bahia","tag-biblioteca-publica-dos-barris","tag-cinema","tag-departamento-de-imagem-e-som-do-estado-da-bahia","tag-dimas","tag-mini-serie","tag-nazismo","tag-rainer-werner-fassbinder","tag-republica-de-weimar","tag-sala-walter-da-silveira","tag-salvador","tag-tratado-de-versalhes"],"_links":{"self":[{"href":"https:\/\/www.ultimobaile.com\/index.php?rest_route=\/wp\/v2\/posts\/689","targetHints":{"allow":["GET"]}}],"collection":[{"href":"https:\/\/www.ultimobaile.com\/index.php?rest_route=\/wp\/v2\/posts"}],"about":[{"href":"https:\/\/www.ultimobaile.com\/index.php?rest_route=\/wp\/v2\/types\/post"}],"author":[{"embeddable":true,"href":"https:\/\/www.ultimobaile.com\/index.php?rest_route=\/wp\/v2\/users\/2"}],"replies":[{"embeddable":true,"href":"https:\/\/www.ultimobaile.com\/index.php?rest_route=%2Fwp%2Fv2%2Fcomments&post=689"}],"version-history":[{"count":2,"href":"https:\/\/www.ultimobaile.com\/index.php?rest_route=\/wp\/v2\/posts\/689\/revisions"}],"predecessor-version":[{"id":691,"href":"https:\/\/www.ultimobaile.com\/index.php?rest_route=\/wp\/v2\/posts\/689\/revisions\/691"}],"wp:attachment":[{"href":"https:\/\/www.ultimobaile.com\/index.php?rest_route=%2Fwp%2Fv2%2Fmedia&parent=689"}],"wp:term":[{"taxonomy":"category","embeddable":true,"href":"https:\/\/www.ultimobaile.com\/index.php?rest_route=%2Fwp%2Fv2%2Fcategories&post=689"},{"taxonomy":"post_tag","embeddable":true,"href":"https:\/\/www.ultimobaile.com\/index.php?rest_route=%2Fwp%2Fv2%2Ftags&post=689"}],"curies":[{"name":"wp","href":"https:\/\/api.w.org\/{rel}","templated":true}]}}