{"id":664,"date":"2008-11-20T17:56:56","date_gmt":"2008-11-20T20:56:56","guid":{"rendered":"http:\/\/www.ultimobaile.com\/?p=664"},"modified":"2025-12-24T13:03:54","modified_gmt":"2025-12-24T16:03:54","slug":"geddel-faz-melhor-que-eu-ou-joao-henrique-o-ultimo-e-mais-assumido-dos-mediocres","status":"publish","type":"post","link":"https:\/\/www.ultimobaile.com\/?p=664","title":{"rendered":"&#8220;Geddel faz melhor que eu&#8221; (ou: Jo\u00e3o Henrique, o \u00faltimo &#8211; e mais assumido &#8211; dos med\u00edocres)"},"content":{"rendered":"<p>do <a href=\"http:\/\/politicalivre.com.br\/?p=7371\" target=\"_blank\">Pol\u00edtica Livre<\/a>:<\/p>\n<blockquote>\n<p style=\"text-align: justify;\">Conviria ao prefeito Jo\u00e3o Henrique (PMDB) duas alternativas em momentos pol\u00edticos delicados, como o criado ontem com a publica\u00e7\u00e3o de um artigo do ministro Geddel Vieira Lima (Integra\u00e7\u00e3o Nacional), abrindo m\u00e3o dos cargos no governo Wagner: cavar um buraco para se meter dentro ou ent\u00e3o ficar nos limites estritos da Prefeitura, mandando dizer que n\u00e3o se encontra. Para evitar declara\u00e7\u00f5es como a que deu ontem em Bras\u00edlia ao jornal A TARDE, ao ser questionado sobre o assunto: <strong>\u201cPol\u00edtica eu deixo para o ministro fazer, o ministro faz melhor do que eu\u201d<\/strong>. Ohhh, quanta mod\u00e9stia! Conta o jornal ainda que o prefeito complementou as declara\u00e7\u00f5es dizendo que, \u00e0quela altura, no final da tarde, ainda n\u00e3o lera o artigo. \u00c9\u2026 non sense pouco \u00e9 bobagem!<\/p>\n<\/blockquote>\n<p style=\"text-align: justify;\">Em 2002, a elei\u00e7\u00e3o de Paulo Ganem Souto ao governo do estado representou a primeira quebra no carlismo. Vindo do grupo de ACM, era um cr\u00edtico do Cabe\u00e7a Branca, e lhe imp\u00f4s uma condi\u00e7\u00e3o para ser candidato ao executivo estadual: &#8220;Quem manda no meu governo sou eu, e n\u00e3o o senhor&#8221;. Toninho Malvadeza teve de engolir seco, sem o que ele n\u00e3o elegeria ningu\u00e9m do PFL na Bahia. Em 2006, enquanto Ant\u00f4nio Carlos Peixoto de Magalh\u00e3es amea\u00e7ava &#8220;estrangular o governo Wagner&#8221; (sic), Paulo Souto realizava a mais democr\u00e1tica transi\u00e7\u00e3o de que a Bahia tinha not\u00edcias desde o tr\u00e2nsito entre o varguista Landulfo Alves (PTB) e o neo-antivarguista e futuro jucelinista Oct\u00e1vio Mangabeira (UDN-<em>light<\/em>, ex-PSD).<\/p>\n<p style=\"text-align: justify;\">Em que consistia essa quebra metodol\u00f3gica no carlismo? A id\u00e9ia de autonomia de a\u00e7\u00e3o, de aus\u00eancia de caciquismo. O Governo C\u00e9sar Borges foi um governo ACM-ao-cubo; o Governo Paulo Souto foi um Governo Paulo Souto. Neoliberal? sim. De direita? Sem d\u00favidas! Mas dentro de uma concep\u00e7\u00e3o toda de Paulo, e por vezes a revelia das concep\u00e7\u00f5es do velho e truculento tirano.<\/p>\n<p style=\"text-align: justify;\">Quando se diz que Jo\u00e3o Henrique reeleito via Geddel \u00e9 uma &#8220;volta do carlismo&#8221;, n\u00e3o se trata de uma fantas\u00edstica alian\u00e7a futura entre o atual ministro e o ex-governador ou Grampinho (ali\u00e1s, improv\u00e1vel). Se trata de m\u00e9todos: delegar a um cacique suas pr\u00f3prias opini\u00f5es pol\u00edticas faz parte do capachismo que ACM exigia, ou coagia a ter. N\u00e3o creio que Geddel o exija, mas JH o d\u00e1 assim mesmo. E afinal, se ele n\u00e3o entende de pol\u00edtica t\u00e3o bem, por que ocupa o terceiro mais importante cargo pol\u00edtico municipal do pa\u00eds pela segunda vez seguida? Seria ele um mero gestor? Se mero gestor, por que tantas travas na gest\u00e3o?<\/p>\n<p style=\"text-align: justify;\">Toda a metodologia carlista recaiu justamente sobre quem primeiro derrotou estes m\u00e9todos, nas municipais de 2004. Est\u00e3o l\u00e1 a fal\u00e1cia midi\u00e1tica, a rela\u00e7\u00e3o obscena com a especula\u00e7\u00e3o imobili\u00e1ria (via PDDU), e a subservi\u00eancia ideol\u00f3gica ao caciquismo, no limite do emburrecimento. S\u00f3 falta a trucul\u00eancia e a viol\u00eancia f\u00edsica, p\u00fablica e assumida. Sinceramente, n\u00e3o creio que estas vir\u00e3o &#8211; n\u00e3o por bondade, mas por cinismo da parte deles. N\u00e3o obstante, laivos aparecem, e os ambulantes do Iguatemi j\u00e1 devem estar arrependidos de terem votado em quem votaram e em quem divulgavam a gritos e adesivos de &#8220;15&#8221; que iriam votar&#8230;<\/p>\n","protected":false},"excerpt":{"rendered":"<p>do Pol\u00edtica Livre: Conviria ao prefeito Jo\u00e3o Henrique (PMDB) duas alternativas em momentos pol\u00edticos delicados, como o criado ontem com a publica\u00e7\u00e3o de um artigo do ministro Geddel Vieira Lima (Integra\u00e7\u00e3o Nacional), abrindo m\u00e3o dos cargos no governo Wagner: cavar um buraco para se meter dentro ou ent\u00e3o ficar nos [&hellip;]<\/p>\n","protected":false},"author":2,"featured_media":0,"comment_status":"closed","ping_status":"open","sticky":false,"template":"","format":"standard","meta":{"footnotes":""},"categories":[9],"tags":[20,285,354,85,149,353,278,123,122,15],"class_list":["post-664","post","type-post","status-publish","format-standard","hentry","category-01viver","tag-bahia","tag-brasil","tag-cacique","tag-carlismo","tag-geddel-vieira-lima","tag-joao-henrique-barradas-carneiro","tag-paulo-souto","tag-pfl","tag-pmdb","tag-salvador"],"_links":{"self":[{"href":"https:\/\/www.ultimobaile.com\/index.php?rest_route=\/wp\/v2\/posts\/664","targetHints":{"allow":["GET"]}}],"collection":[{"href":"https:\/\/www.ultimobaile.com\/index.php?rest_route=\/wp\/v2\/posts"}],"about":[{"href":"https:\/\/www.ultimobaile.com\/index.php?rest_route=\/wp\/v2\/types\/post"}],"author":[{"embeddable":true,"href":"https:\/\/www.ultimobaile.com\/index.php?rest_route=\/wp\/v2\/users\/2"}],"replies":[{"embeddable":true,"href":"https:\/\/www.ultimobaile.com\/index.php?rest_route=%2Fwp%2Fv2%2Fcomments&post=664"}],"version-history":[{"count":7,"href":"https:\/\/www.ultimobaile.com\/index.php?rest_route=\/wp\/v2\/posts\/664\/revisions"}],"predecessor-version":[{"id":4460,"href":"https:\/\/www.ultimobaile.com\/index.php?rest_route=\/wp\/v2\/posts\/664\/revisions\/4460"}],"wp:attachment":[{"href":"https:\/\/www.ultimobaile.com\/index.php?rest_route=%2Fwp%2Fv2%2Fmedia&parent=664"}],"wp:term":[{"taxonomy":"category","embeddable":true,"href":"https:\/\/www.ultimobaile.com\/index.php?rest_route=%2Fwp%2Fv2%2Fcategories&post=664"},{"taxonomy":"post_tag","embeddable":true,"href":"https:\/\/www.ultimobaile.com\/index.php?rest_route=%2Fwp%2Fv2%2Ftags&post=664"}],"curies":[{"name":"wp","href":"https:\/\/api.w.org\/{rel}","templated":true}]}}