{"id":662,"date":"2008-11-18T09:38:12","date_gmt":"2008-11-18T12:38:12","guid":{"rendered":"http:\/\/www.ultimobaile.com\/?p=662"},"modified":"2025-12-24T13:03:54","modified_gmt":"2025-12-24T16:03:54","slug":"feira-baiana-de-comunicacao-solidaria","status":"publish","type":"post","link":"https:\/\/www.ultimobaile.com\/?p=662","title":{"rendered":"Feira Baiana de Comunica\u00e7\u00e3o Solid\u00e1ria"},"content":{"rendered":"<p style=\"text-align: justify;\">Empresas e organiza\u00e7\u00f5es n\u00e3o governamentais estar\u00e3o reunidas de 19 a 22 de novembro na <a href=\"http:\/\/www.feirabaianadecomunicacao.com.br\/\" target=\"_blank\">Feira Baiana de Comunica\u00e7\u00e3o Solid\u00e1ria.<\/a> O evento, que vai apresentar e discutir experi\u00eancias em que a comunica\u00e7\u00e3o \u00e9 usada para a promo\u00e7\u00e3o humana, acontece no Goethe Institut &#8211; Instituto Cultural Brasil Alemanha, em Salvador e ter\u00e1 a participa\u00e7\u00e3o de grupos de comunica\u00e7\u00e3o como A Tarde, Rede Bahia e a ag\u00eancia Engenho Novo, al\u00e9m das Obras Sociais Irm\u00e3 Dulce e Instituto \u00cdris, entre outros.<\/p>\n<p style=\"text-align: justify;\">Em paralelo \u00e0s palestras, acontece uma feira. A confer\u00eancia de abertura, no dia 19, ser\u00e1 proferida pelo professor, escritor e jornalista Emiliano Jos\u00e9.<\/p>\n<p class=\"MsoNormal\" style=\"margin: 0cm 0cm 0pt; line-height: 150%; text-align: justify;\"><strong style=\"mso-bidi-font-weight: normal;\">Onde<\/strong>: Goetch Institut &#8211; Instituto Cultural Brasil Alemanha \u2013 Avenida Sete de Setembro, 1809, Corredor da Vit\u00f3ria &#8211; Salvador-Ba<\/p>\n<p class=\"MsoNormal\" style=\"margin: 0cm 0cm 0pt; line-height: 150%; text-align: justify;\"><strong style=\"mso-bidi-font-weight: normal;\">Quando<\/strong>: 19 a 22 de novembro, das 9 \u00e0s 17 horas.<\/p>\n<p class=\"MsoNormal\" style=\"margin: 0cm 0cm 0pt; line-height: 150%; text-align: justify;\"><strong style=\"mso-bidi-font-weight: normal;\">Quanto<\/strong>: Feira: 1 kit escolar (caderno pequeno, l\u00e1pis, caneta e borracha)<\/p>\n<p class=\"MsoNormal\" style=\"margin: 0cm 0cm 0pt; line-height: 150%; text-align: justify;\"><span style=\"mso-spacerun: yes;\">              <\/span>Palestras: R$ 15,00 por dia ou pacotes de acesso que variam de R$ 25,00 a R$ 60,00<\/p>\n<p class=\"MsoNormal\" style=\"margin: 0cm 0cm 0pt; line-height: 150%; text-align: justify;\"><strong style=\"mso-bidi-font-weight: normal;\">Realiza\u00e7\u00e3o<\/strong>: Arquidiocese de S\u00e3o Salvador da Bahia<\/p>\n","protected":false},"excerpt":{"rendered":"<p>Empresas e organiza\u00e7\u00f5es n\u00e3o governamentais estar\u00e3o reunidas de 19 a 22 de novembro na Feira Baiana de Comunica\u00e7\u00e3o Solid\u00e1ria. O evento, que vai apresentar e discutir experi\u00eancias em que a comunica\u00e7\u00e3o \u00e9 usada para a promo\u00e7\u00e3o humana, acontece no Goethe Institut &#8211; Instituto Cultural Brasil Alemanha, em Salvador e ter\u00e1 [&hellip;]<\/p>\n","protected":false},"author":2,"featured_media":0,"comment_status":"closed","ping_status":"open","sticky":false,"template":"","format":"standard","meta":{"footnotes":""},"categories":[13,12,9],"tags":[350,20,351,352,269,15],"class_list":["post-662","post","type-post","status-publish","format-standard","hentry","category-01ler","category-01ver","category-01viver","tag-arquidiocese-de-sao-salvador-da-bahia","tag-bahia","tag-feira-baiana-de-comunicacao-solidaria","tag-goethe-institut","tag-icba","tag-salvador"],"_links":{"self":[{"href":"https:\/\/www.ultimobaile.com\/index.php?rest_route=\/wp\/v2\/posts\/662","targetHints":{"allow":["GET"]}}],"collection":[{"href":"https:\/\/www.ultimobaile.com\/index.php?rest_route=\/wp\/v2\/posts"}],"about":[{"href":"https:\/\/www.ultimobaile.com\/index.php?rest_route=\/wp\/v2\/types\/post"}],"author":[{"embeddable":true,"href":"https:\/\/www.ultimobaile.com\/index.php?rest_route=\/wp\/v2\/users\/2"}],"replies":[{"embeddable":true,"href":"https:\/\/www.ultimobaile.com\/index.php?rest_route=%2Fwp%2Fv2%2Fcomments&post=662"}],"version-history":[{"count":1,"href":"https:\/\/www.ultimobaile.com\/index.php?rest_route=\/wp\/v2\/posts\/662\/revisions"}],"predecessor-version":[{"id":663,"href":"https:\/\/www.ultimobaile.com\/index.php?rest_route=\/wp\/v2\/posts\/662\/revisions\/663"}],"wp:attachment":[{"href":"https:\/\/www.ultimobaile.com\/index.php?rest_route=%2Fwp%2Fv2%2Fmedia&parent=662"}],"wp:term":[{"taxonomy":"category","embeddable":true,"href":"https:\/\/www.ultimobaile.com\/index.php?rest_route=%2Fwp%2Fv2%2Fcategories&post=662"},{"taxonomy":"post_tag","embeddable":true,"href":"https:\/\/www.ultimobaile.com\/index.php?rest_route=%2Fwp%2Fv2%2Ftags&post=662"}],"curies":[{"name":"wp","href":"https:\/\/api.w.org\/{rel}","templated":true}]}}