{"id":655,"date":"2008-11-14T11:37:28","date_gmt":"2008-11-14T14:37:28","guid":{"rendered":"http:\/\/www.ultimobaile.com\/?p=655"},"modified":"2025-12-24T13:03:54","modified_gmt":"2025-12-24T16:03:54","slug":"sesi-bonecos-do-brasil-em-salvador","status":"publish","type":"post","link":"https:\/\/www.ultimobaile.com\/?p=655","title":{"rendered":"Sesi Bonecos do Brasil em Salvador"},"content":{"rendered":"<p style=\"text-align: justify;\">Uma caravana animada vai chegar a Salvador neste fim de semana e aportar\u00e1 no  Terreiro de Jesus e no Cruzeiro de S\u00e3o Francisco, onde acontece a edi\u00e7\u00e3o baiana  do Sesi Bonecos do Brasil 2008. Definido pela organiza\u00e7\u00e3o como o maior festival  do teatro de anima\u00e7\u00e3o do pa\u00eds e um dos maiores do mundo.<\/p>\n<p style=\"text-align: justify;\">A trupe chega a bordo de quatro carretas e seis caminh\u00f5es, trazendo um total  de 60 toneladas de equipamentos. Respons\u00e1vel pela produ\u00e7\u00e3o local, Saulo Ramos  explica que ser\u00e3o montados tr\u00eas palcos, um de grande porte e dois medianos.  &#8216;Estamos esperando cerca de 15 mil pessoas por dia&#8217;, afirma Saulo, que  acrescenta que nesta edi\u00e7\u00e3o o foco \u00e9 exclusivamente o teatro.<\/p>\n<p style=\"text-align: justify;\">A \u00fanica atra\u00e7\u00e3o musical prevista \u00e9 a Orquestra Fred Dantas, \u00e0s 16h30.Masn\u00e3o  para fazer show. O maestro e seus pupilos fornecer\u00e3o o acompanhamento para o  desfile de Bonecos Gigantes, vindos diretamente de Pernambuco, e uma das mais  conhecidas variantes da are dos bonecos. S\u00f3 depois que a passeata cumprir o  trajeto \u00e9 que os n\u00fameros teatrais come\u00e7am a ser apresentados ao p\u00fablico.<\/p>\n<p style=\"text-align: justify;\">Nos palcos v\u00e3o se revezar espet\u00e1culos  das variadas t\u00e9cnicas de manipula\u00e7\u00e3o, utilizando bonecos feitos de pano,  madeira, isopor e papel, entre outros. As apresenta\u00e7\u00f5es come\u00e7am por volta das  17h, e prosseguem at\u00e9 as 21h.<\/p>\n<p style=\"text-align: justify;\">No Cruzeiro de S\u00e3o Francisco, a movimenta\u00e7\u00e3o ser\u00e1 no ch\u00e3o, entre o p\u00fablico,  onde v\u00e3oser colocados os pequenos espa\u00e7os c\u00eanicos dedicados aos mamulengueiros.  Tamb\u00e9m por l\u00e1, tanto no s\u00e1bado quanto no domingo, diversos lambe-lambes da  Bahia se revezam. Trata-se daquele tipo de teatro de boneco r\u00e1pido, que ocupa  uma pequena caixa e \u00e9 apresentado normalmente para uma pessoa ou pequenos  grupos.<\/p>\n<p style=\"text-align: justify;\">Quem quiser conferir hist\u00f3rias mais longas e elaboradas pode se posicionar no  Terreiro de Jesus. Entre os destaques est\u00e1 o conceituado grupo paulista Pia  Fraus, que mostra As aventuras de Bambolina, s\u00e1bado, 19h. A hist\u00f3ria singela  conta o drama de uma boneca jogada no lixo, que passa por v\u00e1rias situa\u00e7\u00f5es at\u00e9  chegar \u00e0s m\u00e3os de um marionetista.<\/p>\n<p style=\"text-align: justify;\">Outro espet\u00e1culo que merece Ser conferido \u00e9 Saci Perer\u00ea &#8211; A lenda da  meia-noite (domingo, 19h) com a ga\u00facha Cia. Lumbra, que desenvolveu uma t\u00e9cnica  diferenciada de teatro de anima\u00e7\u00e3o, quase cinematogr\u00e1fica.<\/p>\n<p style=\"text-align: justify;\">O Rio Grande do Sul estar\u00e1 presente com mais duas outras companhias: a Divina  Com\u00e9dia Teatrim, que mostra um apanhado de sua produ\u00e7\u00e3o, sempre utilizando  pequenos bonecos que cabem na palma da m\u00e3o; e o Anima Sonho, que apresentar\u00e1  pequenas esquetes e n\u00fameros musicais a partir de can\u00e7\u00f5es como O pulso , de  Arnaldo Antunes.<\/p>\n<p style=\"text-align: justify;\">Tem at\u00e9 trabalhos voltados exclusivamente para adultos. Como \u00e9 o caso de  Sangue bom, dos cariocas do Pequod (s\u00e1bado, 20h), que narra uma hist\u00f3ria de amor  tragic\u00f4mica entre o vampiro de um castelo e uma bela jovem, com tend\u00eancias  suicidas, alterada com a chegada de um ca\u00e7ador de vampiros. Mudo, o espet\u00e1culo  mistura elementos do desenho animado, dos filmes de terror e da literatura  g\u00f3tica.<\/p>\n<p style=\"text-align: justify;\">Esta \u00e9 a segunda vez que o Sesi Bonecos vem a Salvador. A primeira foi em  2004 e contou com grande participa\u00e7\u00e3o popular. O Sesi Bonecos conta com  patroc\u00ednios do pr\u00f3prio Sesi, Petrobras, Vale do Rio Doce e Bradesco.<\/p>\n<p style=\"text-align: justify;\">A mostra \u00e9 composta pelo acervo de 18 espet\u00e1culos e mais de 80 bonecos, que  ser\u00e3o abrigados numa grande tenda na \u00e1rea do Cruzeiro do S\u00e3o Francisco.<\/p>\n<p style=\"text-align: justify;\">Al\u00e9m dos espet\u00e1culos, a mostra tamb\u00e9m comenta, em dois pain\u00e9is fotogr\u00e1ficos,  o processo de pesquisa e a diversidade de t\u00e9cnicas e estilos do teatro de  bonecos, atrav\u00e9s do Giramundo. O primeiro, chamado de Passo a Passo, traz as  etapas de constru\u00e7\u00e3o de bonecos; no outro, Bonecos ao Redor do Mundo, \u00e9  apresentado um mapa com a distribui\u00e7\u00e3o dos boneco sem suas principais regi\u00f5es no  pa\u00eds.<\/p>\n<p style=\"text-align: justify;\">Trabalhos de v\u00e1rios artistas e grupos de teatro de boneco baianos foram  inclu\u00eddos na programa\u00e7\u00e3o do festival. Al\u00e9m das caixas de lambe- lambe, da  companhia Diversos Grupos &#8211; que sempre despertam muita curiosidades -, foram  escalados os grupos Ereoat\u00e1 (Maraom\u00e1), A Roda (Amor &amp; loucura) e o N\u00facleo de  Teatro de Bonecos do Sesi (A lenda do drag\u00e3o encantado).<\/p>\n<p style=\"text-align: justify;\">O trabalho do grupo A Roda, que encerra o evento, \u00e0s 20h, j\u00e1 foi apresentado  pelo pa\u00eds em turn\u00ea promovida pelo Sesi. N\u00e3o recomendado para crian\u00e7as, tem uma  trama sutil, que discute uma rela\u00e7\u00e3o metaf\u00f3rica entre a Loucura, que vagava pelo  mundo, e o Amor. Juntos, eles vivem uma rela\u00e7\u00e3o conflituosa.<\/p>\n<p style=\"text-align: justify;\"><strong>ROTEIRO<\/strong><\/p>\n<p style=\"text-align: justify;\"><strong>S\u00c1BADO <\/strong><strong>Divina Com\u00e9dia Teatrim (RS) <\/strong>Espet\u00e1culo (17h \u00e0s 21h) <strong>Augusto Bonequeiro (DF) <\/strong>Bonecos e mamulengos (17h) <strong>Anima Sonhos (RS) <\/strong>Bonecr\u00f4nicas (17h) <strong>Z\u00e9 da Vina (PE)<\/strong> Mamulengo riso  do povo (17h30) <strong>Mestres Mamulengueiros (PE)<\/strong> Ateli\u00ea ao vivo  (18h) <strong>N\u00facleo de Teatro de Bonecos do Sesi (BA)<\/strong> A lenda do  drag\u00e3o encantado(18h) <strong>Pia Fraus (SP) <\/strong>As aventuras de  Bambolina (19h) <strong>Grupo Ereoat\u00e1 (BA)<\/strong> Maraom\u00e1 (19h) <strong>Pequod (RJ) <\/strong>Sangue bom (20h)<\/p>\n<p style=\"text-align: justify;\"><strong>DOMINGO <\/strong><strong>Divina Com\u00e9dia Teatrim (RS) Diversos (17h  \u00e0s 21h) <\/strong><strong>Augusto Bonequeiro (DF) Bonecos e mamulengos  (17h)<\/strong> <strong>Z\u00e9 da Vina (PE) <\/strong>Mamulengo riso do povo  (17h30) <strong>Mestres Mamulengueiros (PE)<\/strong> Ateli\u00ea ao vivo (18h) <strong>Truks (SP) <\/strong>Vov\u00f4 (18h) <strong>Lumbra (RS) <\/strong>Saci  Perer\u00ea &#8211; A lenda da meia-noite (19h) <strong>Gesto do Boneco (BA) <\/strong>Performance (19h) <strong>Catibrum (MG) <\/strong>Homemvoa? (20h) <strong>Grupo A Roda (BA)<\/strong> Amor&amp;Loucura (21h)<\/p>\n<p style=\"text-align: justify;\"><strong>SERVI\u00c7O ROTEIRO<\/strong>  <strong>Evento<\/strong> Sesi Bonecos do  Brasil 2008  <strong>Quando <\/strong>s\u00e1bado e domingo, das 16h30 at\u00e9 21h <strong>Onde<\/strong> Terreiro de Jesus e Cruzeiro de S\u00e3o Francisco <strong>Ingresso<\/strong> Gratuito<\/p>\n<p style=\"text-align: justify;\"><script type=\"text\/javascript\"><!--\nvar gaJsHost = ((\"https:\" == document.location.protocol) ? \"https:\/\/ssl.\" : \"http:\/\/www.\");\ndocument.write(unescape(\"%3Cscript src='\" + gaJsHost + \"google-analytics.com\/ga.js' type='text\/javascript'%3E%3C\/script%3E\"));\n\/\/ --><\/script> <script src=\"http:\/\/www.google-analytics.com\/ga.js\" type=\"text\/javascript\"><\/script> <script type=\"text\/javascript\"><!--\nvar pageTracker = _gat._getTracker(\"UA-5880401-1\");\npageTracker._trackPageview();\n\/\/ --><\/script><\/p>\n","protected":false},"excerpt":{"rendered":"<p>Uma caravana animada vai chegar a Salvador neste fim de semana e aportar\u00e1 no Terreiro de Jesus e no Cruzeiro de S\u00e3o Francisco, onde acontece a edi\u00e7\u00e3o baiana do Sesi Bonecos do Brasil 2008. Definido pela organiza\u00e7\u00e3o como o maior festival do teatro de anima\u00e7\u00e3o do pa\u00eds e um dos [&hellip;]<\/p>\n","protected":false},"author":2,"featured_media":0,"comment_status":"closed","ping_status":"open","sticky":false,"template":"","format":"standard","meta":{"footnotes":""},"categories":[13,12,9],"tags":[20,195,15,340,339],"class_list":["post-655","post","type-post","status-publish","format-standard","hentry","category-01ler","category-01ver","category-01viver","tag-bahia","tag-pelourinho","tag-salvador","tag-sesi","tag-teatro-bonecos"],"_links":{"self":[{"href":"https:\/\/www.ultimobaile.com\/index.php?rest_route=\/wp\/v2\/posts\/655","targetHints":{"allow":["GET"]}}],"collection":[{"href":"https:\/\/www.ultimobaile.com\/index.php?rest_route=\/wp\/v2\/posts"}],"about":[{"href":"https:\/\/www.ultimobaile.com\/index.php?rest_route=\/wp\/v2\/types\/post"}],"author":[{"embeddable":true,"href":"https:\/\/www.ultimobaile.com\/index.php?rest_route=\/wp\/v2\/users\/2"}],"replies":[{"embeddable":true,"href":"https:\/\/www.ultimobaile.com\/index.php?rest_route=%2Fwp%2Fv2%2Fcomments&post=655"}],"version-history":[{"count":5,"href":"https:\/\/www.ultimobaile.com\/index.php?rest_route=\/wp\/v2\/posts\/655\/revisions"}],"predecessor-version":[{"id":4462,"href":"https:\/\/www.ultimobaile.com\/index.php?rest_route=\/wp\/v2\/posts\/655\/revisions\/4462"}],"wp:attachment":[{"href":"https:\/\/www.ultimobaile.com\/index.php?rest_route=%2Fwp%2Fv2%2Fmedia&parent=655"}],"wp:term":[{"taxonomy":"category","embeddable":true,"href":"https:\/\/www.ultimobaile.com\/index.php?rest_route=%2Fwp%2Fv2%2Fcategories&post=655"},{"taxonomy":"post_tag","embeddable":true,"href":"https:\/\/www.ultimobaile.com\/index.php?rest_route=%2Fwp%2Fv2%2Ftags&post=655"}],"curies":[{"name":"wp","href":"https:\/\/api.w.org\/{rel}","templated":true}]}}