{"id":637,"date":"2008-11-13T10:40:48","date_gmt":"2008-11-13T13:40:48","guid":{"rendered":"http:\/\/www.ultimobaile.com\/?p=637"},"modified":"2025-12-24T13:03:54","modified_gmt":"2025-12-24T16:03:54","slug":"ii%c2%ba-festival-de-jazz-de-praia-do-forte","status":"publish","type":"post","link":"https:\/\/www.ultimobaile.com\/?p=637","title":{"rendered":"II\u00ba Festival de Jazz de Praia do Forte"},"content":{"rendered":"<p><a href=\"https:\/\/www.ultimobaile.com\/wp-content\/uploads\/2008\/11\/email_semanadojazz_sv2008.jpg\"><\/a>Sem coment\u00e1rios! Basta olhar o cartaz abaixo. Nota: o pre\u00e7o \u00e9 referente apenas a hospedagem na premiada Pousada Sobrado da Vila (cujos donos v\u00eam a ser amigos de alguns tios meus: Rosa e Firmo). <strong>O evento, em si, \u00e9 de gra\u00e7a!<\/strong><\/p>\n<p><a href=\"https:\/\/www.ultimobaile.com\/wp-content\/uploads\/2008\/11\/email_semanadojazz_sv2008.jpg\"><img loading=\"lazy\" decoding=\"async\" class=\"aligncenter size-full wp-image-639\" title=\"Festival Jazz Praia do Forte 2008\" src=\"https:\/\/www.ultimobaile.com\/wp-content\/uploads\/2008\/11\/email_semanadojazz_sv2008.jpg\" alt=\"\" width=\"500\" height=\"1255\" srcset=\"https:\/\/www.ultimobaile.com\/wp-content\/uploads\/2008\/11\/email_semanadojazz_sv2008.jpg 800w, https:\/\/www.ultimobaile.com\/wp-content\/uploads\/2008\/11\/email_semanadojazz_sv2008-119x300.jpg 119w\" sizes=\"auto, (max-width: 500px) 100vw, 500px\" \/><\/a><\/p>\n<p>.<\/p>\n<p>.<\/p>\n<p>.<\/p>\n<p>.<\/p>\n<p>.<\/p>\n<p>.<\/p>\n<p>.<\/p>\n<p>.<\/p>\n<p>.<\/p>\n<p>.<\/p>\n<p>.<\/p>\n<p>.<\/p>\n<p>.<\/p>\n<p>.<\/p>\n<p>.<\/p>\n<p>.<\/p>\n<p>.<\/p>\n<p>.<\/p>\n<p>.<\/p>\n<p>.<\/p>\n<p>.<\/p>\n<p>.<\/p>\n<p>.<\/p>\n<p>.<\/p>\n<p>.<\/p>\n<p>.<\/p>\n<p>.<\/p>\n<p>.<\/p>\n<p>.<\/p>\n<p>.<\/p>\n<p>.<\/p>\n<p>.<\/p>\n<p>.<\/p>\n<p>.<\/p>\n<p>.<\/p>\n<p>.<\/p>\n<p>.<\/p>\n<p>.<\/p>\n<p>.<\/p>\n<p>.<\/p>\n<p>.<\/p>\n<p>.<\/p>\n<p>.<\/p>\n<p>.<\/p>\n<p><em>(como o cartaz t\u00e1 ficando hora cagado, hora n\u00e3o, vou listar aqui as atra\u00e7\u00f5es:<\/em><\/p>\n<p><em>14\/11 &#8211; Stanley Jordan (EUA) &amp; Jurassik Quartet;<\/em><\/p>\n<p><em>15\/11 &#8211; Arthur Moreira Lima &amp; Filarm\u00f4nica Municipal de Mata de S\u00e3o Jo\u00e3o;<\/em><\/p>\n<p><em>21\/11 &#8211; Armandinho Macedo, Yamand\u00fa Costa &amp; Ra\u00edzes do Forte;<\/em><\/p>\n<p><em>22\/11 &#8211; Hermeto Pascoal;<\/em><\/p>\n<p><em>28\/11 &#8211; Ramiro Mussoto &amp; O Kontra;<\/em><\/p>\n<p><em>29\/11 &#8211; Manoel Miranda (Per\u00fa) &amp; Orkestra Rumpilezz;<\/em><\/p>\n<p><em>05\/11 &#8211; Spok Frevo Orquestra &amp; Zeca Freitas Trio; <\/em><\/p>\n<p><em>06\/11 &#8211; Steve Coleman (EUA) &amp; Fanfarra Municipal de Mata de S\u00e3o Jo\u00e3o)<\/em><\/p>\n<p style=\"text-align: justify;\">Praia do Forte \u00e9 um dos poucos lugares do Brasil onde voc\u00ea pode estacionar o carro e ningu\u00e9m vai te pedir pra &#8220;guardar ele pra ganhar uns trocados&#8221;; em que entre uma loja da Richards e uma Joalheiria, tem uma escola municipal, e voc\u00ea n\u00e3o sabe qual \u00e9 a joalheria e qual a escola; e onde voc\u00ea pode andar na rua e ningu\u00e9m vai te mendigar moedas, nem te oferecer coisas pra comprar &#8220;pra me ajudar, tio&#8221; (embora vendedores ambulantes tenham muitos, at\u00e9 suas t\u00e9cnicas de venda s\u00e3o dignas!).<\/p>\n<p style=\"text-align: justify;\">Modelo de capitalismo de ponta, mais inclusivo, surgido h\u00e1 mais de 20 anos com a gringalhada que l\u00e1 aportou e com o <a href=\"http:\/\/www.tamar.org.br\/\" target=\"_blank\">Projeto TAMAR<\/a>, Praia do Forte \u00e9 um dos balne\u00e1rios mais ricos do mundo &#8211; sem gerar pobreza; uma das vilas mais charmosamente r\u00fasticas, sem gerar favelas. Se h\u00e1 mans\u00f5es e pousadas de charme, ao lado a casas simples de gente humilde, mas sem mis\u00e9ria ou pobreza. Na vila, nenhuma constru\u00e7\u00e3o pode exceder tr\u00eas andares, e n\u00e3o entra mais carro. Os taxis s\u00e3o quadriciclos, mas nem precisa, porque \u00e9 hiperarborizada: por lei municipal, todo pr\u00e9dio, p\u00fablico ou privado, comercial ou dom\u00e9stico, tem de construir jardim na frente e no quintal.<\/p>\n<p style=\"text-align: justify;\">Muito disso \u00e9 m\u00e9rito do Prefeito reeleito de Mata de S\u00e3o Jo\u00e3o, Jo\u00e3o Gualberto. Embora de um partido de direita, o Progressista (PP), n\u00e3o tenho noticia de gestor que tenha unido t\u00e3o bem o capital industrial internacional ao capital artesanal local; o retorno p\u00fablico com o investimento privado. Praia do Forte despontou com processo e \u00e9poca semelhante a Morro de S\u00e3o Paulo, na Ilha de Tinhar\u00e9, mas \u00e9 hoje o anti-Morro: Morro est\u00e1 depredado, com praias hoje imundas (e anteriormente, tailandesas de t\u00e3o limpas), com favela, tr\u00e1fico de droga e uma popula\u00e7\u00e3o excluida do processo de produ\u00e7\u00e3o de bens e capitais.<\/p>\n<p style=\"text-align: justify;\">Praia do Forte \u00e9 o exato oposto, e tinha tudo pra n\u00e3o ser, j\u00e1 que fica a 40 minutos de Salvador.<\/p>\n<p style=\"text-align: justify;\">E, bem, vai ter festival de jazz de novo. Com Stanley Jordan, Spok Frevo Orquestra, Armandinho Macedo. Quase dois meses de Festival. De gra\u00e7a! Mas Aninha Franco continua falando que a Bahia \u00e9 &#8220;Balne\u00e1rio sem cultura&#8221;. Deve ter se contaminado da psicose de Olavo de Carvalho. Em breve, inventar\u00e1 que o Foro de S\u00e3o Paulo tem sucursal em Ilh\u00e9us e Vit\u00f3ria da Conquista. E que Wagner \u00e9 um terrorista judeu neo-nazi.<\/p>\n<p style=\"text-align: justify;\">Surpreende mesmo \u00e9 a Grobo, a TV Jah-ia: Gualberto \u00e9 de direita, mas n\u00e3o \u00e9 carlista. \u00c9 um pragmatista radical. Com efeitos embasbacantes n\u00e3o apenas de redu\u00e7\u00e3o da pobreza, mas de preven\u00e7\u00e3o da mis\u00e9ria e de produ\u00e7\u00e3o e distribui\u00e7\u00e3o radical e expressiva de bens, servi\u00e7os, produtos, emprego e capitais. S\u00f3 que a Grobo silencia em rela\u00e7\u00e3o a isso: a Grobo n\u00e3o \u00e9 anti-PTista, \u00e9 escravocrata mesmo!  <\/p>\n","protected":false},"excerpt":{"rendered":"<p>Sem coment\u00e1rios! Basta olhar o cartaz abaixo. Nota: o pre\u00e7o \u00e9 referente apenas a hospedagem na premiada Pousada Sobrado da Vila (cujos donos v\u00eam a ser amigos de alguns tios meus: Rosa e Firmo). O evento, em si, \u00e9 de gra\u00e7a! . . . . . . . . . [&hellip;]<\/p>\n","protected":false},"author":2,"featured_media":0,"comment_status":"closed","ping_status":"open","sticky":false,"template":"","format":"standard","meta":{"footnotes":""},"categories":[11,10,12,9],"tags":[338,20,106,331,335,334,332,333,15,337,336],"class_list":["post-637","post","type-post","status-publish","format-standard","hentry","category-01beber","category-01comer","category-01ver","category-01viver","tag-armandinho-macedo","tag-bahia","tag-jazz","tag-joao-gualberto","tag-mata-de-sao-joao","tag-morro-de-sao-paulo","tag-pp","tag-praia-do-forte","tag-salvador","tag-spok-frevo-orquestra","tag-stanley-jordan"],"_links":{"self":[{"href":"https:\/\/www.ultimobaile.com\/index.php?rest_route=\/wp\/v2\/posts\/637","targetHints":{"allow":["GET"]}}],"collection":[{"href":"https:\/\/www.ultimobaile.com\/index.php?rest_route=\/wp\/v2\/posts"}],"about":[{"href":"https:\/\/www.ultimobaile.com\/index.php?rest_route=\/wp\/v2\/types\/post"}],"author":[{"embeddable":true,"href":"https:\/\/www.ultimobaile.com\/index.php?rest_route=\/wp\/v2\/users\/2"}],"replies":[{"embeddable":true,"href":"https:\/\/www.ultimobaile.com\/index.php?rest_route=%2Fwp%2Fv2%2Fcomments&post=637"}],"version-history":[{"count":15,"href":"https:\/\/www.ultimobaile.com\/index.php?rest_route=\/wp\/v2\/posts\/637\/revisions"}],"predecessor-version":[{"id":4463,"href":"https:\/\/www.ultimobaile.com\/index.php?rest_route=\/wp\/v2\/posts\/637\/revisions\/4463"}],"wp:attachment":[{"href":"https:\/\/www.ultimobaile.com\/index.php?rest_route=%2Fwp%2Fv2%2Fmedia&parent=637"}],"wp:term":[{"taxonomy":"category","embeddable":true,"href":"https:\/\/www.ultimobaile.com\/index.php?rest_route=%2Fwp%2Fv2%2Fcategories&post=637"},{"taxonomy":"post_tag","embeddable":true,"href":"https:\/\/www.ultimobaile.com\/index.php?rest_route=%2Fwp%2Fv2%2Ftags&post=637"}],"curies":[{"name":"wp","href":"https:\/\/api.w.org\/{rel}","templated":true}]}}