{"id":633,"date":"2008-11-11T09:02:21","date_gmt":"2008-11-11T12:02:21","guid":{"rendered":"http:\/\/www.ultimobaile.com\/?p=633"},"modified":"2025-12-24T13:03:54","modified_gmt":"2025-12-24T16:03:54","slug":"ix%c2%aa-bienal-de-artes-do-reconcavo","status":"publish","type":"post","link":"https:\/\/www.ultimobaile.com\/?p=633","title":{"rendered":"IX\u00aa Bienal de Artes do Rec\u00f4ncavo"},"content":{"rendered":"<p style=\"text-align: justify;\">Para maior g\u00e1udio meu, n\u00e3o s\u00f3 Cachoeira estar\u00e1 em festa de Nossa Senhora da Ajuda (com a Oficina de Frevos &amp; Dobrados de Fred Dantas tocando madrugada a dentro), como em S\u00e3o F\u00e9lix tem, desde s\u00e1bado at\u00e9 fevereiro de 2009, a <a href=\"www.centroculturaldannemann.com.br\" target=\"_blank\">IX\u00aa Bienal Nacional de Artes do Rec\u00f4ncavo<\/a>.<\/p>\n<p style=\"text-align: justify;\">S\u00e3o 250 trabalhos de mais de 100 artistas do pa\u00eds inteiro, expostos de gra\u00e7a no Centro Cultural Dannemann, nas min\u00fasculas e cosmopolitas cidades geminadas (e Her\u00f3icas) das margems do rio da unidade estadual: o Paragua\u00e7\u00fa &#8211; que nasce l\u00e1 na Chapada, corta o Rec\u00f4ncavo, e des\u00e1gua caudaloso em Todos os Santos.<\/p>\n<p style=\"text-align: justify;\">Depois vem Aninha Franco, o Jornal J\u00e1-vai-Tarde e a Rede Grobo dizer que a Bahia \u00e9 um &#8220;balne\u00e1rio&#8221; (sic) &#8220;sem cultura&#8221; (sic). <\/p>\n","protected":false},"excerpt":{"rendered":"<p>Para maior g\u00e1udio meu, n\u00e3o s\u00f3 Cachoeira estar\u00e1 em festa de Nossa Senhora da Ajuda (com a Oficina de Frevos &amp; Dobrados de Fred Dantas tocando madrugada a dentro), como em S\u00e3o F\u00e9lix tem, desde s\u00e1bado at\u00e9 fevereiro de 2009, a IX\u00aa Bienal Nacional de Artes do Rec\u00f4ncavo. S\u00e3o 250 [&hellip;]<\/p>\n","protected":false},"author":2,"featured_media":0,"comment_status":"closed","ping_status":"open","sticky":false,"template":"","format":"standard","meta":{"footnotes":""},"categories":[11,10,12,9],"tags":[330,20,329,4,31,14,15,32],"class_list":["post-633","post","type-post","status-publish","format-standard","hentry","category-01beber","category-01comer","category-01ver","category-01viver","tag-artes-plasticas","tag-bahia","tag-bienal-de-artes","tag-cachoeira","tag-paraguacu","tag-reconcavo","tag-salvador","tag-sao-felix"],"_links":{"self":[{"href":"https:\/\/www.ultimobaile.com\/index.php?rest_route=\/wp\/v2\/posts\/633","targetHints":{"allow":["GET"]}}],"collection":[{"href":"https:\/\/www.ultimobaile.com\/index.php?rest_route=\/wp\/v2\/posts"}],"about":[{"href":"https:\/\/www.ultimobaile.com\/index.php?rest_route=\/wp\/v2\/types\/post"}],"author":[{"embeddable":true,"href":"https:\/\/www.ultimobaile.com\/index.php?rest_route=\/wp\/v2\/users\/2"}],"replies":[{"embeddable":true,"href":"https:\/\/www.ultimobaile.com\/index.php?rest_route=%2Fwp%2Fv2%2Fcomments&post=633"}],"version-history":[{"count":3,"href":"https:\/\/www.ultimobaile.com\/index.php?rest_route=\/wp\/v2\/posts\/633\/revisions"}],"predecessor-version":[{"id":636,"href":"https:\/\/www.ultimobaile.com\/index.php?rest_route=\/wp\/v2\/posts\/633\/revisions\/636"}],"wp:attachment":[{"href":"https:\/\/www.ultimobaile.com\/index.php?rest_route=%2Fwp%2Fv2%2Fmedia&parent=633"}],"wp:term":[{"taxonomy":"category","embeddable":true,"href":"https:\/\/www.ultimobaile.com\/index.php?rest_route=%2Fwp%2Fv2%2Fcategories&post=633"},{"taxonomy":"post_tag","embeddable":true,"href":"https:\/\/www.ultimobaile.com\/index.php?rest_route=%2Fwp%2Fv2%2Ftags&post=633"}],"curies":[{"name":"wp","href":"https:\/\/api.w.org\/{rel}","templated":true}]}}