{"id":597,"date":"2008-11-09T09:07:42","date_gmt":"2008-11-09T12:07:42","guid":{"rendered":"http:\/\/www.ultimobaile.com\/?p=597"},"modified":"2025-12-24T13:03:54","modified_gmt":"2025-12-24T16:03:54","slug":"ensaio-sobre-a-paciencia-ou-de-boa-viagem-a-amaralina","status":"publish","type":"post","link":"https:\/\/www.ultimobaile.com\/?p=597","title":{"rendered":"Ensaio sobre a Paci\u00eancia (ou: de Boa Viagem \u00e0 Amaralina)"},"content":{"rendered":"<p style=\"text-align: justify;\"><a href=\"https:\/\/www.ultimobaile.com\/wp-content\/uploads\/2008\/11\/paciencia1.jpg\"><img loading=\"lazy\" decoding=\"async\" class=\"aligncenter size-full wp-image-600\" title=\"paciencia1\" src=\"https:\/\/www.ultimobaile.com\/wp-content\/uploads\/2008\/11\/paciencia1.jpg\" alt=\"\" width=\"500\" height=\"374\" srcset=\"https:\/\/www.ultimobaile.com\/wp-content\/uploads\/2008\/11\/paciencia1.jpg 747w, https:\/\/www.ultimobaile.com\/wp-content\/uploads\/2008\/11\/paciencia1-300x224.jpg 300w\" sizes=\"auto, (max-width: 500px) 100vw, 500px\" \/><\/a><\/p>\n<p style=\"text-align: justify;\">.<\/p>\n<p style=\"text-align: justify;\">.<\/p>\n<p style=\"text-align: justify;\">.<\/p>\n<p style=\"text-align: justify;\">.<\/p>\n<p style=\"text-align: justify;\">.<\/p>\n<p style=\"text-align: justify;\">.<\/p>\n<p style=\"text-align: justify;\">.<\/p>\n<p style=\"text-align: justify;\">.<\/p>\n<p style=\"text-align: justify;\">.<\/p>\n<p style=\"text-align: justify;\">.<\/p>\n<p style=\"text-align: justify;\">.<\/p>\n<p style=\"text-align: justify;\">.<\/p>\n<p style=\"text-align: justify;\">.<\/p>\n<p style=\"text-align: justify;\">.<\/p>\n<p style=\"text-align: justify;\">Como sou bahiano, aprendi de menino que paix\u00e3o e gripe se cura no iodo do sal do mar. Acordei hoje cedo e fui a uma praia com piscinas naturais entre as rochas, que ficam atr\u00e1s de uma fal\u00e9sia, quase deserta. Nas piscinas, com agua no nariz se via claramente o ded\u00e3o do p\u00e9, t\u00e3o transparente era; e ao redor de mim nadavam acar\u00e1s tigrados e azuis. No caminho pelas pedras, tapetes ora de algas-alface, ora de pina\u00fanas (pros n\u00e3o-bahianos: ouri\u00e7os negros do mar), e entre as pedras fugiam legi\u00f5es de baratinhas-de-praia.<\/p>\n<p style=\"text-align: justify;\">Onde \u00e9 isso? Cancun? Tail\u00e2ndia? Praia do Forte? N\u00e3o: centro expandido de Salvador, no miolo do Rio Vermelho, um dos maiores bairros bo\u00eamios do pa\u00eds. Chama-se Praia da Paci\u00eancia, e o morro de que falei \u00e9 onde fica o antigo hotel modernista Enseada das Lajes (com projeto de Di\u00f3genes Rebou\u00e7as, azulejos de Udo Knofler e Carib\u00e9, baixos-relevos de Calazans Neto, e onde j\u00e1 se hospedaram Juscelino Kubitchek e J\u00e2nio Quadros), hoje resid\u00eancia da cantora Gal Costa.<\/p>\n<p style=\"text-align: justify;\">Esse \u00e9 mais um epis\u00f3dio que me confirma uma fal\u00e1cia tur\u00edstico-arquitet\u00f4nica sobre Salvador: a de que ela tem uma orla med\u00edocre, com praias ruins. Isso \u00e9 verdade para a orla atl\u00e2ntica, quase t\u00e3o ruim quanto a de Recife. Mas como tudo mais em Salvador que fica para-al\u00e9m de Amaralina, ao Norte, n\u00e3o \u00e9 Salvador, mas um arremedo de S\u00e3o Paulo (ou Bras\u00edlia) com mar. \u00c9 o antro do carlo-axezismo at\u00e9 mesmo no recorte urbano, plano e carro-dependente &#8211; quando Salvador, a de verdade, entre Amaralina e a Ribeira, \u00e9 pedestre e barroca.<a href=\"https:\/\/www.ultimobaile.com\/wp-content\/uploads\/2008\/11\/paciencia4.jpg\"><img loading=\"lazy\" decoding=\"async\" class=\"aligncenter size-full wp-image-602\" title=\"paciencia4\" src=\"https:\/\/www.ultimobaile.com\/wp-content\/uploads\/2008\/11\/paciencia4.jpg\" alt=\"\" width=\"500\" height=\"374\" srcset=\"https:\/\/www.ultimobaile.com\/wp-content\/uploads\/2008\/11\/paciencia4.jpg 747w, https:\/\/www.ultimobaile.com\/wp-content\/uploads\/2008\/11\/paciencia4-300x224.jpg 300w\" sizes=\"auto, (max-width: 500px) 100vw, 500px\" \/><\/a><\/p>\n<p style=\"text-align: justify;\">\n<p style=\"text-align: justify;\">\n<p style=\"text-align: justify;\">\n<p style=\"text-align: justify;\">\n<p style=\"text-align: justify;\">\n<p style=\"text-align: justify;\">\n<p style=\"text-align: justify;\">\n<p style=\"text-align: justify;\">\n<p style=\"text-align: justify;\">\n<p style=\"text-align: justify;\">\n<p style=\"text-align: justify;\">\n<p style=\"text-align: justify;\">\n<p style=\"text-align: justify;\">\n<p style=\"text-align: justify;\">.<\/p>\n<p style=\"text-align: justify;\">.<\/p>\n<p style=\"text-align: justify;\">.<\/p>\n<p style=\"text-align: justify;\">.<\/p>\n<p style=\"text-align: justify;\">.<\/p>\n<p style=\"text-align: justify;\">.<\/p>\n<p style=\"text-align: justify;\">.<\/p>\n<p style=\"text-align: justify;\">.<\/p>\n<p style=\"text-align: justify;\">.<\/p>\n<p style=\"text-align: justify;\">.<\/p>\n<p style=\"text-align: justify;\">.<\/p>\n<p style=\"text-align: justify;\">.<\/p>\n<p style=\"text-align: justify;\">.<\/p>\n<p style=\"text-align: justify;\">\n<p style=\"text-align: justify;\">A mir\u00edade de praias enbevecedoras que h\u00e1 da barra da ba\u00eda de Todos os Santos at\u00e9 o interior do Rec\u00f4ncavo \u00e9 incr\u00edvel! Hoje acordei sem saber onde ir. Sabia que n\u00e3o queria ir ao <a href=\"http:\/\/www.guardian.co.uk\/travel\/gallery\/2007\/feb\/16\/top10.beach?picture=329718509\" target=\"_blank\">Porto da Barra<\/a>, hiperbadalada, muita galinhagem, embora seja tida pela <em>The Guardian<\/em> como <strong>a melhor praia urbana do mundo<\/strong>, e <a href=\"http:\/\/www.guardian.co.uk\/travel\/2007\/feb\/16\/beach.top10?page=2\" target=\"_blank\">a terceira melhor praia do mundo onde quer que ela esteja<\/a>. Pensei em Boa Viagem (na Cidade Baixa), que, nas costas da ba\u00eda, quase no sub\u00farbio, d\u00e1 pra ver a pen\u00edsula de Salvador inteirinha ao longe, a escarpa da Vit\u00f3ria, a cidade velha, a ladeira da contorno, at\u00e9 a pontinha do Farol da Barra.<\/p>\n<p style=\"text-align: justify;\">A\u00ed olhei pro c\u00e9u pra ver onde estava sol. Cidade Baixa e Barra nublado. Pensei: Rio Vermelho. S\u00f3 que n\u00e3o queria a Praia do Burac\u00e3o, isolada mas de mar agitado. Fui experimentar a Paci\u00eancia, e \u00e9 de delirar&#8230;<\/p>\n<p style=\"text-align: justify;\">O Rio Vermelho sofre preconceito por suas praias. Duas delas (a do Mercado do Peixe e a de Santana) s\u00e3o imundas por causa da col\u00f4nia de pescadores e da foz do polu\u00eddo Rio das Tripas. E eis outra vantagem da maior ba\u00eda do hemisf\u00e9rio sul: ela \u00e9 auto-limpante! As correntes de Todos os Santos levam os detritos, especialmente os org\u00e2nicos, para os mangues do interior do Rec\u00f4ncavo, em Saubara.<\/p>\n<p style=\"text-align: justify;\"><a href=\"https:\/\/www.ultimobaile.com\/wp-content\/uploads\/2008\/11\/paciencia3.jpg\"><img loading=\"lazy\" decoding=\"async\" class=\"aligncenter size-full wp-image-603\" title=\"paciencia3\" src=\"https:\/\/www.ultimobaile.com\/wp-content\/uploads\/2008\/11\/paciencia3.jpg\" alt=\"\" width=\"500\" height=\"326\" srcset=\"https:\/\/www.ultimobaile.com\/wp-content\/uploads\/2008\/11\/paciencia3.jpg 500w, https:\/\/www.ultimobaile.com\/wp-content\/uploads\/2008\/11\/paciencia3-300x195.jpg 300w\" sizes=\"auto, (max-width: 500px) 100vw, 500px\" \/><\/a><\/p>\n<p style=\"text-align: justify;\">\n<p style=\"text-align: justify;\">\n<p style=\"text-align: justify;\">\n<p style=\"text-align: justify;\">\n<p style=\"text-align: justify;\">\n<p style=\"text-align: justify;\">\n<p style=\"text-align: justify;\">\n<p style=\"text-align: justify;\">\n<p style=\"text-align: justify;\">\n<p style=\"text-align: justify;\">\n<p style=\"text-align: justify;\">\n<p style=\"text-align: justify;\">\n<p style=\"text-align: justify;\">.<\/p>\n<p style=\"text-align: justify;\">.<\/p>\n<p style=\"text-align: justify;\">.<\/p>\n<p style=\"text-align: justify;\">.<\/p>\n<p style=\"text-align: justify;\">.<\/p>\n<p style=\"text-align: justify;\">.<\/p>\n<p style=\"text-align: justify;\">.<\/p>\n<p style=\"text-align: justify;\">.<\/p>\n<p style=\"text-align: justify;\">.<\/p>\n<p style=\"text-align: justify;\">.<\/p>\n<p style=\"text-align: justify;\">.<\/p>\n<p style=\"text-align: justify;\">.<\/p>\n<p style=\"text-align: justify;\">Insisto que Salvador precisa inverter seus vetores. O que ela tem de melhor \u00e9 o que, aut\u00eantica, s\u00f3 ela tem: uma cidade no alto das montanhas na beira de uma ba\u00eda enorme, naturalmente limpa, de \u00e1guas transl\u00facidas, parada e morna. \u00c9 um dos motivos pelos quais Salvador n\u00e3o \u00e9 Nordeste &#8211; e por outro lado \u00e9, nesse aspecto, tudo o que o Rio de Janeiro queria ser e n\u00e3o \u00e9. Salvador \u00e9 uma bel\u00edssima mulata, que todo mundo fala mal por n\u00e3o ser loira.<\/p>\n<p style=\"text-align: justify;\">De quebra, as praias entre Amaralina e Itacaranha (no Sub\u00farbio Ferrovi\u00e1rio), em geral mais limpas e balne\u00e1veis que da orla norte, t\u00eam vistas urbanas de matar! No Porto da Barra, de ambos os lados fortes do s\u00e9culo XVII, e atr\u00e1s pr\u00e9dios modernistas, em cima no alto um promont\u00f3rio eclesi\u00e1stico do in\u00edcio do romantismo (a Igreja de Santo Ant\u00f4nio da Barra); a de Boa Viagem, a vista externa da Capital Barroca (e onde ela fica mais barroca ainda); na Paci\u00eancia, v\u00ea-se o antigo Hotel Meridien, os barcos saindo pra pescar, o morro da Federa\u00e7\u00e3o, \u00f4nibus e gente passando na rua, e as mans\u00f5es do Morro.<\/p>\n<p style=\"text-align: justify;\">(ainda bem que meu Ex\u00fa \u00e9 forte, e eu nasci e me criei na Barra-Avenida: sabe l\u00e1 o que \u00e9 sofrer de amor e n\u00e3o poder ver um p\u00f4r-do-sol do Farol, pra ver se passa?!)<\/p>\n<p style=\"text-align: justify;\">E mais: \u00e9 especialmente gostoso ver o &#8220;bairro que n\u00e3o dorme&#8221; acordando&#8230;<\/p>\n<p style=\"text-align: justify;\"><a href=\"https:\/\/www.ultimobaile.com\/wp-content\/uploads\/2008\/11\/paciencia21.jpg\"><img loading=\"lazy\" decoding=\"async\" class=\"aligncenter size-full wp-image-604\" title=\"paciencia21\" src=\"https:\/\/www.ultimobaile.com\/wp-content\/uploads\/2008\/11\/paciencia21.jpg\" alt=\"\" width=\"450\" height=\"267\" srcset=\"https:\/\/www.ultimobaile.com\/wp-content\/uploads\/2008\/11\/paciencia21.jpg 450w, https:\/\/www.ultimobaile.com\/wp-content\/uploads\/2008\/11\/paciencia21-300x178.jpg 300w\" sizes=\"auto, (max-width: 450px) 100vw, 450px\" \/><\/a><\/p>\n<p style=\"text-align: justify;\">.<\/p>\n<p style=\"text-align: justify;\">.<\/p>\n<p style=\"text-align: justify;\">.<\/p>\n<p style=\"text-align: justify;\">.<\/p>\n<p style=\"text-align: justify;\">.<\/p>\n<p style=\"text-align: justify;\">.<\/p>\n<p style=\"text-align: justify;\">.<\/p>\n<p style=\"text-align: justify;\">.<\/p>\n<p style=\"text-align: justify;\">.<\/p>\n<p style=\"text-align: justify;\"><a href=\"https:\/\/www.ultimobaile.com\/wp-content\/uploads\/2008\/11\/paciencia21.jpg\"><br \/>\n<\/a><\/p>\n<p style=\"text-align: justify;\">\n<p style=\"text-align: justify;\">\n<p style=\"text-align: justify;\">\n<p style=\"text-align: justify;\">\n<p style=\"text-align: justify;\">\n<p style=\"text-align: justify;\">\n<p style=\"text-align: justify;\">\n<p style=\"text-align: justify;\">\n<p style=\"text-align: justify;\">\n<p style=\"text-align: justify;\">\n","protected":false},"excerpt":{"rendered":"<p>. . . . . . . . . . . . . . Como sou bahiano, aprendi de menino que paix\u00e3o e gripe se cura no iodo do sal do mar. Acordei hoje cedo e fui a uma praia com piscinas naturais entre as rochas, que ficam atr\u00e1s de [&hellip;]<\/p>\n","protected":false},"author":2,"featured_media":0,"comment_status":"closed","ping_status":"open","sticky":false,"template":"","format":"standard","meta":{"footnotes":""},"categories":[11,10,12,9],"tags":[20,328,327,285,325,326,323,324,14,15],"class_list":["post-597","post","type-post","status-publish","format-standard","hentry","category-01beber","category-01comer","category-01ver","category-01viver","tag-bahia","tag-baia-de-todos-os-santos","tag-boa-viagem","tag-brasil","tag-paciencia","tag-porto-da-barra","tag-praia","tag-praia-urbana","tag-reconcavo","tag-salvador"],"_links":{"self":[{"href":"https:\/\/www.ultimobaile.com\/index.php?rest_route=\/wp\/v2\/posts\/597","targetHints":{"allow":["GET"]}}],"collection":[{"href":"https:\/\/www.ultimobaile.com\/index.php?rest_route=\/wp\/v2\/posts"}],"about":[{"href":"https:\/\/www.ultimobaile.com\/index.php?rest_route=\/wp\/v2\/types\/post"}],"author":[{"embeddable":true,"href":"https:\/\/www.ultimobaile.com\/index.php?rest_route=\/wp\/v2\/users\/2"}],"replies":[{"embeddable":true,"href":"https:\/\/www.ultimobaile.com\/index.php?rest_route=%2Fwp%2Fv2%2Fcomments&post=597"}],"version-history":[{"count":31,"href":"https:\/\/www.ultimobaile.com\/index.php?rest_route=\/wp\/v2\/posts\/597\/revisions"}],"predecessor-version":[{"id":4464,"href":"https:\/\/www.ultimobaile.com\/index.php?rest_route=\/wp\/v2\/posts\/597\/revisions\/4464"}],"wp:attachment":[{"href":"https:\/\/www.ultimobaile.com\/index.php?rest_route=%2Fwp%2Fv2%2Fmedia&parent=597"}],"wp:term":[{"taxonomy":"category","embeddable":true,"href":"https:\/\/www.ultimobaile.com\/index.php?rest_route=%2Fwp%2Fv2%2Fcategories&post=597"},{"taxonomy":"post_tag","embeddable":true,"href":"https:\/\/www.ultimobaile.com\/index.php?rest_route=%2Fwp%2Fv2%2Ftags&post=597"}],"curies":[{"name":"wp","href":"https:\/\/api.w.org\/{rel}","templated":true}]}}