{"id":571,"date":"2008-11-03T17:00:12","date_gmt":"2008-11-03T20:00:12","guid":{"rendered":"http:\/\/www.ultimobaile.com\/?p=571"},"modified":"2025-12-24T13:03:55","modified_gmt":"2025-12-24T16:03:55","slug":"o-cinismo-purpurinado-voltou","status":"publish","type":"post","link":"https:\/\/www.ultimobaile.com\/?p=571","title":{"rendered":"O cinismo purpurinado voltou&#8230;!"},"content":{"rendered":"<p style=\"text-align: justify;\"><a href=\"https:\/\/www.ultimobaile.com\/wp-content\/uploads\/2008\/11\/trilha-sonora1.jpg\"><img loading=\"lazy\" decoding=\"async\" class=\"aligncenter size-full wp-image-573\" title=\"trilha-sonora1\" src=\"https:\/\/www.ultimobaile.com\/wp-content\/uploads\/2008\/11\/trilha-sonora1.jpg\" alt=\"\" width=\"500\" height=\"452\" srcset=\"https:\/\/www.ultimobaile.com\/wp-content\/uploads\/2008\/11\/trilha-sonora1.jpg 800w, https:\/\/www.ultimobaile.com\/wp-content\/uploads\/2008\/11\/trilha-sonora1-300x271.jpg 300w\" sizes=\"auto, (max-width: 500px) 100vw, 500px\" \/><\/a><\/p>\n<p style=\"text-align: justify;\">\n<p style=\"text-align: justify;\">\n<p style=\"text-align: justify;\">\n<p style=\"text-align: justify;\">\n<p style=\"text-align: justify;\">\n<p style=\"text-align: justify;\">\n<p style=\"text-align: justify;\">\n<p style=\"text-align: justify;\">\n<p style=\"text-align: justify;\">\n<p style=\"text-align: justify;\">\n<p style=\"text-align: justify;\">\n<p style=\"text-align: justify;\">\n<p style=\"text-align: justify;\">\n<p style=\"text-align: justify;\">\n<p style=\"text-align: justify;\">\n<p style=\"text-align: justify;\">\n<p style=\"text-align: justify;\">\n<p style=\"text-align: justify;\">O <a href=\"https:\/\/www.ultimobaile.com\/?p=117\" target=\"_blank\">Trilha Sonora &#8211; Um Espet\u00e1culo C\u00ednico Musical<\/a> voltou ao <strong><em>Bar Marqu\u00eas<\/em><\/strong> (Avenida Marqu\u00eas de Caravelas, Barra), em apresenta\u00e7\u00e3o \u00fanica nesta quarta-feira pr\u00f3xima, dia 05 de novembro, \u00e0s 21h. Agora com elenco maior, e repert\u00f3rio ampliado e renovado.<\/p>\n<p style=\"text-align: justify;\">Quem n\u00e3o viu, v\u00e1 ver! \u00c9 a \u00faltima chance de n\u00e3o se virar mulher-do-padre&#8230;<\/p>\n","protected":false},"excerpt":{"rendered":"<p>O Trilha Sonora &#8211; Um Espet\u00e1culo C\u00ednico Musical voltou ao Bar Marqu\u00eas (Avenida Marqu\u00eas de Caravelas, Barra), em apresenta\u00e7\u00e3o \u00fanica nesta quarta-feira pr\u00f3xima, dia 05 de novembro, \u00e0s 21h. Agora com elenco maior, e repert\u00f3rio ampliado e renovado. Quem n\u00e3o viu, v\u00e1 ver! \u00c9 a \u00faltima chance de n\u00e3o se [&hellip;]<\/p>\n","protected":false},"author":2,"featured_media":0,"comment_status":"closed","ping_status":"open","sticky":false,"template":"","format":"standard","meta":{"footnotes":""},"categories":[11,10,12],"tags":[20,306,311,308,309,51,106,94,310,53,15,307],"class_list":["post-571","post","type-post","status-publish","format-standard","hentry","category-01beber","category-01comer","category-01ver","tag-bahia","tag-bar-marques","tag-barra","tag-cinismo","tag-espetaculo-cinico-musical","tag-gay","tag-jazz","tag-musica","tag-musical-broadway","tag-pocket-show","tag-salvador","tag-trilha-sonora"],"_links":{"self":[{"href":"https:\/\/www.ultimobaile.com\/index.php?rest_route=\/wp\/v2\/posts\/571","targetHints":{"allow":["GET"]}}],"collection":[{"href":"https:\/\/www.ultimobaile.com\/index.php?rest_route=\/wp\/v2\/posts"}],"about":[{"href":"https:\/\/www.ultimobaile.com\/index.php?rest_route=\/wp\/v2\/types\/post"}],"author":[{"embeddable":true,"href":"https:\/\/www.ultimobaile.com\/index.php?rest_route=\/wp\/v2\/users\/2"}],"replies":[{"embeddable":true,"href":"https:\/\/www.ultimobaile.com\/index.php?rest_route=%2Fwp%2Fv2%2Fcomments&post=571"}],"version-history":[{"count":9,"href":"https:\/\/www.ultimobaile.com\/index.php?rest_route=\/wp\/v2\/posts\/571\/revisions"}],"predecessor-version":[{"id":4467,"href":"https:\/\/www.ultimobaile.com\/index.php?rest_route=\/wp\/v2\/posts\/571\/revisions\/4467"}],"wp:attachment":[{"href":"https:\/\/www.ultimobaile.com\/index.php?rest_route=%2Fwp%2Fv2%2Fmedia&parent=571"}],"wp:term":[{"taxonomy":"category","embeddable":true,"href":"https:\/\/www.ultimobaile.com\/index.php?rest_route=%2Fwp%2Fv2%2Fcategories&post=571"},{"taxonomy":"post_tag","embeddable":true,"href":"https:\/\/www.ultimobaile.com\/index.php?rest_route=%2Fwp%2Fv2%2Ftags&post=571"}],"curies":[{"name":"wp","href":"https:\/\/api.w.org\/{rel}","templated":true}]}}