{"id":566,"date":"2008-10-30T12:17:57","date_gmt":"2008-10-30T15:17:57","guid":{"rendered":"http:\/\/www.ultimobaile.com\/?p=566"},"modified":"2025-12-24T13:03:55","modified_gmt":"2025-12-24T16:03:55","slug":"o-mes-da-musica","status":"publish","type":"post","link":"https:\/\/www.ultimobaile.com\/?p=566","title":{"rendered":"O M\u00eas da M\u00fasica"},"content":{"rendered":"<p style=\"text-align: justify;\">Salvador engatou esse ano desde o Carnaval, ou de antes. Teve pr\u00e9-carnaval, coisa que n\u00e3o se via h\u00e1 d\u00e9cadas; o carnaval foi democr\u00e1tico; passou e a cidade n\u00e3o parou, porque teve o <em>Praia 24h<\/em> no Porto da Barra, e a <em>Passarela da Alegria Pernambuco-Bahia<\/em> no Pelourinho. E da\u00ed o <em>S\u00e3o Jo\u00e3o do Pel\u00f4<\/em>, que antes era mixo e esse ano foi monumental (mas \u00e9 preciso sempre lembrar, com a TV Globo, que &#8220;o Pelourinho est\u00e1 abandonado!&#8221;). A\u00ed veio outubro, <em>Boom Bahia<\/em>, <em>FIAC<\/em>, <em>Latino-americano de Teatro<\/em>, <em>Festival SalaDeArte<\/em>, etc. <\/p>\n<p style=\"text-align: justify;\">Agora a gente descansa pro ver\u00e3o, n\u00e9? N\u00c3O!<\/p>\n<p style=\"text-align: justify;\">Agora come\u00e7a o M\u00eas da M\u00fasica, e come\u00e7a forte:<\/p>\n<blockquote>\n<p style=\"text-align: justify;\">&#8211; dia primeiro de novembro tem Orquestra Sinf\u00f4nica do Mato Grosso, de gra\u00e7a, na sala principal do TCA, \u00e0s 20h. Repito: de gra\u00e7a!;<\/p>\n<p style=\"text-align: justify;\">&#8211; no mesmo dia primeiro, s\u00f3 que na Catedral Bas\u00edlica (Jesu\u00edtas) no Terreiro de Jesus, a Orquestra Sinf\u00f4nica do Estado de S\u00e3o Paulo toca em formato c\u00e2mara, de gra\u00e7a. No programa, <em>As Quatro Esta\u00e7\u00f5es<\/em>, de Vivaldi, e <em>As Quatro Esta\u00e7\u00f5es Portenhas<\/em>, de Piazzola;<\/p>\n<p style=\"text-align: justify;\">&#8211; No dia seguinte, \u00e0s 5h da tarde, tem Orquestra Sinf\u00f4nica do Estado de S\u00e3o Paulo (OSESP), tamb\u00e9m de gra\u00e7a, na Concha Ac\u00fastica do TCA;<\/p>\n<p style=\"text-align: justify;\">&#8211; dia 03 de novembro, \u00e0s 20h, OSESP de novo, dessa vez pago (mas a um pre\u00e7o bastante menor do que a OSESP pratica: R$40,00 a inteira), com outro repert\u00f3rio, que inclui a <em>Tit\u00e3<\/em>, de Mahler, na principal do TCA (e em tempo: a OSESP est\u00e1 em circuito pelo pa\u00eds com programa para teatro grande, teatro pequeno, ar livre e c\u00e2mara. Qual a \u00fanica cidade que vai ter tr\u00eas apresenta\u00e7\u00f5es, uma de cada tipo? Quem disser S\u00e3o Salvador da Bahia de Todos os Santos ganha um doce&#8230;);<\/p>\n<p style=\"text-align: justify;\">&#8211; dia 05, quarta-feira, tem <a href=\"https:\/\/www.ultimobaile.com\/?p=352\" target=\"_blank\">Mozart Nas Igrejas<\/a>, na Ordem Primeira de S\u00e3o Francisco.<\/p>\n<\/blockquote>\n<p style=\"text-align: justify;\">E na semana seguinte come\u00e7a o <em>II Forum M\u00fasica, Mercado &amp; Tecnologia<\/em>. Basicamente \u00e9 um evento que tem tudo a ver com <strong>Mp3<\/strong>, <strong>lastfm<\/strong>, <strong>MySpace<\/strong>, <strong>licen\u00e7a<\/strong><em><strong> <\/strong><\/em><strong>Creative Commons<\/strong> e outras formas legalizadas de pirataria e livre acesso a cultura. (No notici\u00e1rio do BA TV, da Rede Bahia, K\u00e1tia Guzzo dar\u00e1 a seguinte not\u00edcia: &#8220;A Secretaria de Cultura incentiva pirataria musical no estado! L\u00edder do DEMo na Assembl\u00e9ia Legislativa prop\u00f5e CPI a respeito&#8221;). <\/p>\n<p style=\"text-align: justify;\">No <em>II Forum<\/em>, vai ter de gra\u00e7a, na Pra\u00e7a Teresa Batista (no abandonado Pelourinho &#8211; quanto abandono!), dias 14 e 15, shows de <a href=\"profile.myspace.com\/index.cfm?fuseaction=user.viewprofile&amp;friendID=382996056\" target=\"_blank\">Wado<\/a> (AL), <a href=\"www.myspace.com\/orquestracontemporaneadeolinda\" target=\"_blank\">Orquestra Contempor\u00e2nea de Olinda<\/a> (PE), <a href=\"www.myspace.com\/baggios\" target=\"_blank\">The Baggios<\/a> (SE), <a href=\"profile.myspace.com\/index.cfm?fuseaction=user.viewprofile&amp;friendid=36552743\" target=\"_blank\">Cidad\u00e3o Instigado<\/a> (CE), al\u00e9m de parte da nova fina-flor do p\u00f3s-axezismo. \u00c9 a Bahia deixando de lado seu imperialismo de industria cultural, e passando a ser fomentadora regional &#8211; mais ou menos como o Itamaraty fez na sua pol\u00edtica externa Sul-Sul. <\/p>\n","protected":false},"excerpt":{"rendered":"<p>Salvador engatou esse ano desde o Carnaval, ou de antes. Teve pr\u00e9-carnaval, coisa que n\u00e3o se via h\u00e1 d\u00e9cadas; o carnaval foi democr\u00e1tico; passou e a cidade n\u00e3o parou, porque teve o Praia 24h no Porto da Barra, e a Passarela da Alegria Pernambuco-Bahia no Pelourinho. E da\u00ed o S\u00e3o [&hellip;]<\/p>\n","protected":false},"author":2,"featured_media":0,"comment_status":"closed","ping_status":"open","sticky":false,"template":"","format":"standard","meta":{"footnotes":""},"categories":[11,12,9],"tags":[304,20,66,305,94,160,302,301,300,303,15,200],"class_list":["post-566","post","type-post","status-publish","format-standard","hentry","category-01beber","category-01ver","category-01viver","tag-304","tag-bahia","tag-carnaval","tag-ii-forum-musica-mercado-tecnologia","tag-musica","tag-musica-erudita","tag-novembro","tag-orquestra-sinfonica-do-mato-grosso","tag-osesp","tag-outubro","tag-salvador","tag-teatro-castro-alves"],"_links":{"self":[{"href":"https:\/\/www.ultimobaile.com\/index.php?rest_route=\/wp\/v2\/posts\/566","targetHints":{"allow":["GET"]}}],"collection":[{"href":"https:\/\/www.ultimobaile.com\/index.php?rest_route=\/wp\/v2\/posts"}],"about":[{"href":"https:\/\/www.ultimobaile.com\/index.php?rest_route=\/wp\/v2\/types\/post"}],"author":[{"embeddable":true,"href":"https:\/\/www.ultimobaile.com\/index.php?rest_route=\/wp\/v2\/users\/2"}],"replies":[{"embeddable":true,"href":"https:\/\/www.ultimobaile.com\/index.php?rest_route=%2Fwp%2Fv2%2Fcomments&post=566"}],"version-history":[{"count":6,"href":"https:\/\/www.ultimobaile.com\/index.php?rest_route=\/wp\/v2\/posts\/566\/revisions"}],"predecessor-version":[{"id":4468,"href":"https:\/\/www.ultimobaile.com\/index.php?rest_route=\/wp\/v2\/posts\/566\/revisions\/4468"}],"wp:attachment":[{"href":"https:\/\/www.ultimobaile.com\/index.php?rest_route=%2Fwp%2Fv2%2Fmedia&parent=566"}],"wp:term":[{"taxonomy":"category","embeddable":true,"href":"https:\/\/www.ultimobaile.com\/index.php?rest_route=%2Fwp%2Fv2%2Fcategories&post=566"},{"taxonomy":"post_tag","embeddable":true,"href":"https:\/\/www.ultimobaile.com\/index.php?rest_route=%2Fwp%2Fv2%2Ftags&post=566"}],"curies":[{"name":"wp","href":"https:\/\/api.w.org\/{rel}","templated":true}]}}