{"id":554,"date":"2008-10-27T21:07:55","date_gmt":"2008-10-28T00:07:55","guid":{"rendered":"http:\/\/www.ultimobaile.com\/?p=554"},"modified":"2025-12-24T13:03:55","modified_gmt":"2025-12-24T16:03:55","slug":"o-grande-momento","status":"publish","type":"post","link":"https:\/\/www.ultimobaile.com\/?p=554","title":{"rendered":"O Grande Momento"},"content":{"rendered":"<p style=\"text-align: justify;\">Agora que a barafunda acabou, pequenos refor\u00e7adores. Texto de <a href=\"http:\/\/terramagazine.terra.com.br\/interna\/0,,OI3219999-EI8421,00.html\" target=\"_blank\">Cl\u00e1udio Lembo<\/a>, ex-governador de S\u00e3o Paulo. Pol\u00edtico a que muito admiro, quase um estadista &#8211; e do PFL!<\/p>\n<p style=\"text-align: justify;\">Sim, sou capaz de elogiar at\u00e9 o PFL das poucas vezes em que ele deixa de ser feudo-patriarcal, e \u00e9 de direita liberal. Isto \u00e9: pensa o Estado enquanto Estado, e n\u00e3o enquanto fonte de locupleta\u00e7\u00e3o de renda e perpetua\u00e7\u00e3o escravocrata. <\/p>\n<p style=\"text-align: justify;\">Repito: tudo de que o Brasil precisal, \u00e9 um partido de direita de verdade. Isto \u00e9: nacionalista, pra come\u00e7ar. S\u00f3 no terceiro mundo a esquerda \u00e9 nacionalista, e a direita n\u00e3o. No lado de cima do globo, \u00e9 a esquerda que \u00e9 internacionalista.<\/p>\n<blockquote style=\"text-align: justify;\">\n<p style=\"text-align: justify;\"><em>Chegou a hora. Faltam cinco dias. Tempo suficiente para uma reflex\u00e3o profunda. Domingo, dia cinco de outubro, elei\u00e7\u00f5es municipais nas cinco mil quinhentas e sessenta e tr\u00eas cidades.<\/em><\/p>\n<p><em>Se forem abandonados os constrangimentos de sempre, impostos pelo patrulhamento dos politicamente corretos, um tra\u00e7o de bom orgulho c\u00edvico deve permear as consci\u00eancias.<\/em><\/p>\n<p><em>Elei\u00e7\u00f5es, nestas terras, oferecem espet\u00e1culo \u00fanico. Em um s\u00f3 dia, cerca de cento e trinta milh\u00f5es, quatrocentos e sessenta e nove mil, quinhentos e quarenta e nove eleitores s\u00e3o chamados \u00e0s urnas. E comparecem. Absten\u00e7\u00e3o \u00e9 tradicionalmente baixa.<\/em><\/p>\n<p><em>Os pessimistas de sempre dir\u00e3o, de pronto: o voto \u00e9 obrigat\u00f3rio. Em termos. As multas s\u00e3o \u00ednfimas e tradicionalmente, ap\u00f3s um pleito, surge uma anistia.<\/em><\/p>\n<p><em>Sabe, pois, o eleitorado ativo n\u00e3o correr risco pela sua aus\u00eancia &#8211; ainda porque pode justific\u00e1-la. Vai votar porque valoriza este momento superior da cidadania.<\/em><\/p>\n<p><em>O brasileiro possui tradi\u00e7\u00e3o eleitoral. \u00c9 t\u00e3o antiga quanto \u00e0 pr\u00f3pria exist\u00eancia do Brasil europeu. Com a chegada dos portugueses, a partir de 1532, data da funda\u00e7\u00e3o de S\u00e3o Vicente, vota-se abaixo do Equador.<\/em><\/p>\n<p><em>N\u00e3o \u00e9 s\u00f3. A partir de 1933, quando da publica\u00e7\u00e3o de um C\u00f3digo Eleitoral, as pr\u00e1ticas eleitorais foram continuamente se aperfei\u00e7oando. Primeiro, as c\u00e9dulas individuais. Depois, as chamadas c\u00e9dulas \u00fanicas.<\/em><\/p>\n<p><em>No momento contempor\u00e2neo, o voto digital. A urna eletr\u00f4nica, em sua simplicidade b\u00e1sica, \u00e9 avan\u00e7o not\u00e1vel. A seguran\u00e7a na capta\u00e7\u00e3o de votos, presteza e confiabilidade na apura\u00e7\u00e3o.<\/em><\/p>\n<p><em>N\u00e3o \u00e9 s\u00f3, por\u00e9m. Os pr\u00f3prios usos eleitorais se qualificaram. Os candidatos ao Executivo municipal, em geral, apresentam bom n\u00edvel de escolaridade. Exp\u00f5em com clareza suas inten\u00e7\u00f5es. Usam um discurso respeitoso.<\/em><\/p>\n<p><em>N\u00e3o atingiram, contudo, melhor patamar os candidatos a postos nos legislativos municipais. H\u00e1 um tra\u00e7o naif &#8211; permita-se o galicismo &#8211; para se evitar o vern\u00e1culo: tra\u00e7o primitivo na maioria dos concorrentes.<\/em><\/p>\n<p><em>\u00c9 preciso dar tempo ao tempo. A democracia \u00e9 processo de aprimoramento do civismo. S\u00f3 pelo seu exerc\u00edcio continuo, patamares podem ser vencidos. A qualidade dos pretendentes \u00e0 verean\u00e7a dever\u00e1 melhorar paulatinamente.<\/em><\/p>\n<p><em>Apesar desta observa\u00e7\u00e3o, com tra\u00e7o melanc\u00f3lico, pode-se admirar a outra face da moeda. Os candidatos \u00e0s C\u00e2maras Municipais surgem, em geral, dos segmentos mais deprimidos da sociedade.<\/em><\/p>\n<p><em>As campanhas eleitorais permitem uma integra\u00e7\u00e3o destes candidatos com as comunidades onde vivem. Torna-se a elei\u00e7\u00e3o instrumento de inser\u00e7\u00e3o social, particularmente nas grandes cidades e nas megal\u00f3poles.<\/em><\/p>\n<p><em>A an\u00e1lise desta campanha, em seus dias derradeiros, \u00e9 positiva. O aperfei\u00e7oamento dos costumes eleitorais \u00e9 flagrante. J\u00e1 n\u00e3o se faz pol\u00edtica com emo\u00e7\u00e3o. Certa racionalidade ingressou no jogo c\u00edvico.<\/em><\/p>\n<p><em>Onde est\u00e3o as grandes quest\u00f5es? Elas n\u00e3o foram apresentadas aos eleitores. Vota-se por impulso. Com pouca aten\u00e7\u00e3o sobre a vida pregressa dos candidatos.<\/em><\/p>\n<p><em>Esta observa\u00e7\u00e3o \u00e9 particularmente v\u00e1lida quando se trata de C\u00e2mara de Vereadores. Vota-se sem convic\u00e7\u00e3o. Escolhe-se sem profundidade de an\u00e1lise.<\/em><\/p>\n<p><em>Aqui o grande equ\u00edvoco. O col\u00e9gio eleitoral ativo &#8211; o eleitorado &#8211; precisa se debru\u00e7ar sobre as listas partid\u00e1rias. Examinar os nomes oferecidos \u00e0 escolha do eleitor.<\/em><\/p>\n<p><em>Entre figuras folcl\u00f3ricas e de inusitada simplicidade, existem personalidades ilustres que poder\u00e3o fazer a diferen\u00e7a. \u00c9 preciso alterar os costumes de nos legislativos municipais. Cabe aos eleitores.<\/em><\/p>\n<p><em>A democracia contempor\u00e2nea se realiza, especialmente, por via de conflitos entre os m\u00faltiplos segmentos sociais. Busque-se o melhor, no segmento onde o eleitor encontra abrigados seus interesses. E vote-se.<\/em><\/p>\n<p><em>Divaga\u00e7\u00f5es sobre elei\u00e7\u00f5es s\u00e3o muitas. Na verdade, o ato de votar \u00e9 momento \u00fanico e individual. Ningu\u00e9m deve se imiscuir na intimidade do eleitor. Esta a verdade.<\/em><\/p>\n<p><em>Uma tranq\u00fcilidade surge, a partir desta observa\u00e7\u00e3o. Os resultados, a serem proclamados, na noite do pr\u00f3ximo domingo, em qualquer dire\u00e7\u00e3o partid\u00e1ria, indicar\u00e3o os melhores.<\/em><\/p>\n<p style=\"text-align: justify;\"><em>Foram os escolhidos pela cidadania. Esta, apesar das eventuais apar\u00eancias, em contr\u00e1rio, nunca erra. \u00c9 a vontade soberana do povo, a ele cabe indicar seus pr\u00f3prios caminhos.<\/em><\/p>\n<\/blockquote>\n","protected":false},"excerpt":{"rendered":"<p>Agora que a barafunda acabou, pequenos refor\u00e7adores. Texto de Cl\u00e1udio Lembo, ex-governador de S\u00e3o Paulo. Pol\u00edtico a que muito admiro, quase um estadista &#8211; e do PFL! Sim, sou capaz de elogiar at\u00e9 o PFL das poucas vezes em que ele deixa de ser feudo-patriarcal, e \u00e9 de direita liberal. [&hellip;]<\/p>\n","protected":false},"author":2,"featured_media":0,"comment_status":"closed","ping_status":"open","sticky":false,"template":"","format":"standard","meta":{"footnotes":""},"categories":[9],"tags":[291,292,289,142,290,128,123],"class_list":["post-554","post","type-post","status-publish","format-standard","hentry","category-01viver","tag-civilidade","tag-civismo","tag-claudio-lembo","tag-direita","tag-eleicoes","tag-estado","tag-pfl"],"_links":{"self":[{"href":"https:\/\/www.ultimobaile.com\/index.php?rest_route=\/wp\/v2\/posts\/554","targetHints":{"allow":["GET"]}}],"collection":[{"href":"https:\/\/www.ultimobaile.com\/index.php?rest_route=\/wp\/v2\/posts"}],"about":[{"href":"https:\/\/www.ultimobaile.com\/index.php?rest_route=\/wp\/v2\/types\/post"}],"author":[{"embeddable":true,"href":"https:\/\/www.ultimobaile.com\/index.php?rest_route=\/wp\/v2\/users\/2"}],"replies":[{"embeddable":true,"href":"https:\/\/www.ultimobaile.com\/index.php?rest_route=%2Fwp%2Fv2%2Fcomments&post=554"}],"version-history":[{"count":4,"href":"https:\/\/www.ultimobaile.com\/index.php?rest_route=\/wp\/v2\/posts\/554\/revisions"}],"predecessor-version":[{"id":4470,"href":"https:\/\/www.ultimobaile.com\/index.php?rest_route=\/wp\/v2\/posts\/554\/revisions\/4470"}],"wp:attachment":[{"href":"https:\/\/www.ultimobaile.com\/index.php?rest_route=%2Fwp%2Fv2%2Fmedia&parent=554"}],"wp:term":[{"taxonomy":"category","embeddable":true,"href":"https:\/\/www.ultimobaile.com\/index.php?rest_route=%2Fwp%2Fv2%2Fcategories&post=554"},{"taxonomy":"post_tag","embeddable":true,"href":"https:\/\/www.ultimobaile.com\/index.php?rest_route=%2Fwp%2Fv2%2Ftags&post=554"}],"curies":[{"name":"wp","href":"https:\/\/api.w.org\/{rel}","templated":true}]}}