{"id":543,"date":"2008-10-25T10:24:20","date_gmt":"2008-10-25T13:24:20","guid":{"rendered":"http:\/\/www.ultimobaile.com\/?p=543"},"modified":"2025-12-24T13:03:55","modified_gmt":"2025-12-24T16:03:55","slug":"joao-durval-erra-de-endereco-ao-chamar-governador-de-anti-etico","status":"publish","type":"post","link":"https:\/\/www.ultimobaile.com\/?p=543","title":{"rendered":"Jo\u00e3o Durval erra de endere\u00e7o ao chamar governador de anti-\u00e9tico"},"content":{"rendered":"<div style=\"text-align: justify;\">do site <a href=\"http:\/\/politicalivre.com.br\/\" target=\"_blank\">Pol\u00edtica Livre<\/a>: <\/div>\n<blockquote>\n<p style=\"text-align: justify;\">Com todo o respeito \u00e0 idade do senador Jo\u00e3o Durval (PDT), este <strong>Pol\u00edtica Livre<\/strong> n\u00e3o poderia deixar de registrar como surpreendente e inadequada sua acusa\u00e7\u00e3o de que o governador Jaques Wagner (PT) foi anti-\u00e9tico por, num misto de desabafo e discurso de campanha, ter chamado seu filho, o prefeito Jo\u00e3o Henrique (PMDB) de &#8220;covarde&#8221; e &#8220;mentiroso&#8221;, entre outros adjetivos pouco lisonjeiros, em meio a um com\u00edcio de apoio ao candidato do PT a prefeito, Walter Pinheiro, num bairro do Sub\u00farbio de Salvador.<\/p>\n<p style=\"text-align: justify;\">Wagner n\u00e3o foi anti-\u00e9tico, por exemplo, quando levou Durval pela m\u00e3o na campanha de 2006 em que ambos se elegeram. Nem quando reclamou &#8211; e toda a Bahia pol\u00edtica sabe disso &#8211; que n\u00e3o conseguia, tamb\u00e9m no auge de uma batalha cujo sucesso n\u00e3o se acreditava, ser atendido sequer ao telefone pelo prefeito para pedir apoio para o seu hoje indignado pai, colocado &#8211; e toda a Bahia sabe disso &#8211; em segundo plano frente a outros candidatos da fam\u00edlia, a exemplo da mulher e do cunhado do prefeito, que se elegeram muito bem.<\/p>\n<p style=\"text-align: justify;\">Wagner levou, sim, Durval a tiracolo pelo interior do Estado com o aux\u00edlio apenas de uma prec\u00e1ria estrutura petista e isto lhe foi oneroso. Ali\u00e1s, por isso, petistas ortodoxos chegaram a atribuir a Durval o ep\u00edteto pouco educado de &#8220;mala&#8221;, o que Wagner nunca aprovou. A prop\u00f3sito da acusa\u00e7\u00e3o do governador de que o prefeito mente, vale lembrar que Jo\u00e3o Henrique diz que n\u00e3o foi candidato ao governo para dar oportunidade de disputa a Wagner, mas isto tamb\u00e9m n\u00e3o bate com a hist\u00f3ria &#8211; para n\u00e3o dizer, com a verdade.<\/p>\n<p style=\"text-align: justify;\">Mais uma vez, porque todo mundo da pol\u00edtica sabe que o prefeito desistiu de concorrer ao governo por medo de perder e repetir a experi\u00eancia semelhante e fracassada que seu pai tivera anos antes, quando largou a Prefeitura de Feira de Santana e disputou o governo do Estado, fato que lhe era lembrado, a todo tempo, estrategicamente, principalmente pelos advers\u00e1rios do carlismo. O governador pode n\u00e3o ter feito seu desabafo no momento mais oportuno &#8211; ou ter misturado um ressentimento que possui, embora negue, com o acirramento da campanha.<\/p>\n<p style=\"text-align: justify;\">Mas, nesta hist\u00f3ria, n\u00e3o \u00e9 ele quem mente ou age de forma anti-\u00e9tica.<\/p>\n<p style=\"text-align: justify;\">\n<\/blockquote>\n<p style=\"text-align: justify;\"><span style=\"font-weight: bold;\"><span style=\"text-decoration: underline;\">Coment\u00e1rio:<\/span><\/span><\/p>\n<p style=\"text-align: justify;\">Nunca em minha vida admirei tanto um pol\u00edtico, ainda vivo, como admiro o Governador Jaques Wagner. Quando votei nele em 2006, sequer fiz campanha, e dizia votar de &#8220;nariz tapado&#8221; apenas para n\u00e3o colaborar com o que restava de carlismo, na figura n\u00e3o obstante admir\u00e1vel de Paulo Souto.<\/p>\n<p style=\"text-align: justify;\">Eleito, minhas expectativas eram baixas. Aos poucos, Wagner se mostra um administrador capaz de tocar o governo mesmo com os in\u00fameros problemas internos e externos, pr\u00f3prios e alheios, que encontra; que, se tem secretarias decepcionantes (sempre se espera mais de Jorge Solla, um dos maiores sanitaristas vivos no planeta), tem outras surpreendentes (Manoel Vit\u00f3rio, Ildes Ferreira, e sem querer ser repetitivo, M\u00e1rcio Meirelles na Cultura). <\/p>\n<p style=\"text-align: justify;\">Mais do que isso, \u00e9 um homem extremamente cortez! Pra quem viveu numa terra em que o mandat\u00e1rio dava tapa na cara de jornalista e chamava, em p\u00fablico, esposas de amigos de &#8220;putas&#8221; em alto e bom som, isso faz toda a diferen\u00e7a.<\/p>\n<p style=\"text-align: justify;\">N\u00e3o \u00e9 que ele tenha a docilidade bunda-mole de Waldir Pires. Ele \u00e9 inteligente e culto, sem ser cerebrino; gentil, polido, sem deixar de ser firme. Transparente, e talvez o pol\u00edtico mais consequente de seus atos e com clareza da posi\u00e7\u00e3o hist\u00f3rica que ocupa, com humildade mas sem subservi\u00eancia ou medo. <\/p>\n<p style=\"text-align: justify;\">N\u00e3o imaginei jamais que iria admirar o Governador como admiro &#8211; e isto s\u00f3 faz crescer desde in\u00edcio de 2007. <\/p>\n<p style=\"text-align: justify;\">Jo\u00e3o Durval foi meu candidato ao Senado. Fiz campanha, usando ironicamente uma par\u00e1frase do <em>slogan<\/em> do Partido Socialista Franc\u00eas para a elei\u00e7\u00e3o de Chirac contra Le Pen: &#8220;vote no velho gag\u00e1, n\u00e3o no escroque&#8221;. O escroque em quest\u00e3o era Rodolfo Tourinho (PFL &#8211; ali\u00e1s, primo de Daniel Dantas). Outrossim, sempre disse que a t\u00e3o propalada senilidade de Durval \u00e9 mais ataque midi\u00e1tico do que fato.<\/p>\n<p style=\"text-align: justify;\">Agora, o cl\u00e3 Barradas-Carneiro tem se mostrado desp\u00f3tico, com este tipo de acusacionismo profundamente injusto. Jo\u00e3o Henrique devia lembrar que se sua prefeitura se recuperou da barafunda em que se meteu no fim de 2006, foi largamente gra\u00e7as ao Governo do Estado (Wagner), e n\u00e3o gra\u00e7as a Geddel. O fim definitivo do provincianismo em que viviamos culturalmente se deve mais a SECULT do que \u00e0s t\u00edmidas medidas anti-ax\u00e9 da fragil\u00edssima Funda\u00e7\u00e3o Municipal Greg\u00f3rio de Mattos. E Wagner nunca lhe cobrou esta conta &#8211; com a discri\u00e7\u00e3o e a impessoalidade que lhe s\u00e3o pr\u00f3prias. <\/p>\n<p style=\"text-align: justify;\">\u00c9 uma esp\u00e9cie de tirania neo-carlista, s\u00f3 que feirense, interiorana. D\u00e9spotas de prov\u00edncia &#8211; o que quer dizer: pior do que ACM ele pr\u00f3prio, cuja tirania era esclarecida e cosmopolita (afinal, foi com ele que Salvador al\u00e7ou v\u00f4os mais longos). <\/p>\n<p style=\"text-align: justify;\">Embora eu mesmo tenha dito anos atr\u00e1s que a queda dos Magalh\u00e3es poderia significar a ascens\u00e3o dos Barradas-Carneiro, n\u00e3o deixa de ser decepcionante. Mil vezes a impessoalidade aberta e af\u00e1vel do Governador Jaques Wagner &#8211; talvez o melhor que a Bahia tem em muitas d\u00e9cadas, ouso dizer, desde Ant\u00f4nio Baobino. <\/p>\n","protected":false},"excerpt":{"rendered":"<p>do site Pol\u00edtica Livre: Com todo o respeito \u00e0 idade do senador Jo\u00e3o Durval (PDT), este Pol\u00edtica Livre n\u00e3o poderia deixar de registrar como surpreendente e inadequada sua acusa\u00e7\u00e3o de que o governador Jaques Wagner (PT) foi anti-\u00e9tico por, num misto de desabafo e discurso de campanha, ter chamado seu [&hellip;]<\/p>\n","protected":false},"author":2,"featured_media":0,"comment_status":"closed","ping_status":"open","sticky":false,"template":"","format":"standard","meta":{"footnotes":""},"categories":[9],"tags":[281,241,20,242,146,104,168,140,280,145,123,122,121,15,282],"class_list":["post-543","post","type-post","status-publish","format-standard","hentry","category-01viver","tag-antonio-baobino","tag-arena","tag-bahia","tag-dem","tag-democracia","tag-eleicoes-municipais-2008","tag-feira-de-santana","tag-jaques-wagner","tag-joao-durval-carneiro","tag-pdt","tag-pfl","tag-pmdb","tag-pt","tag-salvador","tag-udn"],"_links":{"self":[{"href":"https:\/\/www.ultimobaile.com\/index.php?rest_route=\/wp\/v2\/posts\/543","targetHints":{"allow":["GET"]}}],"collection":[{"href":"https:\/\/www.ultimobaile.com\/index.php?rest_route=\/wp\/v2\/posts"}],"about":[{"href":"https:\/\/www.ultimobaile.com\/index.php?rest_route=\/wp\/v2\/types\/post"}],"author":[{"embeddable":true,"href":"https:\/\/www.ultimobaile.com\/index.php?rest_route=\/wp\/v2\/users\/2"}],"replies":[{"embeddable":true,"href":"https:\/\/www.ultimobaile.com\/index.php?rest_route=%2Fwp%2Fv2%2Fcomments&post=543"}],"version-history":[{"count":7,"href":"https:\/\/www.ultimobaile.com\/index.php?rest_route=\/wp\/v2\/posts\/543\/revisions"}],"predecessor-version":[{"id":4471,"href":"https:\/\/www.ultimobaile.com\/index.php?rest_route=\/wp\/v2\/posts\/543\/revisions\/4471"}],"wp:attachment":[{"href":"https:\/\/www.ultimobaile.com\/index.php?rest_route=%2Fwp%2Fv2%2Fmedia&parent=543"}],"wp:term":[{"taxonomy":"category","embeddable":true,"href":"https:\/\/www.ultimobaile.com\/index.php?rest_route=%2Fwp%2Fv2%2Fcategories&post=543"},{"taxonomy":"post_tag","embeddable":true,"href":"https:\/\/www.ultimobaile.com\/index.php?rest_route=%2Fwp%2Fv2%2Ftags&post=543"}],"curies":[{"name":"wp","href":"https:\/\/api.w.org\/{rel}","templated":true}]}}