{"id":538,"date":"2008-10-24T10:45:37","date_gmt":"2008-10-24T13:45:37","guid":{"rendered":"http:\/\/www.ultimobaile.com\/?p=538"},"modified":"2025-12-24T13:03:55","modified_gmt":"2025-12-24T16:03:55","slug":"o-fio-descapado-e-o-cansaco","status":"publish","type":"post","link":"https:\/\/www.ultimobaile.com\/?p=538","title":{"rendered":"O fio-descapado e o cansa\u00e7o"},"content":{"rendered":"<p style=\"text-align: justify;\">Tomei p\u00e9 do qu\u00e3o \u00e0 direita Jo\u00e3o Henrique (PMDB) guinou, este fim de semana. Primeiro, notei que a classe m\u00e9dia, que o atacava mesmo na \u00e9poca em que seu governo era bom, ao menos para os mais desfavorecidos &#8211; notei que esta classe m\u00e9dia agora o ap\u00f3ia com o mesmo fervor que apoiava Imbassahy. \u00c9 aquela classe m\u00e9dia com nenhum consumo est\u00e9tico ou cr\u00edtico, e que arrota que &#8220;M\u00e1rio Meirelles n\u00e3o faz nada&#8221; mesmo quando a cidade vive simultaneamente 5 eventos culturais de propor\u00e7\u00f5es internacionais, abertos, p\u00fablicos e gratuitos.<\/p>\n<p style=\"text-align: justify;\">A classe m\u00e9dia que \u00e9 carlista n\u00e3o por ideologia, e sim por falta de.<\/p>\n<p style=\"text-align: justify;\">Depois, uma amiga minha, carlista ideol\u00f3gica, disse que vai votar em Jo\u00e3o Henrique &#8220;sorrindo!&#8221;. H\u00e1 pouco mais de um m\u00eas, ela queria ver o satan\u00e1s, mas n\u00e3o queria ver JH.<\/p>\n<p style=\"text-align: justify;\">Por \u00faltimo, essa <a href=\"http:\/\/politicalivre.com.br\/?p=6706\" target=\"_blank\">tentativa de embargar a constru\u00e7\u00e3o do Hospital Estadual do Sub\u00farbio<\/a>, trapalhada t\u00edpica de JH mas que ele quer, ideologicamente, dizer que foi erro de Jorge Solla. Jorge Solla que at\u00e9 na Organiza\u00e7\u00e3o Panamericana de Sa\u00fade j\u00e1 trabalhou, esquecer de incluir documenta\u00e7\u00e3o de licen\u00e7a ambiental? Jo\u00e3o Henrique pensa que todos s\u00e3o oligofr\u00eanicos como ele?!<\/p>\n<p style=\"text-align: justify;\">Jo\u00e3o Henrique \u00e9 o fio-descapado que a classe m\u00e9dia de baixa instru\u00e7\u00e3o da soter\u00f3polis (aquela que sustentou a industria monocult\u00f3rica e ditatorial do ax\u00e9-music) vai agarrar, pra evitar uma &#8220;guinada a esquerda&#8221;. Salvador, que deselegeu C\u00e9sar Borges (carlista) elegendo Jo\u00e3o Henrique em 2004 (\u00e0 \u00e9poca, pasmem!, anti-carlista&#8230;), que elegeu Lula com mais de 90% de seus votos no segundo turno e mais de 70% no primeiro &#8211; esta Salvador talvez esteja com medo de ser\/parecer de esquerda.<\/p>\n<p style=\"text-align: justify;\">N\u00e3o custa lembrar que fio-descapado foi Collor tamb\u00e9m, e foram Maluf e J\u00e2nio Quadros (este, inclusive, para Presid\u00eancia da Rep\u00fablica, contra o moderado Mal. Augusto Duffels Texeira Lott); e quase foi Alckmin.<\/p>\n<p style=\"text-align: justify;\">Esta mesma classe m\u00e9dia, em menos de um ano, vai estar reclamando de tudo &#8211; mesmo que, como prevejo, um segundo governo JH v\u00e1 ser at\u00e9 administrativamente menos pior do que o primeiro.<\/p>\n<p style=\"text-align: justify;\">Por outro lado, pese-se que h\u00e1 um cansa\u00e7o generalizado neste segundo turno. Ningu\u00e9m aguenta mais! &#8211; e a esta sensa\u00e7\u00e3o de estafa por parte dos eleitores comuns, inclusive os politizados, junta-se a sensa\u00e7\u00e3o de &#8220;dever cumprido&#8221; por ter evitado que Grampinho (a.k.a.: ACM, O Neto) tenha ido a segundo turno.<\/p>\n<p style=\"text-align: justify;\">Acontece que n\u00e3o h\u00e1 nada cumprido ainda. E pode haver algo pior do que o Carlismo: \u00e9 um neocarlismo geddelista travestido de Lulismo! J\u00e1 pensaram uma chapa arrasa-quarteir\u00e3o Geddel-Paulo Souto em 2010? N\u00e3o tem Governo Wagner certo, por mais consequente, democr\u00e1tico e administrativamente eficiente que ele seja&#8230;<\/p>\n","protected":false},"excerpt":{"rendered":"<p>Tomei p\u00e9 do qu\u00e3o \u00e0 direita Jo\u00e3o Henrique (PMDB) guinou, este fim de semana. Primeiro, notei que a classe m\u00e9dia, que o atacava mesmo na \u00e9poca em que seu governo era bom, ao menos para os mais desfavorecidos &#8211; notei que esta classe m\u00e9dia agora o ap\u00f3ia com o mesmo [&hellip;]<\/p>\n","protected":false},"author":2,"featured_media":0,"comment_status":"closed","ping_status":"open","sticky":false,"template":"","format":"standard","meta":{"footnotes":""},"categories":[9],"tags":[89,241,279,242,276,246,277,149,88,140,240,278,275,123,122,121,87],"class_list":["post-538","post","type-post","status-publish","format-standard","hentry","category-01viver","tag-acm-neto","tag-arena","tag-cesar-borges","tag-dem","tag-demcracia","tag-ditadura","tag-fisiologismo","tag-geddel-vieira-lima","tag-grampinho","tag-jaques-wagner","tag-joao-henrique-carneiro","tag-paulo-souto","tag-pds","tag-pfl","tag-pmdb","tag-pt","tag-walter-pinheiro"],"_links":{"self":[{"href":"https:\/\/www.ultimobaile.com\/index.php?rest_route=\/wp\/v2\/posts\/538","targetHints":{"allow":["GET"]}}],"collection":[{"href":"https:\/\/www.ultimobaile.com\/index.php?rest_route=\/wp\/v2\/posts"}],"about":[{"href":"https:\/\/www.ultimobaile.com\/index.php?rest_route=\/wp\/v2\/types\/post"}],"author":[{"embeddable":true,"href":"https:\/\/www.ultimobaile.com\/index.php?rest_route=\/wp\/v2\/users\/2"}],"replies":[{"embeddable":true,"href":"https:\/\/www.ultimobaile.com\/index.php?rest_route=%2Fwp%2Fv2%2Fcomments&post=538"}],"version-history":[{"count":5,"href":"https:\/\/www.ultimobaile.com\/index.php?rest_route=\/wp\/v2\/posts\/538\/revisions"}],"predecessor-version":[{"id":4472,"href":"https:\/\/www.ultimobaile.com\/index.php?rest_route=\/wp\/v2\/posts\/538\/revisions\/4472"}],"wp:attachment":[{"href":"https:\/\/www.ultimobaile.com\/index.php?rest_route=%2Fwp%2Fv2%2Fmedia&parent=538"}],"wp:term":[{"taxonomy":"category","embeddable":true,"href":"https:\/\/www.ultimobaile.com\/index.php?rest_route=%2Fwp%2Fv2%2Fcategories&post=538"},{"taxonomy":"post_tag","embeddable":true,"href":"https:\/\/www.ultimobaile.com\/index.php?rest_route=%2Fwp%2Fv2%2Ftags&post=538"}],"curies":[{"name":"wp","href":"https:\/\/api.w.org\/{rel}","templated":true}]}}