{"id":525,"date":"2008-10-23T06:43:38","date_gmt":"2008-10-23T09:43:38","guid":{"rendered":"http:\/\/www.ultimobaile.com\/?p=525"},"modified":"2025-12-24T13:03:55","modified_gmt":"2025-12-24T16:03:55","slug":"o-file-do-fiac-parte-iii-espetaculos-bahianos","status":"publish","type":"post","link":"https:\/\/www.ultimobaile.com\/?p=525","title":{"rendered":"O Fil\u00e9 do FIAC (parte III) &#8211; Espet\u00e1culos Bahianos"},"content":{"rendered":"<p style=\"text-align: justify;\"><span class=\"contentheading\"><span class=\"tituloartigo\"><a href=\"http:\/\/www.fiacbahia.com\/index.php?option=com_content&amp;view=article&amp;id=89&amp;Itemid=85\" target=\"_blank\">ESPET\u00c1CULOS <\/a><\/span><a href=\"http:\/\/www.fiacbahia.com\/index.php?option=com_content&amp;view=article&amp;id=89&amp;Itemid=85\" target=\"_blank\">BAIANOS<\/a><\/span><\/p>\n<p style=\"text-align: justify;\"><strong><a href=\"http:\/\/www.fiacbahia.com\/index.php?option=com_content&amp;view=article&amp;id=89&amp;Itemid=85#batata\" target=\"_blank\"><span style=\"color: #000000;\">BATATA!<\/span><\/a> <\/strong><em>Teatro<\/em><br \/>\nGrupo Dimenti \u2013 Bahia \/ Brasil<br \/>\n<img decoding=\"async\" title=\"Divulga\u00e7\u00e3o: BATATA!\" src=\"http:\/\/www.fiacbahia.com\/images\/espe_img\/Esp_baianos_01\/Batata03.jpg\" border=\"0\" alt=\"Divulga\u00e7\u00e3o: BATATA!\" hspace=\"5\" vspace=\"5\" width=\"270\" align=\"left\" \/><img decoding=\"async\" title=\"Divulga\u00e7\u00e3o: BATATA!\" src=\"http:\/\/www.fiacbahia.com\/images\/espe_img\/Esp_baianos_01\/Batata06.jpg\" border=\"0\" alt=\"Divulga\u00e7\u00e3o: BATATA!\" hspace=\"5\" vspace=\"5\" width=\"270\" \/><br \/>\n<strong>SINOPSE DO ESPET\u00c1CULO<\/strong><br \/>\nBATATA!, espet\u00e1culo que marca os dez anos do grupo Dimenti, prop\u00f5e um di\u00e1logo entre a dramaturgia de Nelson Rodrigues e autores baianos, que criaram textos in\u00e9ditos para o trabalho. S\u00e3o narrativas curtas, enfocando temas como paix\u00e3o e morte \u2013 \u00e0s vezes em \u00edntima liga\u00e7\u00e3o \u2013, muito presentes no universo rodrigueano. Com um tom confessional e irreverente, a montagem constr\u00f3i um mosaico de epis\u00f3dios que transitam entre o drama e a com\u00e9dia, organizados de forma fragmentada, metaf\u00f3rica, e utilizando inclusive as rubricas de diversos textos de Nelson. A recorr\u00eancia e o cruzamento das situa\u00e7\u00f5es dramat\u00fargicas tamb\u00e9m s\u00e3o recursos usados no espet\u00e1culo, que estabelece uma forte interface com a linguagem da dan\u00e7a.<\/p>\n<p style=\"text-align: justify;\">Texto: Adelice Souza, Claudia Barral, El\u00edsio Lopes Jr., Fabio Rios, K\u00e1tia Borges e Paula Lice.<br \/>\nDire\u00e7\u00e3o: Jorge Alencar.<br \/>\nAssist\u00eancia de dire\u00e7\u00e3o: Jacyan Castilho e M\u00e1rcio Nonato.<br \/>\nElenco: Daniel Moura, F\u00e1bio Os\u00f3rio Monteiro, Jorge Alencar, Lia Lordelo, M\u00e1rcio Nonato, Paula Lice e Vanessa Mello.<br \/>\nCen\u00e1rio: Miniusina de Cria\u00e7\u00e3o e Dimenti.<br \/>\nIlumina\u00e7\u00e3o: Fabio Esp\u00edrito Santo e M\u00e1rcio Nonato.<br \/>\nProdu\u00e7\u00e3o: Ellen Mello.<br \/>\nFigurino: Dimenti.<br \/>\nTrilha sonora: Jarbas Bittencourt.<br \/>\nL\u00edngua: Portugu\u00eas.<br \/>\nDura\u00e7\u00e3o: 50min.<br \/>\nLocal: Teatro Martins Gon\u00e7alves.<br \/>\nData: Dias 25 e 26\/10, \u00e0s 20h.<\/p>\n<p style=\"text-align: justify;\"><strong>SOBRE O DIMENTI<\/strong><br \/>\nFundado 1998, o Dimenti \u00e9 um grupo de pesquisa art\u00edstica que tem como um dos seus focos o cruzamento entre linguagens, como teatro, literatura, dan\u00e7a, m\u00fasica, desenho animado, v\u00eddeo e televis\u00e3o. O grupo tem oito espet\u00e1culos no curr\u00edculo e realiza ainda produ\u00e7\u00f5es audiovisuais e performances. Al\u00e9m da apresenta\u00e7\u00e3o e manuten\u00e7\u00e3o do repert\u00f3rio, o grupo desenvolve projetos de interc\u00e2mbio com companhias locais e nacionais e atividades de reflex\u00e3o e fomento \u00e0 cena local, atuando tamb\u00e9m na produ\u00e7\u00e3o de outros artistas e coletivos.<\/p>\n<p style=\"text-align: justify;\">\n<hr style=\"text-align: justify;\" size=\"2\" \/>\n<p style=\"text-align: justify;\"><strong><a href=\"http:\/\/www.fiacbahia.com\/index.php?option=com_content&amp;view=article&amp;id=89&amp;Itemid=85#casadeferro\" target=\"_blank\"><span style=\"color: #000000;\">CASA DE FERRO<\/span><\/a> <\/strong><em>Teatro-F\u00edsico<\/em><br \/>\nPesquisa c\u00eanica Estado Dram\u00e1tico \u2013 Bahia \/ Brasil<br \/>\n<img decoding=\"async\" title=\"Casa de Ferro\" src=\"http:\/\/www.fiacbahia.com\/images\/espe_img\/Esp_baianos_01\/Casa%20de%20Ferro%203.jpg\" border=\"0\" alt=\"Casa de Ferro\" hspace=\"5\" vspace=\"5\" width=\"250\" \/> <img decoding=\"async\" title=\"Casa de Ferro\" src=\"http:\/\/www.fiacbahia.com\/images\/espe_img\/Esp_baianos_01\/Casa%20de%20Ferro.jpg\" border=\"0\" alt=\"Casa de Ferro\" hspace=\"5\" vspace=\"5\" width=\"250\" \/><br \/>\n<strong>SINOPSE DO ESPET\u00c1CULO<\/strong><br \/>\nO mon\u00f3logo de Maur\u00edcio Assun\u00e7\u00e3o traz como tem\u00e1tica a di\u00e1spora africana. Expondo o desenraizamento do povo africano e de sua cultura, passando pelo processo de domina\u00e7\u00e3o for\u00e7ada e a posterior transcend\u00eancia no \u00e2mbito m\u00edtico-ritual\u00edstico, mostrando assim, a for\u00e7a desses seres humanos que encontraram na sua identidade ancestral, o poder para lutar e propagar sua cultura. Ent\u00e3o temas como nascimento, raiz (terra m\u00e3e), captura, travessia, cativeiro, evangeliza\u00e7\u00e3o, resist\u00eancia, castigo, morte e a pr\u00f3pria transcend\u00eancia metaf\u00edsica s\u00e3o os enfoques trabalhados na constru\u00e7\u00e3o art\u00edstica deste projeto. Para a cria\u00e7\u00e3o deste trabalho o int\u00e9rprete vivenciou as express\u00f5es populares brasileiras, como: as dan\u00e7as dos orix\u00e1s, a capoeira, o folguedo do Nego Fugido, a Luta de Crist\u00e3os e Mouros, o Baile de Congo de S\u00e3o Benedito (ES); o frevo (PE), o Reis de Bois (ES), entre outros.<\/p>\n<p style=\"text-align: justify;\">Dire\u00e7\u00e3o, atua\u00e7\u00e3o, concep\u00e7\u00e3o: Mauricio Assun\u00e7\u00e3o<br \/>\nDire\u00e7\u00e3o de Cena: Rino Carvalho<br \/>\nProdu\u00e7\u00e3o: Juliana de Matos<br \/>\nIlumina\u00e7\u00e3o: Fabio Esp\u00edrito Santo<br \/>\nL\u00edngua: portugu\u00eas<br \/>\nDura\u00e7\u00e3o: 50min<br \/>\nLocal: Teatro ICBA &#8211; Goethe Institute<br \/>\n Dias 25\/10 e 26\/10, \u00e0s 17h<\/p>\n<p style=\"text-align: justify;\"><strong>Pesquisa C\u00eanica Estado Dram\u00e1tico <\/strong><br \/>\nO Estado Dram\u00e1tico busca uma linguagem c\u00eanica que entende o sentimento como mat\u00e9ria pass\u00edvel de ser representada, iniciado em 2003, por Maur\u00edcio Assun\u00e7\u00e3o. O corpo-sonoro do int\u00e9rprete d\u00e1 a dramaturgia do espet\u00e1culo e as nuances de encena\u00e7\u00e3o, por isso, a sonoriza\u00e7\u00e3o na representa\u00e7\u00e3o, vai al\u00e9m da linguagem cotidiana, para criar ambientes e sentimentos sonoros, utilizando-se para isso de instrumentos musicais e sons guturais. Para modificar a percep\u00e7\u00e3o f\u00edsica e sensitiva do int\u00e9rprete, a pesquisa toma como base as express\u00f5es populares brasileiras. Nelas, as movimenta\u00e7\u00f5es corporais, ritmos, mitos, adere\u00e7os, representa\u00e7\u00f5es de f\u00e9 e de profana\u00e7\u00e3o s\u00e3o identificados como elementos espetaculares que estruturam a cria\u00e7\u00e3o do trabalho c\u00eanico, buscando um estado alterado, uma energia h\u00edbrida e amorfa, dando vida real a um ser, um ente.<\/p>\n<hr style=\"text-align: justify;\" size=\"2\" \/>\n<p style=\"text-align: justify;\"><strong><br \/>\n<a href=\"http:\/\/www.fiacbahia.com\/index.php?option=com_content&amp;view=article&amp;id=89&amp;Itemid=85#desejofatiado\" target=\"_blank\"><span style=\"color: #000000;\">DESEJO FATIADO<\/span><\/a> <\/strong><em>Dan\u00e7a<\/em><br \/>\nCia. N\u00facleo de Investiga\u00e7\u00e3o Coreogr\u00e1fica Jo\u00e3o Perene \u2013 Bahia \/ Brasil<br \/>\n<img decoding=\"async\" title=\"Desjo fatiado - Foto: Carlos Barral\" src=\"http:\/\/www.fiacbahia.com\/images\/espe_img\/Esp_baianos_01\/Desjo%20fatiado_foto_Carlos%20Barral.jpg\" border=\"0\" alt=\"Desjo fatiado - Foto: Carlos Barral\" hspace=\"5\" vspace=\"5\" width=\"250\" \/> <img decoding=\"async\" title=\"Desejo Fatiado - Foto: Carlos Barral\" src=\"http:\/\/www.fiacbahia.com\/images\/espe_img\/Esp_baianos_01\/desjo-fatiado-6_carlos-barr.jpg\" border=\"0\" alt=\"Desejo Fatiado - Foto: Carlos Barral\" hspace=\"5\" vspace=\"5\" width=\"250\" \/><br \/>\n<strong>SINOPSE DO ESPET\u00c1CULO<\/strong><br \/>\nO ato da espera, e o que ele pode gerar no comportamento, formam a base do espet\u00e1culo DESEJO FATIADO, que prop\u00f5e um olhar cru e rigoroso sobre aquele que se v\u00ea encerrado na condi\u00e7\u00e3o de espera. A coreografia criada por Jo\u00e3o Perene aborda as conseq\u00fc\u00eancias da intranq\u00fcilidade da situa\u00e7\u00e3o de quem aguarda uma decis\u00e3o&#8230; Ou nada; e esse nada \u00e9 o que existe de fato. A montagem trabalha com algumas dualidades, como repulsa e atra\u00e7\u00e3o, equil\u00edbrio e desestabilidade, viol\u00eancia e delicadeza, atrav\u00e9s de uma dan\u00e7a que investiga a fragmenta\u00e7\u00e3o dos corpos e a articula\u00e7\u00e3o e recombina\u00e7\u00e3o dos movimentos. Em cena, seis bailarinos mostram uma trajet\u00f3ria particular, que por vezes se cruzam, da experi\u00eancia da espera. <\/p>\n<p style=\"text-align: justify;\">Concep\u00e7\u00e3o e coreografia: Jo\u00e3o Perene<br \/>\nAssistente: S\u00f4nia Gon\u00e7alves (Parceria com o BTCA)<br \/>\nElenco: Marcley Oliveira, Jorge Santos, Norma Santana, Marcio Fidelis, Edith Meric (bailarina convidada) e Jofre Santos (parceria com o BTCA).<br \/>\nCen\u00e1rio: Zuarte Junior<br \/>\nIlumina\u00e7\u00e3o: Gerrad Laffust<br \/>\nProdu\u00e7\u00e3o: M\u00f4nica Brandi<br \/>\nFigurino: Jo\u00e3o Perene<br \/>\nTrilha Sonora: M\u00e1rcio Mello<br \/>\nDura\u00e7\u00e3o: 40 minutos.<br \/>\nLocal: SESC\/SENAC Pelourinho.<br \/>\nData: Dias 29 e 30\/10, \u00e0s 19h.<\/p>\n<p style=\"text-align: justify;\"><strong>SOBRE A CIA. N\u00daCLEO DE INVESTIGA\u00c7\u00c3O COREOGR\u00c1FICA<\/strong> <strong>JO\u00c3O PERENE<\/strong><br \/>\nCriado h\u00e1 cinco anos pelo core\u00f3grafo, dan\u00e7arino e ator Jo\u00e3o Perene, a Cia. N\u00facleo de Investiga\u00e7\u00e3o Coreogr\u00e1fica tem em seu repert\u00f3rio quatro espet\u00e1culos premiados: Farpas e L\u00e2minas de Corpo Vis\u00edvel, Mon\u00f3logo para Alguns Corpos, Soco no Vento e Desejo Fatiado, sendo uma das poucas companhias de dan\u00e7a contempor\u00e2nea no estado a manter uma atividade constante de cria\u00e7\u00e3o e apresenta\u00e7\u00e3o. No ano de 2008, dois pontos cruciais marcam a trilha do grupo: Recebe do governo do Estado da Bahia o pr\u00eamio de manuten\u00e7\u00e3o de Cia. e \u00e9 convidado para uma resid\u00eancia com o Bal\u00e9 do Teatro Castro Alves, da qual nasceu o espet\u00e1culo O Azul de Klein, assinado por Jo\u00e3o Perene. Al\u00e9m de desenvolver trabalhos com a pr\u00f3pria companhia, Perene participou de v\u00e1rias edi\u00e7\u00f5es do Ateli\u00ea dos Core\u00f3grafos Brasileiros, como criador e int\u00e9rprete.<\/p>\n<hr style=\"text-align: justify;\" size=\"2\" \/>\n<p style=\"text-align: justify;\"><strong><a href=\"http:\/\/www.fiacbahia.com\/index.php?option=com_content&amp;view=article&amp;id=89&amp;Itemid=85#deusdanado\" target=\"_blank\"><span style=\"color: #000000;\">DEUS DANADO<\/span><\/a> <\/strong><em>Teatro<\/em><br \/>\nCia. Raps\u00f3dia de Teatro \u2013 Bahia\/Brasil<br \/>\n<img decoding=\"async\" title=\"Deus Danado\" src=\"http:\/\/www.fiacbahia.com\/images\/espe_img\/Esp_baianos_01\/deus%20danado%204.jpg\" border=\"0\" alt=\"Deus Danado\" hspace=\"5\" vspace=\"5\" width=\"250\" \/> <img decoding=\"async\" title=\"Deus Danado\" src=\"http:\/\/www.fiacbahia.com\/images\/espe_img\/Esp_baianos_01\/deus%20danado.jpg\" border=\"0\" alt=\"Deus Danado\" hspace=\"5\" vspace=\"5\" width=\"250\" \/><br \/>\n<strong>SINOPSE DO ESPET\u00c1CULO<\/strong><br \/>\nUm padrinho e um afilhado num dram\u00e1tico e simb\u00f3lico jogo de poder e domina\u00e7\u00e3o, em pleno sert\u00e3o. O espet\u00e1culo DEUS DANADO, dirigido pela encenadora Alda Val\u00e9ria e interpretado pelos atores Bira Freitas e Pisit Mota, coloca em cena medos e sonhos, desejos e frustra\u00e7\u00f5es da natureza humana. Ao retratar a rela\u00e7\u00e3o di\u00e1ria entre eles, a pe\u00e7a mostra, nesse ambiente \u00e1rido, a transforma\u00e7\u00e3o das atitudes e a mesmo a invers\u00e3o de for\u00e7as, para se manterem vivos diante da natureza hostil e do sil\u00eancio de Deus.<\/p>\n<p style=\"text-align: justify;\">Texto: Jo\u00e3o Denys<br \/>\nDire\u00e7\u00e3o e concep\u00e7\u00e3o: Alda Val\u00e9ria<br \/>\nElenco: Bira Freitas e Pisit Mota<br \/>\nPrepara\u00e7\u00e3o vocal: Juliana Rangel<br \/>\nCen\u00e1rio: Fernando Lopes<br \/>\nIlumina\u00e7\u00e3o: Jos\u00e9 Carlos N\u2019g\u00e3o<br \/>\nProdu\u00e7\u00e3o: Cia. Raps\u00f3dia de Teatro<br \/>\nFigurino: \u00c9rico Jos\u00e9<br \/>\nMaquiagem: \u00c9rico Jos\u00e9 e Beto Laplane<br \/>\nTrilha Sonora: Luciano Bahia<br \/>\nL\u00edngua: Portugu\u00eas<br \/>\nDura\u00e7\u00e3o: 1h30<br \/>\nLocal: Teatro Moli\u00e8re \/ Alian\u00e7a Francesa<br \/>\nData: Dias 26 e 27\/10, \u00e0s 18h.<\/p>\n<p style=\"text-align: justify;\"><strong>SOBRE A CIA. RAPS\u00d3DIA DE TEATRO<\/strong><br \/>\nA Cia. Raps\u00f3dia de Teatro foi fundada em 2000, por um grupo de artistas oriundos da Escola de Teatro da Ufba, com o objetivo de pesquisa a pr\u00e1tica teatral, centradas no trabalho do ator. Depois de estrear com a bem recebida O Espi\u00e3o, de Bertolt Brecht, levou ao palco sua terceira montagem, Deus Danado, que foi contemplada com 13 pr\u00eamios em todo Brasil, inclusive como o de Diretora Revela\u00e7\u00e3o e Melhor Ator (para Pisit Mota) no Pr\u00eamio Braskem de Teatro 2003. A Cia Raps\u00f3dia de Teatro \u00e9 um dos grupos fundadores da Cooperativa Baiana de Teatro.<\/p>\n<hr style=\"text-align: justify;\" size=\"2\" \/>\n<p style=\"text-align: justify;\"><strong><a href=\"http:\/\/www.fiacbahia.com\/index.php?option=com_content&amp;view=article&amp;id=89&amp;Itemid=85#eu\" target=\"_blank\"><span style=\"color: #000000;\">EU<\/span><\/a> <\/strong><strong> <\/strong><em>Dan\u00e7a<\/em><br \/>\nIvani Santana\/N\u00facleo de Cria\u00e7\u00e3o do Grupo de Pesquisa Po\u00e9tica Tecnol\u00f3gica na Dan\u00e7a da UFBA \u2013 Bahia \/ Brasil<br \/>\n<img decoding=\"async\" title=\"Eu\" src=\"http:\/\/www.fiacbahia.com\/images\/espe_img\/Esp_baianos_01\/eu.jpg\" border=\"0\" alt=\"Eu\" hspace=\"5\" vspace=\"5\" width=\"250\" \/> <img decoding=\"async\" title=\"Eu\" src=\"http:\/\/www.fiacbahia.com\/images\/espe_img\/Esp_baianos_01\/eu_6.jpg\" border=\"0\" alt=\"Eu\" hspace=\"5\" vspace=\"5\" width=\"250\" \/><br \/>\n<strong> SINOPSE DO ESPET\u00c1CULO<\/strong><br \/>\nEU \u00e9 a vers\u00e3o brasileira de Le Moi, le Cristal et l`Eau, obra de dan\u00e7a com media\u00e7\u00e3o tecnol\u00f3gica criada durante a resid\u00eancia art\u00edstica no Centre Choregraphique National \u2013 Pavillon Noir, Fran\u00e7a (2007), pr\u00eamio recebido por Ivani Santana durante o Monaco Dance Forum 2006, no qual foi contemplada tamb\u00e9m com o Pr\u00eamio Unesco para Promo\u00e7\u00e3o das Artes. Esta obra faz uma reflex\u00e3o sobre as transforma\u00e7\u00f5es das subjetividades pelo contexto da cultura digital.<\/p>\n<p style=\"text-align: justify;\">Concep\u00e7\u00e3o, dire\u00e7\u00e3o e projeto de media\u00e7\u00e3o tecnol\u00f3gica: Ivani Santana<br \/>\nAssistente de dire\u00e7\u00e3o: Ver\u00f4nica de Moraes<br \/>\nDan\u00e7arinos: Andr\u00e9 Carsant, Daniela Guimar\u00e3es, Diane Portella, Hugo Leonardo, Ivani Santana e Sol Gonzalez<br \/>\nManipula\u00e7\u00e3o de imagem em tempo real: Drica Rocha e Sol Gonzalez<br \/>\nCaptura e edi\u00e7\u00e3o de imagem: Gabriel Teixeira<br \/>\nFotografia: Claudia Buonavitta<br \/>\nM\u00fasica: Edbrass e N\u00e3na Dias<br \/>\nDesenho de luz: Pedro Dultra<br \/>\nProdu\u00e7\u00e3o art\u00edstica: Cacilda Povoas<br \/>\nDura\u00e7\u00e3o: 1h<br \/>\nApoio: Escola de Dan\u00e7a, CPD e TV UFBA<br \/>\nLocal: Museu de Arte Moderna &#8211; MAM<br \/>\nData: Dias 25\/10 (\u00e0s 22h) e 26\/10 (\u00e0s 19h).<\/p>\n<p style=\"text-align: justify;\">\n<p style=\"text-align: justify;\"><strong>S<\/strong><strong>OBRE IVANI SANTANA<\/strong><\/p>\n<p style=\"text-align: justify;\">Desde 1990, pesquisa a dan\u00e7a com media\u00e7\u00e3o tecnol\u00f3gica tanto no campo acad\u00eamico como no art\u00edstico. Mestre e Doutora em Comunica\u00e7\u00e3o e Semi\u00f3tica pela PUC-SP. Nos \u00faltimos anos, o foco de sua investiga\u00e7\u00e3o te\u00f3rica e art\u00edstica \u00e9 a dan\u00e7a criada para as tecnologias m\u00f3veis e a rob\u00f3tica. Em destaque, Versos (2005) entre Salvador, Bras\u00edlia e Jo\u00e3o Pessoa; Proyecto Paso (2006\/2007) entre Brasil, EUA e Espanha; e (IN)-Toque (2008) entre quatro cidades e com uso da rob\u00f3tica. \u00c9 coordenadora do Grupo de Pesquisa Po\u00e9tica Tecnol\u00f3gica na Dan\u00e7a e professora da UFBA. Autora dos livros Dan\u00e7a na Cultura Digital (2006) e Corpo Aberto: Cunningham, Dan\u00e7a e Novas Tecnologias (2002). Outros trabalhos: Corpo Aberto (2001); Pele (2002), Casa de Nina (2004) e E Fez o Homem a sua Diferen\u00e7a (2005).<\/p>\n<hr style=\"text-align: justify;\" size=\"2\" \/>\n<p style=\"text-align: justify;\"><strong><a href=\"http:\/\/www.fiacbahia.com\/index.php?option=com_content&amp;view=article&amp;id=89&amp;Itemid=85#osapatodomeutio\" target=\"_blank\"><span style=\"color: #000000;\">O SAPATO DO MEU TIO<\/span><\/a> <\/strong><em>Teatro<\/em><br \/>\nCia. do Meu Tio \u2013 Bahia \/ Brasil<br \/>\n<img decoding=\"async\" title=\"O Sapato do Meu Tio - Foto: Manu Dias\" src=\"http:\/\/www.fiacbahia.com\/images\/espe_img\/Esp_baianos_01\/o%20sapato%20do%20meu%20tio_foto_manu%20dias_01.jpg\" border=\"0\" alt=\"O Sapato do Meu Tio - Foto: Manu Dias\" hspace=\"5\" vspace=\"5\" width=\"250\" \/> <img decoding=\"async\" title=\"O Sapato do Meu Tio - Foto: Manu Dias\" src=\"http:\/\/www.fiacbahia.com\/images\/espe_img\/Esp_baianos_01\/o%20sapato%20do%20meu%20tio_foto_manu%20dias_02.jpg\" border=\"0\" alt=\"O Sapato do Meu Tio - Foto: Manu Dias\" hspace=\"5\" vspace=\"5\" width=\"250\" \/><br \/>\n<strong>SINOPSE DO ESPET\u00c1CULO<\/strong><br \/>\nDirigida por Jo\u00e3o Lima, O SAPATO DO MEU TIO coloca os atores Alexandre Lu\u00eds Casali e L\u00facio Tranchesi em cena para contar uma hist\u00f3ria atemporal, mostrando a conviv\u00eancia entre dois artistas nos bastidores dos espet\u00e1culos que apresentam em diversas cidades. O mais velho deles, o tio, desiludido com o rumo de sua carreira, come\u00e7a a ensinar sua arte para o sobrinho, revelando uma rela\u00e7\u00e3o de poucas palavras, mas cheia de respeito, humor e, sobretudo, poesia. Trata-se de uma homenagem ao of\u00edcio de palha\u00e7o, calcada em alguns de seus maiores expoentes, que serve de pano de fundo para um discurso \u201csem palavras\u201d sobre a transitoriedade da vida, a solidariedade, o respeito m\u00fatuo e o aprendizado de cada um.<\/p>\n<p style=\"text-align: justify;\">Roteiro e atua\u00e7\u00e3o: Alexandre Lu\u00eds Casali e L\u00facio Tranchesi<br \/>\nDire\u00e7\u00e3o: Jo\u00e3o Lima<br \/>\nCen\u00e1rio: Agamenon Abreu<br \/>\nIlumina\u00e7\u00e3o: F\u00e1bio Esp\u00edrito Santo<br \/>\nProdu\u00e7\u00e3o: Selma Santos<br \/>\nFigurino: Rino Carvalho<br \/>\nM\u00fasica Original: Jarbas Bittencourt<br \/>\nOpera\u00e7\u00e3o de Luz: Davi Marcelino<br \/>\nOpera\u00e7\u00e3o de Som: Nat\u00e1lia Auto<br \/>\nL\u00edngua: Sem texto<br \/>\nDura\u00e7\u00e3o 1h45<br \/>\nLocal:<br \/>\nSalvador \u2013 Centro Cultural Plataforma (dia 30\/10, \u00e0s 15h) e Teatro Martins Gon\u00e7alves (dia 31\/10, \u00e0s 20h).<br \/>\nCama\u00e7ari \u2013 Cidade do Saber dia 26\/10 (\u00e0s 19h).<\/p>\n<p style=\"text-align: justify;\"><strong>SOBRE A CIA. DO MEU TIO<\/strong><br \/>\nA Companhia de Teatro Cia. do meu Tio nasceu em 1999, com o esp\u00edrito de capturar a atmosfera da arte de rua e trazer este universo para o teatro. Dentro dessa filosofia, \u201cO Sapato do Meu Tio\u201d surge como uma homenagem ao of\u00edcio do palha\u00e7o, conquistando, em 2006, o Pr\u00eamio Braskem de Teatro 2005 nas categorias Melhor Espet\u00e1culo, Melhor Dire\u00e7\u00e3o e Melhor Ator (L\u00facio Tranchesi). No ano de 2006 concretizam a cria\u00e7\u00e3o da Companhia do meu Tio, a partir do sucesso alcan\u00e7ado pelo espet\u00e1culo. O espet\u00e1culo integra a edi\u00e7\u00e3o 2008 do Palco Girat\u00f3rio, percorrendo diversos estados brasileiros.<\/p>\n<hr style=\"text-align: justify;\" size=\"2\" \/>\n<p style=\"text-align: justify;\"><strong><a href=\"http:\/\/www.fiacbahia.com\/index.php?option=com_content&amp;view=article&amp;id=89&amp;Itemid=85#policarpoquaresma\" target=\"_blank\"><span style=\"color: #000000;\">POLICARPO QUARESMA<\/span><\/a> <\/strong><em>Teatro<\/em><br \/>\nN\u00facleo do Teatro Castro Alves\/Luiz Marfuz \u2013 Bahia \/ Brasil<br \/>\n<img decoding=\"async\" title=\"Policarpo Quaresma - Foto: Adenor Gondim\" src=\"http:\/\/www.fiacbahia.com\/images\/espe_img\/Esp_baianos_01\/policarpo%20quaresma_foto_adenor%20gondim.jpg\" border=\"0\" alt=\"Policarpo Quaresma - Foto: Adenor Gondim\" hspace=\"5\" vspace=\"5\" width=\"250\" \/> <img decoding=\"async\" title=\"Policarpo Quaresma - Foto: Adenor Gondim\" src=\"http:\/\/www.fiacbahia.com\/images\/espe_img\/Esp_baianos_01\/policarpo-quaresma_3_adenor.jpg\" border=\"0\" alt=\"Policarpo Quaresma - Foto: Adenor Gondim\" hspace=\"5\" vspace=\"5\" width=\"250\" \/><br \/>\n<strong> SINOPSE DO ESPET\u00c1CULO<\/strong><br \/>\nAdapta\u00e7\u00e3o do c\u00e9lebre romance de Lima Barreto, a pe\u00e7a POLICARPO QUARESMA leva para o palco a hist\u00f3ria de um funcion\u00e1rio p\u00fablico nacionalista, um tanto vision\u00e1rio e um tanto fan\u00e1tico, que dedica sua vida \u00e0 luta pelas causas sociais do pa\u00eds, num momento conturbado da hist\u00f3ria verde-amarela: o in\u00edcio da Segunda Rep\u00fablica. Com dire\u00e7\u00e3o de Luiz Marfuz e tendo no papel-t\u00edtulo o veterano Hilton Cobra (diretor e fundador da Companhia dos Comuns, do Rio de Janeiro), a montagem prop\u00f5e um di\u00e1logo com signos populares do canto, da dan\u00e7a e da interpreta\u00e7\u00e3o, atrav\u00e9s de manifesta\u00e7\u00f5es como reisados, samba-de-roda, p\u00edfanos, maracatu e caretas, entre outros. Com uma leitura contempor\u00e2nea e l\u00fadica, e sem pretens\u00f5es realistas, a pe\u00e7a se prop\u00f5e a questionar a constru\u00e7\u00e3o de uma identidade nacional.<\/p>\n<p style=\"text-align: justify;\">Texto: Marcos Barbosa<br \/>\nDire\u00e7\u00e3o e concep\u00e7\u00e3o: Luiz Marfuz<br \/>\nElenco: Hilton Cobra, Amarilio Sales, Anderson Dy Souxa, Bernardo Del Rey, Claudia di Moura, Elaine Cardim, Frieda Gutmann, Jefferson Oliveira, Marcio Bernardes, M\u00f4nica Bittencourt, N\u00e9lia Carvalho e Osvaldo Bara\u00fana<br \/>\nCen\u00e1rio: Rodrigo Frota<br \/>\nFigurino: Miguel Carvalho<br \/>\nCoreografia: Marilza Oliveira<br \/>\nIlumina\u00e7\u00e3o: Irma Vidal<br \/>\nDire\u00e7\u00e3o Musical: Jarbas Bittencourt<br \/>\nMaquiagem: Marie Tahuront<br \/>\nProdu\u00e7\u00e3o: Clarissa Torres \u2013 Celeiro das Artes<br \/>\nL\u00edngua: Portugu\u00eas<br \/>\nDura\u00e7\u00e3o: 1h50<br \/>\nLocal: Sala do Coro do TCA.<br \/>\nData: Dias 29 e 30\/10, \u00e0s 20h.<\/p>\n<p style=\"text-align: justify;\">\n<p style=\"text-align: justify;\"><strong>SOBRE LUIZ MARFUZ E O N\u00daCLEO DE TEATRO DO TCA<\/strong><\/p>\n<p style=\"text-align: justify;\">POLICARPO QUARESMA \u00e9 a oitava montagem do N\u00facleo de Teatro do Teatro Castro Alves, projeto que tem no seu repert\u00f3rio obras de encenadores como Jos\u00e9 Possi Neto, Gabriel Vilella e Francisco Medeiros, entre outros. O N\u00facleo passou por uma recente reformula\u00e7\u00e3o que, em parceria com o Centro T\u00e9cnico do TCA, passou a investir tamb\u00e9m na qualifica\u00e7\u00e3o profissional dos artistas envolvidos em suas montagens, atrav\u00e9s de oficinas. O primeiro resultado desse novo formato foi exatamente Policarpo Quaresma, que, selecionado via edital, conta com dire\u00e7\u00e3o de Luiz Marfuz. Atuante desde a d\u00e9cada de 1980, \u00e9 um dos mais reconhecidos diretores da cena teatral baiana, doutor em Artes C\u00eanicas e mestre em Comunica\u00e7\u00e3o e Culturas Contempor\u00e2neas pela Universidade Federal da Bahia, dramaturgo, jornalista, arte-educador. Foi criador e coordenador do projeto art\u00edstico-educacional Cuida Bem de Mim, que conquistou repercuss\u00e3o nacional.<\/p>\n<hr style=\"text-align: justify;\" size=\"2\" \/>\n<p style=\"text-align: justify;\"><strong><a href=\"http:\/\/www.fiacbahia.com\/index.php?option=com_content&amp;view=article&amp;id=89&amp;Itemid=85#sonhonoite\" target=\"_blank\"><span style=\"color: #000000;\">SONHO DE UMA NOITE DE VER\u00c3O<\/span><\/a> <\/strong><em>Teatro<\/em><br \/>\nBando de Teatro Olodum \u2013 Bahia \/ Brasil<br \/>\n<img decoding=\"async\" title=\"Sonho de uma noite de ver\u00e3o\" src=\"http:\/\/www.fiacbahia.com\/images\/espe_img\/Esp_baianos_01\/sonho%20de%20uma%20noite%20de%20verao.jpg\" border=\"0\" alt=\"Sonho de uma noite de ver\u00e3o\" hspace=\"5\" vspace=\"5\" width=\"250\" \/> <img decoding=\"async\" title=\"Sonho de uma noite de ver\u00e3o\" src=\"http:\/\/www.fiacbahia.com\/images\/espe_img\/Esp_baianos_01\/sonho%20de%20uma%20noite%20de%20verao_5.jpg\" border=\"0\" alt=\"Sonho de uma noite de ver\u00e3o\" hspace=\"5\" vspace=\"5\" width=\"250\" \/><br \/>\n<strong> SINOPSE DO ESPET\u00c1CULO<\/strong><br \/>\nO Bando de Teatro Olodum foi buscar na rica simbologia afro-brasileira os elementos que reveste sua vers\u00e3o para o cl\u00e1ssico de Shakespeare, SONHO DE UMA NOITE DE VER\u00c3O. A divertida hist\u00f3ria de encontros e desencontros amorosos entre humanos e seres m\u00e1gicos, \u00e0s v\u00e9speras de um casamento entre nobres, \u00e9 contada com a ajuda de muitos ritmos regionais e festivos, eminentemente percussivos e executados ao vivo \u2013 uma das marcas do grupo, formado exclusivamente por atores negros. Com texto traduzido por B\u00e1rbara Heliodora, o Sonho do Bando ganhou o Pr\u00eamio Braskem de Teatro no ano de 2006 como melhor espet\u00e1culo adulto.<\/p>\n<p style=\"text-align: justify;\">Texto: William Shakespeare<br \/>\nConcep\u00e7\u00e3o e Dire\u00e7\u00e3o: M\u00e1rcio Meirelles<br \/>\nCoreografia: Zebrinha<br \/>\nTrilha Sonora: Jarbas Biittencourt<br \/>\nElenco: Auristela S\u00e1, Cl\u00e9sia Nogueira, Ednaldo Muniz, Elane Nascimento, Erico Br\u00e1s, F\u00e1bio Santana, Gerimias Mendes, Jamile Alves, Jorge Washington, Merry Batista, Rejane Maia, Telma Souza, Valdin\u00e9ia Soriano, Cell Dantas, Ridson Reis, Robson Mauro<br \/>\nAtores Convidados: AC Costa, Dailton Silva, Guilherme Ojis, Roquildes Junior, Tomaz Almeida e Vinicius Sena<br \/>\nM\u00fasicos: Mauricio Louren\u00e7o e Daniel Vieira (Nine)<br \/>\nIlumina\u00e7\u00e3o: F\u00e1bio Esp\u00edrito Santo e Rivaldo Rio<br \/>\nDesenho de Som: Filipe Pires<br \/>\nCen\u00e1rio: Miniusina de Cria\u00e7\u00e3o<br \/>\nFigurino: M\u00e1rcio Meirelles, Luiz Santana e Zuarte J\u00fanior<br \/>\nDire\u00e7\u00e3o de Produ\u00e7\u00e3o: Chica Carelli<br \/>\nL\u00edngua: Portugu\u00eas<br \/>\nDura\u00e7\u00e3o: 1h50<br \/>\nLocal: Teatro Vila Velha.<br \/>\nData: Dias 28 e 29\/10. \u00e0s 20h.<\/p>\n<p style=\"text-align: justify;\"><strong>SOBRE O BANDO DE TEATRO OLODUM<\/strong><br \/>\nUma das mais importantes e duradouras companhias negras de teatro no Brasil, o Bando de Teatro Olodum vem, ao longo dos 18 anos, elaborado e experimentado uma dramaturgia popular, que parte de um referencial da cultura baiana para falar de temas universais. O grupo, coordenado por Marcio Meirelles, Chica Carelli, Zebrinha e Jarbas Biittencourt \u00e9 formado atualmente por 20 artistas negros. As montagens do Bando, entre cria\u00e7\u00f5es pr\u00f3prias e releituras, s\u00e3o marcadas diversidade da linguagem popular, a exemplo de \u00d3 Pai, \u00d3 (que virou filme e s\u00e9rie de televis\u00e3o), Cabar\u00e9 da Rrrrra\u00e7a, Zumbi, \u00d3pera dos Tr\u00eas Mirreis.<\/p>\n","protected":false},"excerpt":{"rendered":"<p>ESPET\u00c1CULOS BAIANOS BATATA! Teatro Grupo Dimenti \u2013 Bahia \/ Brasil SINOPSE DO ESPET\u00c1CULO BATATA!, espet\u00e1culo que marca os dez anos do grupo Dimenti, prop\u00f5e um di\u00e1logo entre a dramaturgia de Nelson Rodrigues e autores baianos, que criaram textos in\u00e9ditos para o trabalho. S\u00e3o narrativas curtas, enfocando temas como paix\u00e3o e [&hellip;]<\/p>\n","protected":false},"author":2,"featured_media":0,"comment_status":"closed","ping_status":"open","sticky":false,"template":"","format":"standard","meta":{"footnotes":""},"categories":[11,10,13,12,9],"tags":[20,227,255,172,266,168,216,217,269,270,225,15,171,57,272],"class_list":["post-525","post","type-post","status-publish","format-standard","hentry","category-01beber","category-01comer","category-01ler","category-01ver","category-01viver","tag-bahia","tag-camacari","tag-cidade-do-saber","tag-danca","tag-espaco-xis","tag-feira-de-santana","tag-festival-internacional-de-artes-cenicas-da-bahia","tag-fiac","tag-icba","tag-instituto-goethe","tag-plataforma","tag-salvador","tag-tca","tag-teatro","tag-vila-velha"],"_links":{"self":[{"href":"https:\/\/www.ultimobaile.com\/index.php?rest_route=\/wp\/v2\/posts\/525","targetHints":{"allow":["GET"]}}],"collection":[{"href":"https:\/\/www.ultimobaile.com\/index.php?rest_route=\/wp\/v2\/posts"}],"about":[{"href":"https:\/\/www.ultimobaile.com\/index.php?rest_route=\/wp\/v2\/types\/post"}],"author":[{"embeddable":true,"href":"https:\/\/www.ultimobaile.com\/index.php?rest_route=\/wp\/v2\/users\/2"}],"replies":[{"embeddable":true,"href":"https:\/\/www.ultimobaile.com\/index.php?rest_route=%2Fwp%2Fv2%2Fcomments&post=525"}],"version-history":[{"count":4,"href":"https:\/\/www.ultimobaile.com\/index.php?rest_route=\/wp\/v2\/posts\/525\/revisions"}],"predecessor-version":[{"id":537,"href":"https:\/\/www.ultimobaile.com\/index.php?rest_route=\/wp\/v2\/posts\/525\/revisions\/537"}],"wp:attachment":[{"href":"https:\/\/www.ultimobaile.com\/index.php?rest_route=%2Fwp%2Fv2%2Fmedia&parent=525"}],"wp:term":[{"taxonomy":"category","embeddable":true,"href":"https:\/\/www.ultimobaile.com\/index.php?rest_route=%2Fwp%2Fv2%2Fcategories&post=525"},{"taxonomy":"post_tag","embeddable":true,"href":"https:\/\/www.ultimobaile.com\/index.php?rest_route=%2Fwp%2Fv2%2Ftags&post=525"}],"curies":[{"name":"wp","href":"https:\/\/api.w.org\/{rel}","templated":true}]}}