{"id":520,"date":"2008-10-22T18:17:54","date_gmt":"2008-10-22T21:17:54","guid":{"rendered":"http:\/\/www.ultimobaile.com\/?p=520"},"modified":"2025-12-24T13:03:55","modified_gmt":"2025-12-24T16:03:55","slug":"o-file-do-fiac-parte-ii-espetaculos-nacionais","status":"publish","type":"post","link":"https:\/\/www.ultimobaile.com\/?p=520","title":{"rendered":"O Fil\u00e9 do FIAC (parte II) &#8211; Espet\u00e1culos Nacionais"},"content":{"rendered":"<p style=\"text-align: justify;\"><span class=\"contentheading\"><span class=\"tituloartigo\"><a href=\"http:\/\/www.fiacbahia.com\/index.php?option=com_content&amp;view=article&amp;id=88&amp;Itemid=85\" target=\"_blank\"><span style=\"color: #000000;\">ESPET\u00c1CULOS <\/span><\/a><\/span><a href=\"http:\/\/www.fiacbahia.com\/index.php?option=com_content&amp;view=article&amp;id=88&amp;Itemid=85\" target=\"_blank\"><span style=\"color: #000000;\">NACIONAIS<\/span><\/a><\/span><\/p>\n<p style=\"text-align: justify;\"><span class=\"contentheading\"><a href=\"http:\/\/www.fiacbahia.com\/index.php?option=com_content&amp;view=article&amp;id=88&amp;Itemid=85\" target=\"_blank\"><\/a><\/span><a style=\"text-decoration: none;\" href=\"http:\/\/www.fiacbahia.com\/#Aqueles%20Dois\" target=\"_blank\"><strong><span style=\"color: #000000;\">AQUELES DOIS<\/span><\/strong><strong><span style=\"color: #000000;\"> <\/span><\/strong><\/a><em>Teatro<\/em><br \/>\nCia. Luna Lunera \u2013 Minas Gerais \/ Brasil<br \/>\n<img decoding=\"async\" title=\"Aqueles Dois - Foto: Diego Pisante\" src=\"http:\/\/www.fiacbahia.com\/images\/espe_img\/Esp_nacionais_01\/AquelesDois_Foto_DiegoPisante.jpg\" border=\"0\" alt=\"Aqueles Dois - Foto: Diego Pisante\" hspace=\"5\" vspace=\"5\" width=\"250\" \/> <img decoding=\"async\" title=\"Aqueles Dois - Foto: Guto Muniz\" src=\"http:\/\/www.fiacbahia.com\/images\/espe_img\/Esp_nacionais_01\/AquelesDois_Foto_GutoMuniz.jpg\" border=\"0\" alt=\"Aqueles Dois - Foto: Guto Muniz\" hspace=\"5\" vspace=\"5\" width=\"250\" \/><br \/>\n<strong>SINOPSE DO ESPET\u00c1CULO<\/strong><br \/>\nNa rotina de um escrit\u00f3rio ou reparti\u00e7\u00e3o p\u00fablica \u2013 met\u00e1fora de qualquer ambiente \u00e1rido e burocr\u00e1tico de trabalho \u2013, surgem la\u00e7os de cumplicidade entre dois novos funcion\u00e1rios. A aproxima\u00e7\u00e3o entre eles gera desconfian\u00e7a, insinua\u00e7\u00f5es e repress\u00e3o por parte dos outros colegas de trabalho. Baseado no conto hom\u00f4nimo de Caio Fernando Abreu (1948-1996), escritor e jornalista ga\u00facho, AQUELES DOIS cont\u00e9m m\u00faltiplas cita\u00e7\u00f5es ou simples men\u00e7\u00f5es a artistas e obras de \u00e1reas diversas, loca\u00e7\u00f5es urbanas, letras de m\u00fasicas, filmes, \u00e9pocas, onde o autor mistura, despudoradamente, seu universo biogr\u00e1fico e ficcional.<\/p>\n<p style=\"text-align: justify;\">Dire\u00e7\u00e3o, concep\u00e7\u00e3o e dramaturgia: Cl\u00e1udio Dias, Jos\u00e9 Walter Albinati, Marcelo Souza e Silva, Odilon Esteves e R\u00f4mulo Braga<br \/>\nElenco: Cl\u00e1udio Dias, Marcelo Souza e Silva, Odilon Esteves e R\u00f4mulo Braga.<br \/>\nTexto: Caio Fernando Abreu<br \/>\nCen\u00e1rio, figurino e trilha sonora: n\u00facleo de criadores do espet\u00e1culo<br \/>\nIlumina\u00e7\u00e3o: Felipe Cosse e Juliano Coelho<br \/>\nProdu\u00e7\u00e3o: Cia. Luna Lunera<br \/>\nL\u00edngua: Portugu\u00eas<br \/>\nDura\u00e7\u00e3o: 1h20<br \/>\nLocal: Teatro do ICBA\/Goethe.<br \/>\nData: Dia 28\/10 (\u00e0s 18h) e dia 29\/10 (\u00e0s 18h e 21h).<\/p>\n<p style=\"text-align: justify;\"><strong>SOBRE A CIA LUNA LUNERA<\/strong><br \/>\nIntegrante do Movimento Teatro de Grupo de Minas Gerais (MTG), a Cia. Luna Lunera \u00e9 formada por atores advindos do curso de teatro do Centro de Forma\u00e7\u00e3o Art\u00edstica do Pal\u00e1cio das Artes (Cefar &#8211; BH\/MG). Em 2001, com seu primeiro espet\u00e1culo \u2013 \u201cPerdoa-me por me tra\u00edres\u201d, de Nelson Rodrigues &#8211; o grupo recebeu o Pr\u00eamio Sesc-Sated\/MG em nove categorias, incluindo o de melhor espet\u00e1culo; foi contemplado pelo Sindicato dos Produtores de Artes C\u00eanicas (Sinparc-MG) com o pr\u00eamio de Melhor Produ\u00e7\u00e3o\/2001; participou de v\u00e1rios festivais, entre eles o FIT-BH, o Festival de Teatro de Curitiba e o Riocenacontempor\u00e2nea; representou o Brasil nos festivais de Puerto Montt, Vald\u00edvia e Santiago (Chile). Com sete anos de estrada, caracteriza-se por trabalhar sempre com diferentes diretores. O espet\u00e1culo mais recente, AQUELES DOIS, foi o primeiro trabalho co-dirigido por v\u00e1rios de seus integrantes.<\/p>\n<hr style=\"text-align: justify;\" size=\"2\" \/>\n<p style=\"text-align: justify;\"><a href=\"http:\/\/www.fiacbahia.com\/index.php?option=com_content&amp;view=article&amp;id=88&amp;Itemid=85#dinossauros\" target=\"_blank\"><strong><span style=\"color: #000000;\">DINOSSAUROS<\/span><\/strong><\/a><em> <\/em><em>Teatro<\/em><br \/>\nGrupo Cena \u2013 Distrito Federal \/ Brasil<br \/>\n<img decoding=\"async\" title=\"Dinossauros - Foto: Mila Petrillo\" src=\"http:\/\/www.fiacbahia.com\/images\/espe_img\/Esp_nacionais_01\/dinossauros_foto_mila%20petrillo.jpg\" border=\"0\" alt=\"Dinossauros - Foto: Mila Petrillo\" hspace=\"5\" vspace=\"5\" width=\"250\" \/> <img decoding=\"async\" title=\"Dinossauros - Foto: Bukoski Mama\" src=\"http:\/\/www.fiacbahia.com\/images\/espe_img\/Esp_nacionais_01\/dinossauros-2_-bukoski-mama.jpg\" border=\"0\" alt=\"Dinossauros - Foto: Bukoski Mama\" hspace=\"5\" vspace=\"5\" width=\"250\" \/><br \/>\n<strong>SINOPSE DO ESPET\u00c1CULO<\/strong><br \/>\nDINOSSAUROS, com texto do autor argentino Santiago Serrano, \u00e9 um espet\u00e1culo que fala da sensibilidade e da busca da felicidade, num mundo cada vez mais opressor. Sentimentos como a ingenuidade, a ternura, a verdade caracterizam os personagens Silvina e Nicol\u00e1s, desenhando-os como verdadeiros seres em extin\u00e7\u00e3o, como dinossauros que, para n\u00e3o desaparecer, precisam inventar um futuro poss\u00edvel. Silvina e Nicol\u00e1s lutam pelo direito de escapar da rotina que comprime a alma e voltar a ter esperan\u00e7a, fazendo com que os mais estranhos deste mundo, os dinossauros confundidos e extraviados nas ruas das grandes cidades, sacudam o p\u00f3 dos tempos e voltem a ganhar vida, apostando, desta vez, na felicidade.<\/p>\n<p style=\"text-align: justify;\">Texto: Santiago Serrano<br \/>\nDire\u00e7\u00e3o e Ilumina\u00e7\u00e3o: Guilherme Reis<br \/>\nElenco: Carmem Moretzsohn e Murilo Grossi<br \/>\nOpera\u00e7\u00e3o de som: Gabriel Reis<br \/>\nProdu\u00e7\u00e3o: Espa\u00e7o Cena<br \/>\nL\u00edngua: Portugu\u00eas<br \/>\nDura\u00e7\u00e3o: 55min<br \/>\nLocal: Teatro Moli\u00e8re \/ Alian\u00e7a Francesa.<br \/>\nData: Dias 30 e 31 de outubro, \u00e0s 18h.<\/p>\n<p style=\"text-align: justify;\"><strong>SOBRE O GRUPO CENA<\/strong><br \/>\nDirigido por Guilherme Reis, diretor, produtor, roteirista e diretor do Cena Contempor\u00e2nea \u2013 Festival Internacional de Teatro de Bras\u00edlia, o grupo centra o foco no trabalho do ator. \u00c9 ele o centro da narrativa. O teatro essencial, que n\u00e3o faz uso de grandes tecnologias e que procura o di\u00e1logo direto com o espectador. O espet\u00e1culo \u201cDinossauros\u201d marca os 25 anos de encontro entre os atores Carmem Moretzsohn e Murilo Grossi.<\/p>\n<hr style=\"text-align: justify;\" size=\"2\" \/>\n<p style=\"text-align: justify;\"><strong><a href=\"http:\/\/www.fiacbahia.com\/index.php?option=com_content&amp;view=article&amp;id=88&amp;Itemid=85#ese\" target=\"_blank\"><span style=\"color: #000000;\">E SE&#8230;<\/span><\/a> <\/strong><em>Teatro de anima\u00e7\u00e3o<\/em><br \/>\nTato Cria\u00e7\u00e3o C\u00eanica \u2013 Paran\u00e1 \/ Brasil<br \/>\n<img decoding=\"async\" title=\"E Se...\" src=\"http:\/\/www.fiacbahia.com\/images\/espe_img\/Esp_nacionais_01\/e%20se%206.jpg\" border=\"0\" alt=\"E Se...\" hspace=\"5\" vspace=\"5\" width=\"250\" \/> <img decoding=\"async\" title=\"E Se...\" src=\"http:\/\/www.fiacbahia.com\/images\/espe_img\/Esp_nacionais_01\/e%20se%208.jpg\" border=\"0\" alt=\"E Se...\" hspace=\"5\" vspace=\"5\" width=\"250\" \/><br \/>\n<strong>SINOPSE DO ESPET\u00c1CULO<\/strong><br \/>\nE SE&#8230; discute com bom-humor e fantasia os diversos caminhos que a vida oferece e as conseq\u00fc\u00eancias decorrentes das a\u00e7\u00f5es que forem tomadas. A com\u00e9dia aborda as muitas possibilidades da vida, atrav\u00e9s de simp\u00e1ticos personagens que surgem em cena com o uso de pequenos adere\u00e7os nas m\u00e3os dos atores premiados Katiane Negr\u00e3o e Dico Ferreira, integrantes da Tato Cria\u00e7\u00e3o C\u00eanica. Uma crian\u00e7a de rua, um gari, um agricultor\/feirante, um m\u00fasico, uma velhinha, um beb\u00ea e animais, como a vaca e o caracol, s\u00e3o os personagens que se movimentam nos cen\u00e1rios do campo e da cidade, cada qual com seu pr\u00f3prio universo. A rua de um centro urbano \u00e9 o ponto de encontros e desencontros no cotidiano dessa gente, o que d\u00e1 sustenta\u00e7\u00e3o ao espet\u00e1culo. Conhecidos pelo \u201cacaso\u201d, a maioria dos personagens vive e depende da rua, o que exige uma dose de solidariedade e companheirismo na luta pela sobreviv\u00eancia. Desses encontros, cada a\u00e7\u00e3o revela novos rumos para a hist\u00f3ria, criando e recriando universos.<\/p>\n<p style=\"text-align: justify;\">Concep\u00e7\u00e3o, Dramaturgia, Composi\u00e7\u00e3o e Execu\u00e7\u00e3o: Katiane Negr\u00e3o e Dico Ferreira<br \/>\nComposi\u00e7\u00e3o, Dire\u00e7\u00e3o Sonora e Prepara\u00e7\u00e3o Vocal: Karla Izidoro<br \/>\nFotografia: Sergio Vieira<br \/>\nFigurinos, Adere\u00e7os: Cristine Conde<br \/>\nIlumina\u00e7\u00e3o: Jorny Wall<br \/>\nProdu\u00e7\u00e3o: Luciana Falcon<br \/>\nL\u00edngua: Sem texto<br \/>\nDura\u00e7\u00e3o: 45min<br \/>\nLocal: Teatro SESI Rio Vermelho (Dias 25 e 26\/10, \u00e0s 16h) e Teatro Gamboa (Dia 28\/10, \u00e0s 16h).<\/p>\n<p style=\"text-align: justify;\"><strong>SOBRE A TATO CRIA\u00c7\u00c3O C\u00caNICA<\/strong><br \/>\nA Tato Cria\u00e7\u00e3o C\u00eanica \u00e9 formada por Dico Ferreira e Katiane Negr\u00e3o e come\u00e7ou suas pesquisas em 2004, em Curitiba, mesmo ano em que estreou \u201cTrope\u00e7o\u201d. A pe\u00e7a j\u00e1 foi apresentada dentro e fora do pa\u00eds, destacando-se os festivais internacionais de Buenos Aires (Argentina), Mirepoix (Fran\u00e7a) e Ovar (Portugal). Licenciada em Artes C\u00eanicas pela Universidade Federal de Ouro Preto \u2013 MG, a atriz e bailarina Katiane Negr\u00e3o iniciou-se na dan\u00e7a em 1983 e no teatro em 1993, em Bauru-SP, onde fez v\u00e1rias oficinas e participou de alguns grupos. Em 1998 direciona sua pesquisa na dan\u00e7a contempor\u00e2nea e no teatro-dan\u00e7a. J\u00e1 Dico Ferreira \u00e9 diretor teatral e desenvolve trabalho solo de m\u00edmica desde 1995. Como ator j\u00e1 trabalhou em diversos grupos e companhias no Paran\u00e1 e em Minas Gerais. E SE&#8230; \u00e9 montado gra\u00e7as ao Pr\u00eamio Myriam Muniz 2007, da FUNARTE \u2013 Funda\u00e7\u00e3o Nacional de Artes, que selecionou os melhores projetos de todo o pa\u00eds e concedeu verbas para sua realiza\u00e7\u00e3o.<\/p>\n<hr style=\"text-align: justify;\" size=\"2\" \/>\n<p style=\"text-align: justify;\"><strong><a href=\"http:\/\/www.fiacbahia.com\/index.php?option=com_content&amp;view=article&amp;id=88&amp;Itemid=85#ensaiohamlet\" target=\"_blank\"><span style=\"color: #000000;\">ENSAIO HAMLET<\/span><\/a> <\/strong><em>Teatro <\/em><br \/>\nCia. dos Atores \u2013 Rio de Janeiro \/ Brasil<br \/>\n<img decoding=\"async\" title=\"Ensaio Hamlet - Foto: Paulo Lacerda\" src=\"http:\/\/www.fiacbahia.com\/images\/espe_img\/Esp_nacionais_01\/ensaio%20hamlet_5_paulo%20lacerda.jpg\" border=\"0\" alt=\"Ensaio Hamlet - Foto: Paulo Lacerda\" hspace=\"5\" vspace=\"5\" width=\"250\" \/> <img decoding=\"async\" title=\"Ensaio Hamlet - Foto: Paulo Lacerda\" src=\"http:\/\/www.fiacbahia.com\/images\/espe_img\/Esp_nacionais_01\/ensaio%20hamlet_foto_paulo%20lacerda.jpg\" border=\"0\" alt=\"Ensaio Hamlet - Foto: Paulo Lacerda\" hspace=\"5\" vspace=\"5\" width=\"250\" \/><br \/>\n<strong>SINOPSE DO ESPET\u00c1CULO<\/strong><br \/>\nDirigida por Enrique Diaz, pela primeira vez a Cia. dos Atores se debru\u00e7a sobre as quest\u00f5es de Shakespeare, em seu mais c\u00e9lebre cl\u00e1ssico, para criar uma s\u00e9rie de perguntas e experi\u00eancias que s\u00e3o propostas e vividas pelos int\u00e9rpretes. Este ensaio sobre a pe\u00e7a convida o espectador a participar desta \u2018aut\u00f3psia\u2019 \u2013 tanto dos personagens como dos pr\u00f3prios atores em cena.<\/p>\n<p style=\"text-align: justify;\">Elenco: Bel Garcia \/ C\u00e9sar Augusto \/ Em\u00edlio de Mello \/ Felipe Rocha \/ Marcelo Olinto\/ Susana Ribeiro.<br \/>\nTexto: A partir da tradu\u00e7\u00e3o de Millor Fernandes<br \/>\nDire\u00e7\u00e3o Geral: Enrique Diaz<br \/>\nCenografia: Marcos Chaves e C\u00e9sar Augusto<br \/>\nFigurino: Marcelo Olinto<br \/>\nIlumina\u00e7\u00e3o: Maneco Quinder\u00e9<br \/>\nDire\u00e7\u00e3o de movimento: Andr\u00e9a Jabor<br \/>\nPrepara\u00e7\u00e3o Corporal: Cristina Moura<br \/>\nDire\u00e7\u00e3o de cena: M\u00e1rcia Machado<br \/>\nT\u00e9cnico de Ilumina\u00e7\u00e3o: Leandro Barreto<br \/>\nT\u00e9cnico de Som: Ricardo Santos<br \/>\nContra-regra: Marcos Lesqueves<br \/>\nTrilha Sonora e M\u00fasicas Originais: Lucas Marcier, RodrigoMar\u00e7al e Felipe Rocha<br \/>\nProdu\u00e7\u00e3o: Amanda Cezarina e C\u00e9sar Augusto \/ Cia dos Atores<br \/>\nL\u00edngua: Portugu\u00eas<br \/>\nDura\u00e7\u00e3o: 2h<br \/>\nLocal: Teatro Castro Alves \u2013 Sala Principal.<br \/>\nHor\u00e1rio: Dias 27 e 28\/10, \u00e0s 20h.<\/p>\n<p style=\"text-align: justify;\"><strong>SOBRE A CIA. DOS ATORES<\/strong><br \/>\nFormada em 1988 no Rio de Janeiro, a Cia. dos Atores surgiu com o objetivo de suprir uma necessidade de estudar e experimentar novas possibilidades da cena teatral, tra\u00e7ando um caminho de pesquisa e renova\u00e7\u00e3o permanente de linguagem art\u00edstica. Sua hist\u00f3ria traz mais de uma dezena de espet\u00e1culos montados, diversos pr\u00eamios e uma carreira nacional e internacional reconhecida pela imprensa especializada do Brasil, Am\u00e9rica Latina, Estado Unidos e Europa. O grupo se afirmou como um dos mais importantes e originais do teatro brasileiro, gra\u00e7as a algumas caracter\u00edsticas marcantes, como seu forte \u201cprocesso colaborativo\u201d \u2013 onde todos influem no resultado dos trabalhos, trazendo contribui\u00e7\u00f5es para que o diretor passe a fazer um trabalho de edi\u00e7\u00e3o e organiza\u00e7\u00e3o do material \u2013 e a \u201cantropofagia ampla, geral e irrestrita\u201d \u2013 onde tudo pode ser apropriado e reciclado para um espet\u00e1culo, sem que sejam necess\u00e1rias contextualiza\u00e7\u00f5es hist\u00f3ricas acerca de cada elemento utilizado.<\/p>\n<hr style=\"text-align: justify;\" size=\"2\" \/>\n<p style=\"text-align: justify;\"><strong><a href=\"http:\/\/www.fiacbahia.com\/index.php?option=com_content&amp;view=article&amp;id=88&amp;Itemid=85#hysteria\" target=\"_blank\"><span style=\"color: #000000;\">HYSTERIA<\/span><\/a><\/strong><strong> <\/strong><em>Teatro <\/em><br \/>\nGrupo XIX de Teatro \u2013 S\u00e3o Paulo \/ Brasil<br \/>\n<img decoding=\"async\" title=\"Hysteria - Foto: Adalberto Lima\" src=\"http:\/\/www.fiacbahia.com\/images\/espe_img\/Esp_nacionais_01\/Hysteria_Foto_Adalberto%20Lima.jpg\" border=\"0\" alt=\"Hysteria - Foto: Adalberto Lima\" hspace=\"5\" vspace=\"5\" width=\"250\" \/> <img decoding=\"async\" title=\"Hysteria - Foto: Adalberto Lima\" src=\"http:\/\/www.fiacbahia.com\/images\/espe_img\/Esp_nacionais_01\/hysteria-foto---adalberto-l.jpg\" border=\"0\" alt=\"Hysteria - Foto: Adalberto Lima\" hspace=\"5\" vspace=\"5\" width=\"250\" \/><br \/>\n<strong>SINOPSE DO ESPET\u00c1CULO<\/strong><br \/>\nCom extrema sensibilidade, o espet\u00e1culo apresenta as depend\u00eancias de um hosp\u00edcio feminino carioca como pano de fundo para que cinco personagens, diagnosticadas como hist\u00e9ricas, revelem seus desvios e contradi\u00e7\u00f5es. Cenicamente, abdica-se do palco e dos recursos de sonoplastia e ilumina\u00e7\u00e3o, optando-se por um espa\u00e7o n\u00e3o convencional. A plat\u00e9ia masculina \u00e9 separada da plat\u00e9ia feminina, que \u00e9 convidada a interagir com as atrizes. Essa intera\u00e7\u00e3o, aliada a textos previamente elaborados, gera uma dramaturgia h\u00edbrida, \u00fanica a cada apresenta\u00e7\u00e3o. Sob a dire\u00e7\u00e3o de Luiz Fernando Marques, HYSTERIA \u00e9 resultado de um trabalho de pesquisa feito pelo grupo XIX de Teatro, tendo como foco principal as rela\u00e7\u00f5es sociais da mulher brasileira no fim do s\u00e9culo XIX.<\/p>\n<p style=\"text-align: justify;\">Cria\u00e7\u00e3o, Pesquisa de texto, elementos c\u00eanicos e figurinos: Grupo XIX de Teatro<br \/>\nElenco: Jana\u00edna Leite, Evelin Klein, Juliana Sanches, Sara Antunes, Mara Helleno<br \/>\nDire\u00e7\u00e3o: Luiz Fernando Marques<br \/>\nProdu\u00e7\u00e3o: Erlon Bispo<br \/>\nL\u00edngua: Portugu\u00eas<br \/>\nDura\u00e7\u00e3o: 1h30<br \/>\nLocal: Instituto Feminino da Bahia.<br \/>\nData: De 29 a 31\/10, \u00e0s 16h.<\/p>\n<p style=\"text-align: justify;\"><strong>SOBRE O GRUPO XIX DE TEATRO<\/strong><br \/>\nO Grupo XIX de Teatro surgiu em 2000 e se utiliza do processo de cria\u00e7\u00e3o colaborativa para realizar sua pesquisa c\u00eanica, que tem por tema um momento hist\u00f3rico brasileiro \u2013 especificamente, no caso da pe\u00e7a HYSTERIA, a mulher brasileira e os valores burgueses na transi\u00e7\u00e3o do Brasil rural para o Brasil industrial. O grupo tem uma pesquisa est\u00e9tica de explora\u00e7\u00e3o de pr\u00e9dios hist\u00f3ricos como espa\u00e7os c\u00eanicos e uma investiga\u00e7\u00e3o sobre a participa\u00e7\u00e3o ativa do p\u00fablico. Com HYSTERIA, sua primeira pe\u00e7a, o grupo ganhou cinco pr\u00eamios e foi considerado a revela\u00e7\u00e3o teatral pela APCA (Associa\u00e7\u00e3o Paulista de Cr\u00edticos de Arte), al\u00e9m de ter sido indicado para o Pr\u00eamio Shell de Teatro. Realizou centenas de apresenta\u00e7\u00f5es no Brasil e no exterior, participando dos principais festivais de teatro de l\u00edngua portuguesa. Com \u201cHygiene\u201d, sua segunda pe\u00e7a, foi indicado ao pr\u00eamio Shell de Teatro &#8211; 2005 e ao Pr\u00eamio Bravo! Prime de Cultura como um dos tr\u00eas melhores espet\u00e1culos do ano e ganhou como melhor espet\u00e1culo do ano o Pr\u00eamio Qualidade Brasil 2005 \u2013 S\u00e3o Paulo. Com seu novo espet\u00e1culo, \u201cArrufos\u201d, contemplado pelo Edital PAC, o grupo realizou uma temporada de enorme sucesso de p\u00fablico e cr\u00edtica em S\u00e3o Paulo e est\u00e1 indicado para o Pr\u00eamio Shell de Teatro 2008 (indicado nas categorias: Especial, pela pesquisa e realiza\u00e7\u00e3o do espet\u00e1culo Arrufos, e Cenografia) e Pr\u00eamio Bravo Prime de Cultura 2008 (indicada como um dos tr\u00eas melhores espet\u00e1culos do ano).<\/p>\n<hr style=\"text-align: justify;\" size=\"2\" \/>\n<p style=\"text-align: justify;\"><strong><a href=\"http:\/\/www.fiacbahia.com\/index.php?option=com_content&amp;view=article&amp;id=88&amp;Itemid=85#melodrama\" target=\"_blank\"><span style=\"color: #000000;\">MELODRAMA<\/span><\/a> <\/strong><em>Teatro <\/em><br \/>\nCia. dos Atores \u2013 Rio de Janeiro \/ Brasil<br \/>\n<img decoding=\"async\" title=\"Melodrama - Foto: Marcelo Olinto\" src=\"http:\/\/www.fiacbahia.com\/images\/espe_img\/Esp_nacionais_01\/melodrama-marcelo-olinto.jpg\" border=\"0\" alt=\"Melodrama - Foto: Marcelo Olinto\" hspace=\"5\" vspace=\"5\" width=\"250\" \/> <img decoding=\"async\" title=\"Melodrama - Foto:Chico Lima\" src=\"http:\/\/www.fiacbahia.com\/images\/espe_img\/Esp_nacionais_01\/melodrama_chico%20lima%202.jpg\" border=\"0\" alt=\"Melodrama - Foto:Chico Lima\" hspace=\"5\" vspace=\"5\" width=\"250\" \/><br \/>\n<strong>SINOPSE DO ESPET\u00c1CULO<\/strong><br \/>\nCom dire\u00e7\u00e3o de Enrique Diaz, MELODRAMA \u00e9 composto de pequenas hist\u00f3rias que se entrela\u00e7am com humor: a luta pelo amor, o casamento proibido pelo fantasma do incesto etc. Resultado de dois anos de pesquisa, a pe\u00e7a da Cia. dos Atores se dedica a apresentar um panorama do g\u00eanero melodram\u00e1tico como refer\u00eancia cultural, com situa\u00e7\u00f5es turbulentas e di\u00e1logos pomposos. A f\u00f3rmula tornou a pe\u00e7a um sucesso absoluto, conquistando alguns dos mais importantes pr\u00eamios nacionais \u2013 Pr\u00eamio Sharp (Melhor Diretor); Pr\u00eamio Shell Rio de Janeiro (Melhor Diretor e Melhor Figurinista); Pr\u00eamio Shell S\u00e3o Paulo (Melhor Autor, Melhor Diretor e Melhor Figurinista); Pr\u00eamio APCA S\u00e3o Paulo (Melhor Espet\u00e1culo, Melhor Autor e Melhor Figurinista). A Cia realizou diversas apresenta\u00e7\u00f5es de MELODRAMA nos Estados Unidos, Portugal, Venezuela, Col\u00f4mbia, Argentina, Porto Rico e nos mais diversos estados e festivais brasileiros.<\/p>\n<p style=\"text-align: justify;\">Elenco: Bel Garcia, C\u00e9sar Augusto, Gustavo Gasparani, Leonardo Netto, Marcelo Olinto, Raquel Rocha e Susana Ribeiro.<br \/>\nTexto: Filipe Miguez<br \/>\nDire\u00e7\u00e3o Geral: Enrique Diaz<br \/>\nCen\u00e1rio: Fernando Mello da Costa<br \/>\nFigurino: Marcelo Olinto<br \/>\nIlumina\u00e7\u00e3o: Maneco Quinder\u00e9<br \/>\nDire\u00e7\u00e3o Musical e M\u00fasica Original: Carlos Cardoso<br \/>\nPrepara\u00e7\u00e3o Corporal: Lucia Aratanha<br \/>\nCoreografias: Jayme Ar\u00f4xa<br \/>\nDire\u00e7\u00e3o de cena: M\u00e1rcia Machado<br \/>\nT\u00e9cnico de Ilumina\u00e7\u00e3o: Leandro Barreto<br \/>\nT\u00e9cnico de Som: Ricardo Santos<br \/>\nContra-regra: Marcos Lesqueves<br \/>\nProdu\u00e7\u00e3o: Amanda Cezarina e C\u00e9sar Augusto \/ Cia dos Atores<br \/>\nL\u00edngua: Portugu\u00eas<br \/>\nDura\u00e7\u00e3o: 2h15 (com intervalo)<br \/>\nLocal: Teatro Castro Alves \u2013 Sala Principal<br \/>\nData: Dias 24 e 25\/10, \u00e0s 20h.<\/p>\n<p style=\"text-align: justify;\"><strong>SOBRE A CIA. DOS ATORES<\/strong><br \/>\nFormada em 1988 no Rio de Janeiro, a Cia. dos Atores surgiu com o objetivo de suprir uma necessidade de estudar e experimentar novas possibilidades da cena teatral, tra\u00e7ando um caminho de pesquisa e renova\u00e7\u00e3o permanente de linguagem art\u00edstica. Sua hist\u00f3ria traz mais de uma dezena de espet\u00e1culos montados, diversos pr\u00eamios e uma carreira nacional e internacional reconhecida pela imprensa especializada do Brasil, Am\u00e9rica Latina, Estados Unidos e Europa. O grupo se afirmou como um dos mais importantes e originais do teatro brasileiro, gra\u00e7as a algumas caracter\u00edsticas marcantes, como seu forte \u201cprocesso colaborativo\u201d \u2013 onde os todos influem no resultado dos trabalhos, trazendo contribui\u00e7\u00f5es para que o diretor passe a fazer um trabalho de edi\u00e7\u00e3o e organiza\u00e7\u00e3o do material \u2013 e a \u201cantropofagia ampla, geral e irrestrita\u201d \u2013 onde tudo pode ser apropriado e reciclado para um espet\u00e1culo, sem que sejam necess\u00e1rias contextualiza\u00e7\u00f5es hist\u00f3ricas acerca de cada elemento utilizado.<\/p>\n<hr style=\"text-align: justify;\" size=\"2\" \/>\n<p style=\"text-align: justify;\"><strong><a href=\"http:\/\/www.fiacbahia.com\/index.php?option=com_content&amp;view=article&amp;id=88&amp;Itemid=85#ocantil\" target=\"_blank\"><span style=\"color: #000000;\">O CANTIL<\/span><\/a> <\/strong><em>Teatro<\/em><br \/>\nTeatro M\u00e1quina \u2013 Cear\u00e1 \/ Brasil<br \/>\n<img decoding=\"async\" title=\"O Cantil - Foto: Daivyson F. Teixeira\" src=\"http:\/\/www.fiacbahia.com\/images\/espe_img\/Esp_nacionais_01\/o%20cantil%203.jpg\" border=\"0\" alt=\"O Cantil - Foto: Daivyson F. Teixeira\" hspace=\"5\" vspace=\"5\" width=\"250\" \/> <img decoding=\"async\" title=\"O Cantil - Foto: Daivyson F. Teixeira\" src=\"http:\/\/www.fiacbahia.com\/images\/espe_img\/Esp_nacionais_01\/o-cantil-davyson%20f%20teixeira.jpg\" border=\"0\" alt=\"O Cantil - Foto: Daivyson F. Teixeira\" hspace=\"5\" vspace=\"5\" width=\"250\" \/><br \/>\n<strong>SINOPSE DO ESPET\u00c1CULO<\/strong><br \/>\nO CANTIL \u00e9 uma adapta\u00e7\u00e3o cuidadosa que a diretora Fran Teixeira fez da aclamada pe\u00e7a do alem\u00e3o Bertolt Brecht \u201cA exce\u00e7\u00e3o e a regra\u201d e fala da rela\u00e7\u00e3o de explora\u00e7\u00e3o e submiss\u00e3o entre patr\u00e3o e empregado. A dire\u00e7\u00e3o optou por dispensar as falas e a express\u00e3o facial, montando um espet\u00e1culo em que o texto \u00e9 sil\u00eancio, m\u00fasica, luz e, principalmente, gestos. As personagens s\u00e3o bonecos-humanos manipulados por atores, tra\u00e7ando um caminho para a auto-anula\u00e7\u00e3o: o manipulador controla seus gestos numa confian\u00e7a completa e coopera\u00e7\u00e3o m\u00fatua, j\u00e1 que um deles deixa ser moldado e o outro d\u00e1 as r\u00e9deas.<\/p>\n<p style=\"text-align: justify;\">Dire\u00e7\u00e3o, dramaturgia e produ\u00e7\u00e3o: Fran Teixeira<br \/>\nAssist\u00eancia de produ\u00e7\u00e3o: Joel Monteiro<br \/>\nElenco: Aline Silva, Edivaldo Batista, Levy Mota e M\u00e1rcio Medeiros<br \/>\nAnima\u00e7\u00e3o: Ramon Cavalcante<br \/>\nCenografia e arte gr\u00e1fica: Frederico Teixeira<br \/>\nFigurinos: Jo\u00e3o Zabaleta<br \/>\nIlumina\u00e7\u00e3o: Walter Fa\u00e7anha<br \/>\nTrilha sonora original e sonoplastia: Dustan Gallas<br \/>\nContra-regragem: Ana Lu\u00edza Rios<br \/>\nOpera\u00e7\u00e3o de Som: Joel Monteiro<br \/>\nOpera\u00e7\u00e3o de Luz: Tomaz de Aquino<br \/>\nL\u00edngua: Sem texto<br \/>\nDura\u00e7\u00e3o: 45min<br \/>\nLocal: Sala do Coro do Teatro Castro Alves.<br \/>\nData: Dias 24 e 25\/10, \u00e0s 21h.<\/p>\n<p style=\"text-align: justify;\"><strong>SOBRE O TEATRO M\u00c1QUINA<\/strong><br \/>\nO Teatro M\u00e1quina, em atividade em Fortaleza desde 2003, tem desenvolvido processos criativos coletivamente. O teatro \u00e9pico de Bertolt Brecht tem sido a principal linha de investiga\u00e7\u00e3o do grupo, que vem trabalhando os conceitos de estranhamento, literaliza\u00e7\u00e3o da cena e refuncionaliza\u00e7\u00e3o dos elementos do teatro, atrav\u00e9s das id\u00e9ias de jogo e repeti\u00e7\u00e3o. O grupo se interessa por descobrir e testar novos modelos de composi\u00e7\u00e3o (gestualidades vocal e corporal) e assim ir desenhando o que podemos chamar de um corpo \u00e9pico. Em sua trajet\u00f3ria se destacam os espet\u00e1culos Quanto custa o ferro? (2003), Leonce + Lena (2005) e R\u00e9p\u00e9ter (2007).<\/p>\n<hr style=\"text-align: justify;\" size=\"2\" \/>\n<p style=\"text-align: justify;\"><strong><a href=\"http:\/\/www.fiacbahia.com\/index.php?option=com_content&amp;view=article&amp;id=88&amp;Itemid=85#pequenasfrestas\" target=\"_blank\"><span style=\"color: #000000;\">PEQUENAS FRESTAS DE FIC\u00c7\u00c3O SOBRE REALIDADE INSISTENTE<\/span><\/a> <\/strong><em>Dan\u00e7a <\/em><br \/>\nGrupo Cena 11 Cia. de Dan\u00e7a \u2013 Santa Catarina \/ Brasil<br \/>\n<img decoding=\"async\" title=\"Pequenas frestas de fic\u00e7\u00e3o sobre realidade insistente -  Foto: Gilson Camargo\" src=\"http:\/\/www.fiacbahia.com\/images\/espe_img\/Esp_nacionais_01\/pequena01.jpg\" border=\"0\" alt=\"Pequenas frestas de fic\u00e7\u00e3o sobre realidade insistente -  Foto: Gilson Camargo\" hspace=\"5\" vspace=\"5\" width=\"250\" \/> <img decoding=\"async\" title=\"Pequenas frestas de fic\u00e7\u00e3o sobre realidade insistente - Foto: Gilson Camargo\" src=\"http:\/\/www.fiacbahia.com\/images\/espe_img\/Esp_nacionais_01\/pequena02.jpg\" border=\"0\" alt=\"Pequenas frestas de fic\u00e7\u00e3o sobre realidade insistente - Foto: Gilson Camargo\" hspace=\"5\" vspace=\"5\" width=\"250\" \/><br \/>\n<strong>SINOPSE DO ESPET\u00c1CULO<\/strong><br \/>\nA coreografia de Alejandro Ahmed \u00e9 uma f\u00e1bula feita da colagem de a\u00e7\u00f5es, objetos, corpos, imagens e movimentos, que se fortalecem das caracter\u00edsticas que as definem para ganharem novos significados ao se inter-relacionarem. Nesse processo, fic\u00e7\u00e3o e realidade intercalam seus lugares e assim contam hist\u00f3rias, fazendo com que a dan\u00e7a procure meios para perceber-se real. A montagem conta com o aux\u00edlio de sensores (c\u00e2meras, aceler\u00f4metro), rob\u00f4s, programas de detec\u00e7\u00e3o de padr\u00e3o, v\u00eddeo e sistemas de vjing. Sistemas e programas foram desenvolvidos especialmente para atuarem no espet\u00e1culo e contam com a participa\u00e7\u00e3o do espectador para conclu\u00edrem seus objetivos no palco.<\/p>\n<p style=\"text-align: justify;\">Elenco e coreografia: Adilso Machado, Alejandro Ahmed, Anderson Jo\u00e3o, Cl\u00e1udia Shimura, Hedra Rockenbach, Karin Serafin, Leticia Lamela, Marcela Reichelt, Marcos Klann, Mariana Romagnani, Nina<br \/>\nDire\u00e7\u00e3o art\u00edstica e coreografia: Alejandro Ahmed<br \/>\nTrilha sonora, elementos de cena e coordena\u00e7\u00e3o de montagem: Hedra Rockenbach<br \/>\nFigurinos: Karin Serafin<br \/>\nVideocenografia e desenvolvimento de software: Tiago Romagnani Silveira<br \/>\nProjeto gr\u00e1fico, ilustra\u00e7\u00f5es e anima\u00e7\u00f5es: Fernando Rosa<br \/>\nIlumina\u00e7\u00e3o e opera\u00e7\u00e3o de luz: Irani Apolinario<br \/>\nOperador de v\u00eddeo: Cristiano Prim<br \/>\nT\u00e9cnico de som: Eduardo Serafin<br \/>\nFotografia: Cristiano Prim, Fernando Rosa e Gilson Camargo<br \/>\nEletr\u00f4nica: Prof. Edson Melo (CEFET\/SC)<br \/>\nDura\u00e7\u00e3o: 1h40<br \/>\nLocal: Teatro Castro Alves \u2013 Sala Principal.<br \/>\nData: Dia 31\/10, \u00e0s 21h.<\/p>\n<p style=\"text-align: justify;\"><strong>SOBRE O GRUPO CENA 11 CIA. DE DAN\u00c7A<\/strong><br \/>\nO Grupo Cena 11 &#8211; Cia. de Dan\u00e7a desenvolve uma t\u00e9cnica particular e instaura projetos de pesquisa e forma\u00e7\u00e3o, sempre com o prop\u00f3sito de confluir teoria e pr\u00e1tica no entendimento de dan\u00e7a. Um n\u00facleo de cria\u00e7\u00e3o, com forma\u00e7\u00e3o em v\u00e1rias \u00e1reas, comp\u00f5e a base para uma produ\u00e7\u00e3o art\u00edstica em que a id\u00e9ia precisa ganhar expans\u00e3o num corpo e organizar-se como dan\u00e7a. Alejandro Ahmed \u00e9 core\u00f3grafo residente, diretor art\u00edstico e bailarino do grupo. Em 2007, o Cena 11 recebeu o pr\u00eamio Bravo! Prime de Cultura (Melhor Espet\u00e1culo de Dan\u00e7a) e o Pr\u00eamio Sergio Motta de Arte e Tecnologia por \u201cPequenas frestas de fic\u00e7\u00e3o sobre realidade insistente\u201d.<\/p>\n<hr style=\"text-align: justify;\" size=\"2\" \/>\n<p style=\"text-align: justify;\"><strong><a href=\"http:\/\/www.fiacbahia.com\/index.php?option=com_content&amp;view=article&amp;id=88&amp;Itemid=85#porelise\" target=\"_blank\"><span style=\"color: #000000;\">POR ELISE<\/span><\/a> <\/strong><em>Teatro <\/em><br \/>\nGrupo Espanca! \u2013 Minas Gerais \/ Brasil<br \/>\n<img decoding=\"async\" title=\"Por Elise\" src=\"http:\/\/www.fiacbahia.com\/images\/espe_img\/Esp_nacionais_01\/por%20elise%202.jpg\" border=\"0\" alt=\"Por Elise\" hspace=\"5\" vspace=\"5\" width=\"250\" \/> <img decoding=\"async\" title=\"Por Elise\" src=\"http:\/\/www.fiacbahia.com\/images\/espe_img\/Esp_nacionais_01\/por-elise-3.jpg\" border=\"0\" alt=\"Por Elise\" hspace=\"5\" vspace=\"5\" width=\"250\" \/><br \/>\n<strong>SINOPSE DO ESPET\u00c1CULO<\/strong><br \/>\nO premiado espet\u00e1culo do Grupo Espanca!, dirigido por Grace Pass\u00f4, coloca em cena diversas personagens (uma dona de casa que tem medo de que abacates caiam sobre ela; um c\u00e3o que late palavras; um lixeiro em busca de seu pai; uma mulher perdida que ter\u00e1 seu c\u00e3o sacrificado; um funcion\u00e1rio protegido por um uniforme que o impede de sentir) para tratar do comportamento do homem contempor\u00e2neo, suas contradi\u00e7\u00f5es, sentimentos, as formas como mede o quanto se envolve com as coisas e o quanto se protege delas. POR ELISE conquistou os Pr\u00eamios APCA e o Shell (edi\u00e7\u00e3o S\u00e3o Paulo \u2013 de Melhor Dramaturgia 2005), al\u00e9m de ter sido indicado pela Revista Bravo! como um dos 100 melhores espet\u00e1culos de artes c\u00eanicas produzidos nos \u00faltimos oito anos no Brasil.<\/p>\n<p style=\"text-align: justify;\">Dire\u00e7\u00e3o e Dramaturgia: Grace Pass\u00f4<br \/>\nInt\u00e9rpretes-criadores: Gustavo Bones (Lixeiro), Marcelo Castro (Homem), Paulo Azevedo (Funcion\u00e1rio), Renata Cabral (Mulher) e Grace Pass\u00f4 (Dona de casa)<br \/>\nFigurino: Marco Paulo Rolla<br \/>\nIlumina\u00e7\u00e3o: Telma Fernandes<br \/>\nTrilha sonora: Daniel Soares Diazepam<br \/>\nVocal: Le Thi Bich Huong<br \/>\nOrienta\u00e7\u00e3o de Pesquisa: Rita Clemente<br \/>\nAssessoria Vocal: Camila Jorge e Mariana Brant<br \/>\nInstrutora de Tai Chi: Aline Midori<br \/>\nArte Gr\u00e1fica: Viviane Gandra<br \/>\nFotografia: Jo\u00e3o Marcos Rosa e Ana Alvarenga<br \/>\nV\u00eddeo: Jana\u00edna Patroc\u00ednio (JPZ Comunica\u00e7\u00e3o)<br \/>\nRealiza\u00e7\u00e3o: Grupo Espanca!<br \/>\nL\u00edngua: Portugu\u00eas<br \/>\nDura\u00e7\u00e3o: 1h<br \/>\nLocal: SESC\/SENAC Pelourinho.<br \/>\nData: Dias 27 e 28\/10, \u00e0s 19h.<\/p>\n<p style=\"text-align: justify;\"><strong>SOBRE O GRUPO ESPANCA!<\/strong><br \/>\nO Grupo Espanca! \u00e9 integrado por artistas envolvidos na pesquisa de uma linguagem teatral com uma dramaturgia representativa da atualidade. Iniciou seus trabalhos em 2004. \u201cPor Elise\u201d, seu primeiro trabalho, estreou em 2005 e conquistou no mesmo ano, o Pr\u00eamio da Associa\u00e7\u00e3o Paulista de Cr\u00edticos de Arte e Pr\u00eamio Shell de Melhor Dramaturgia. Al\u00e9m disso, integrou a Copa da Cultura, na Alemanha, cumpriu temporadas em S\u00e3o Paulo e Belo Horizonte e participou dos principais festivais do g\u00eanero no Pa\u00eds.<\/p>\n<hr style=\"text-align: justify;\" size=\"2\" \/>\n<p style=\"text-align: justify;\"><strong><a href=\"http:\/\/www.fiacbahia.com\/index.php?option=com_content&amp;view=article&amp;id=88&amp;Itemid=85#tropeco\" target=\"_blank\"><span style=\"color: #000000;\">TROPE\u00c7O<\/span><\/a> <\/strong><em>Teatro de anima\u00e7\u00e3o<\/em><br \/>\nTato Cria\u00e7\u00e3o C\u00eanica \u2013 Paran\u00e1 \/ Brasil<br \/>\n<img decoding=\"async\" title=\"Trope\u00e7o - Foto: T. Melcop\" src=\"http:\/\/www.fiacbahia.com\/images\/espe_img\/Esp_nacionais_01\/trope.jpg\" border=\"0\" alt=\"Trope\u00e7o - Foto: T. Melcop\" hspace=\"5\" vspace=\"5\" width=\"250\" \/> <img decoding=\"async\" title=\"Trope\u00e7o\" src=\"http:\/\/www.fiacbahia.com\/images\/espe_img\/Esp_nacionais_01\/tropeco.jpg\" border=\"0\" alt=\"Trope\u00e7o\" hspace=\"5\" vspace=\"5\" width=\"250\" \/><br \/>\n<strong>SINOPSE DO ESPET\u00c1CULO<\/strong><br \/>\nSobre uma mesa, com ba\u00fas e alguns pequenos objetos, cria-se um mundo onde dois atores manipuladores e suas m\u00e3os d\u00e3o vida a duas personagens: duas velhas que moram juntas. Partindo da costumeira vis\u00e3o que temos da velhice, mostra-se sua solid\u00e3o e as pequenas a\u00e7\u00f5es rotineiras, criando-se, por\u00e9m, um universo de sutileza e extravag\u00e2ncia que convive com a poesia e comicidade em m\u00e3os que andam, dan\u00e7am, bebem, respiram, riem e choram.<\/p>\n<p style=\"text-align: justify;\">Concep\u00e7\u00e3o e atua\u00e7\u00e3o: Katiane Negr\u00e3o e Dico Ferreira<br \/>\nColabora\u00e7\u00e3o dramat\u00fargica: Juliana Capil\u00e9<br \/>\nDura\u00e7\u00e3o: 35min<br \/>\nLocal: Teatro Gamboa.<br \/>\nData: Dias 29 e 30\/10, \u00e0s 19h.<\/p>\n<p style=\"text-align: justify;\"><strong>SOBRE A TATO CRIA\u00c7\u00c3O C\u00caNICA<\/strong><br \/>\nA Tato Cria\u00e7\u00e3o C\u00eanica \u00e9 formada por Dico Ferreira e Katiane Negr\u00e3o e come\u00e7ou suas pesquisas em 2004, em Curitiba, mesmo ano em que estreou \u201cTrope\u00e7o\u201d. A pe\u00e7a j\u00e1 foi apresentada dentro e fora do pa\u00eds, destacando-se os festivais internacionais de Buenos Aires (Argentina), Mirepoix (Fran\u00e7a) e Ovar (Portugal). Licenciada em Artes C\u00eanicas pela Universidade Federal de Ouro Preto \u2013 MG, a atriz e bailarina Katiane Negr\u00e3o iniciou-se na dan\u00e7a em 1983 e no teatro em 1993, em Bauru-SP, onde fez v\u00e1rias oficinas e participou de alguns grupos. Em 1998 direciona sua pesquisa na dan\u00e7a contempor\u00e2nea e no teatro-dan\u00e7a. J\u00e1 Dico Ferreira \u00e9 diretor teatral e desenvolve trabalho solo de m\u00edmica desde 1995. Como ator j\u00e1 trabalhou em diversos grupos e companhias no Paran\u00e1 e em Minas Gerais.<\/p>\n","protected":false},"excerpt":{"rendered":"<p>ESPET\u00c1CULOS NACIONAIS AQUELES DOIS Teatro Cia. Luna Lunera \u2013 Minas Gerais \/ Brasil SINOPSE DO ESPET\u00c1CULO Na rotina de um escrit\u00f3rio ou reparti\u00e7\u00e3o p\u00fablica \u2013 met\u00e1fora de qualquer ambiente \u00e1rido e burocr\u00e1tico de trabalho \u2013, surgem la\u00e7os de cumplicidade entre dois novos funcion\u00e1rios. A aproxima\u00e7\u00e3o entre eles gera desconfian\u00e7a, insinua\u00e7\u00f5es [&hellip;]<\/p>\n","protected":false},"author":2,"featured_media":0,"comment_status":"closed","ping_status":"open","sticky":false,"template":"","format":"standard","meta":{"footnotes":""},"categories":[11,10,13,12,9],"tags":[20,227,172,168,216,225,15,171,57,204,271,272],"class_list":["post-520","post","type-post","status-publish","format-standard","hentry","category-01beber","category-01comer","category-01ler","category-01ver","category-01viver","tag-bahia","tag-camacari","tag-danca","tag-feira-de-santana","tag-festival-internacional-de-artes-cenicas-da-bahia","tag-plataforma","tag-salvador","tag-tca","tag-teatro","tag-teatro-de-bonecos","tag-teatro-nacional","tag-vila-velha"],"_links":{"self":[{"href":"https:\/\/www.ultimobaile.com\/index.php?rest_route=\/wp\/v2\/posts\/520","targetHints":{"allow":["GET"]}}],"collection":[{"href":"https:\/\/www.ultimobaile.com\/index.php?rest_route=\/wp\/v2\/posts"}],"about":[{"href":"https:\/\/www.ultimobaile.com\/index.php?rest_route=\/wp\/v2\/types\/post"}],"author":[{"embeddable":true,"href":"https:\/\/www.ultimobaile.com\/index.php?rest_route=\/wp\/v2\/users\/2"}],"replies":[{"embeddable":true,"href":"https:\/\/www.ultimobaile.com\/index.php?rest_route=%2Fwp%2Fv2%2Fcomments&post=520"}],"version-history":[{"count":5,"href":"https:\/\/www.ultimobaile.com\/index.php?rest_route=\/wp\/v2\/posts\/520\/revisions"}],"predecessor-version":[{"id":536,"href":"https:\/\/www.ultimobaile.com\/index.php?rest_route=\/wp\/v2\/posts\/520\/revisions\/536"}],"wp:attachment":[{"href":"https:\/\/www.ultimobaile.com\/index.php?rest_route=%2Fwp%2Fv2%2Fmedia&parent=520"}],"wp:term":[{"taxonomy":"category","embeddable":true,"href":"https:\/\/www.ultimobaile.com\/index.php?rest_route=%2Fwp%2Fv2%2Fcategories&post=520"},{"taxonomy":"post_tag","embeddable":true,"href":"https:\/\/www.ultimobaile.com\/index.php?rest_route=%2Fwp%2Fv2%2Ftags&post=520"}],"curies":[{"name":"wp","href":"https:\/\/api.w.org\/{rel}","templated":true}]}}