{"id":510,"date":"2008-10-22T07:14:48","date_gmt":"2008-10-22T10:14:48","guid":{"rendered":"http:\/\/www.ultimobaile.com\/?p=510"},"modified":"2025-12-24T13:03:55","modified_gmt":"2025-12-24T16:03:55","slug":"as-guarnicoes-do-fiac-parte-iii-oficinas-capital-interior","status":"publish","type":"post","link":"https:\/\/www.ultimobaile.com\/?p=510","title":{"rendered":"As Guarni\u00e7\u00f5es do FIAC (parte III) &#8211; Oficinas (Capital &#038; Interior)"},"content":{"rendered":"<p style=\"text-align: justify;\"><span class=\"contentheading\"><a href=\"http:\/\/www.fiacbahia.com\/index.php?option=com_content&amp;view=article&amp;id=75&amp;Itemid=103\" target=\"_blank\">OFICINAS<\/a><\/span><\/p>\n<p style=\"text-align: justify;\"><span class=\"contentheading\"><a href=\"http:\/\/www.fiacbahia.com\/index.php?option=com_content&amp;view=article&amp;id=75&amp;Itemid=103\" target=\"_blank\"><\/a><\/span><strong>OFICINAS EM SALVADOR<\/strong><\/p>\n<p style=\"text-align: justify;\"><strong>Jogo e Repeti\u00e7\u00e3o <\/strong>\u2013 Ministrantes: Fran Teixeira e Joel Monteiro \u2013 Teatro M\u00e1quina (Cear\u00e1)<\/p>\n<p style=\"text-align: justify;\">Oficina que objetiva experimentar o conceito de estranhamento brechtiano atrav\u00e9s de sua experimenta\u00e7\u00e3o f\u00edsica, explorando exerc\u00edcios baseados nas dimens\u00f5es do jogo e da repeti\u00e7\u00e3o. Pr\u00e1tica respirat\u00f3ria, aquecimento f\u00edsico, exerc\u00edcio de presen\u00e7a c\u00eanica para compreens\u00e3o e discuss\u00e3o de tempo passado, tempo presente, improvisa\u00e7\u00e3o narrativa com a situa\u00e7\u00e3o (\u201cH\u00e1 alguma coisa por tr\u00e1s da porta\u201d), composi\u00e7\u00e3o de cena a partir de \u201cO menino e as duas moedas\u201d, das Hist\u00f3rias do Sr. Keuner de Brecht, discuss\u00e3o sobre os exerc\u00edcios, defini\u00e7\u00e3o do conceito de estranhamento brechtiano, relaxamento.<\/p>\n<p style=\"text-align: justify;\">Mestre em Artes pela ECA\/USP, Fran Teixeira \u00e9 diretora e professora de teatro. Jos\u00e9 Joel Fernandes Monteiro Junior \u00e9 formado pelo Curso Superior de Tecnologia em Artes C\u00eanicas do Centro Federal de Educa\u00e7\u00e3o Tecnol\u00f3gica do Cear\u00e1 (CEFETCE) e membro do Teatro M\u00e1quina, grupo de teatro e pesquisa teatral de Fortaleza-CE em atividade desde 2003.<\/p>\n<p style=\"text-align: justify;\">Data: 25 de outubro (s\u00e1bado).<br \/>\nLocal: Teatro Castro Alves.<br \/>\nHor\u00e1rio: 10h \u00e0s 13h.<br \/>\nCarga hor\u00e1ria: 3h.<br \/>\nParticipantes: 20.<br \/>\nP\u00fablico Alvo: Atores, bailarinos, com alguma experi\u00eancia nas artes c\u00eanicas. <\/p>\n<hr style=\"text-align: justify;\" size=\"2\" \/>\n<p style=\"text-align: justify;\"><strong>Em busca de uma dramaturgia f\u00edsica <\/strong>\u2013 Ministrantes: Dico Ferreira e Katiane Negr\u00e3o \u2013 Tato Cria\u00e7\u00e3o C\u00eanica (Paran\u00e1)<\/p>\n<p style=\"text-align: justify;\">A oficina tem como objetivo estabelecer uma troca sobre o caminho de pesquisa da Tato Cria\u00e7\u00e3o C\u00eanica, que desenvolve uma linguagem de anima\u00e7\u00e3o corporal, na qual n\u00e3o utiliza palavras, mas constr\u00f3i uma paisagem sonora atrav\u00e9s de experimenta\u00e7\u00f5es de sons vocais e a inten\u00e7\u00e3o da fala em linguagens inventadas, com dramaturgia pr\u00f3pria, criada atrav\u00e9s de improvisa\u00e7\u00f5es de cenas.<\/p>\n<p style=\"text-align: justify;\">Dico Ferreira desenvolve trabalho solo de m\u00edmica desde 1995. Fez parte de Catibrum Teatro de Bonecos, em Belo Horizonte. Participou de diversos festivais ministrando oficinas como: Festival de Marionetes de Mirepoix (Fran\u00e7a), Festival de Marionetes e Artes de Rua de Ovar (Portugal), entre outros. Katiane Negr\u00e3o cursou Licenciatura em Artes C\u00eanicas pela Universidade Federal de Ouro Preto, (2000\/2003). Em 2004 fez o curso livre: A voz na Cena Teatral, na P\u00f3s Gradua\u00e7\u00e3o da Escola de Belas Artes da UFMG, Universidade Federal de Minas Gerais &#8211; BH.<\/p>\n<p style=\"text-align: justify;\">Data: 27, 28 e 29 de outubro (segunda a quarta).<br \/>\nLocal: Teatro Castro Alves.<br \/>\nHor\u00e1rio: 9h30 \u00e0s 13h30.<br \/>\nCarga hor\u00e1ria: 12h (4h por dia).<br \/>\nParticipantes: 20.<br \/>\nP\u00fablico Alvo: Atores, bailarinos, bonequeiros e interessados, com alguma experi\u00eancia nas artes c\u00eanicas.<\/p>\n<hr style=\"text-align: justify;\" size=\"2\" \/>\n<p style=\"text-align: justify;\"><strong>Exerc\u00edcios de Cr\u00edtica Teatral <\/strong>\u2013 Ministrante: Kil Abreu (S\u00e3o Paulo)<\/p>\n<p style=\"text-align: justify;\">A oficina ter\u00e1 como foco a pr\u00e1tica da cr\u00edtica teatral \u2013 sobretudo a jornal\u00edstica \u2013, sua fun\u00e7\u00e3o social, modos, quest\u00f5es e impasses. Estar\u00e3o em pauta alguns temas referentes aos m\u00e9todos de an\u00e1lise do espet\u00e1culo e \u00e0s teorias do teatro contempor\u00e2neo.<\/p>\n<p style=\"text-align: justify;\">Jornalista, diretor e pesquisador teatral, Kil Abreu \u00e9 p\u00f3s-graduado em Artes C\u00eanicas pela Escola de Comunica\u00e7\u00f5es e Artes da USP. Atualmente \u00e9 coordenador da Escola livre de Teatro de Santo Andr\u00e9. \u00c9 Cr\u00edtico da Folha de S\u00e3o Paulo e escreve para a Revista Bravo.<\/p>\n<p style=\"text-align: justify;\">Data: 27, 28, 29 e 30 de outubro (segunda a quinta).<br \/>\nLocal: Alian\u00e7a Francesa.<br \/>\nHor\u00e1rio: 14h30 \u00e0s 17h30.<br \/>\nCarga hor\u00e1ria: 12h (3h por dia).<br \/>\nParticipantes: 15 pessoas.<\/p>\n<p style=\"text-align: justify;\">P\u00fablico Alvo: Artistas, arte-educadores, jornalistas, estudantes de jornalismo e letras, interessados no tema da cr\u00edtica teatral, preferencialmente pessoas com algum repert\u00f3rio sobre as linguagens do teatro e que tenham dom\u00ednio do texto escrito.<\/p>\n<hr style=\"text-align: justify;\" size=\"2\" \/>\n<p style=\"text-align: justify;\"><strong>M\u00edmica Total e Teatro F\u00edsico <\/strong>\u2013 Ministrante: Luis Louis (S\u00e3o Paulo)<\/p>\n<p style=\"text-align: justify;\">Um intenso estudo e viv\u00eancia da arte da M\u00edmica e do Teatro F\u00edsico, sob o olhar da M\u00edmica Total, que entende a m\u00edmica como ato de corporifica\u00e7\u00e3o, integrando pensamento, corpo e voz. Esta jornada mapeia a evolu\u00e7\u00e3o das pr\u00e1ticas, das t\u00e9cnicas e do pensamento desta arte, que contempla o surgimento do ator-criador (autor\/ator-criador\/obra) e do corpo como o pr\u00f3prio pensamento (mente\/corpo).<\/p>\n<p style=\"text-align: justify;\">Luis Louis \u00e9 ator, diretor e dramaturgo, formado na Desmond Jones School of Mime and Physical Theatre. Not\u00f3rio Saber e Mestre pela Puc-SP, foi professor de m\u00edmica no Royal National Theatre e na The School of the Science of Acting, em Londres. Especializou-se na t\u00e9cnica Decroux com Steven Wasson e Corinne Soun, diretores da \u00c9cole de Mime Corporel Dramatique. Dirigiu e atuou em v\u00e1rios teatros da Europa.<\/p>\n<p style=\"text-align: justify;\">Data: 27, 28 e 29 de outubro (segunda a quarta).<br \/>\nLocal: Espa\u00e7o Xisto Bahia.<br \/>\nHor\u00e1rio: 14h30 \u00e0s 17h30.<br \/>\nCarga hor\u00e1ria: 9h (3h por dia)<br \/>\nParticipantes: 20 participantes.<br \/>\nP\u00fablico Alvo: Atores, clowns, bailarinos, performers, e estudantes destas \u00e1reas.<\/p>\n<hr style=\"text-align: justify;\" size=\"2\" \/>\n<p style=\"text-align: justify;\"><strong>Atelier Teatro do Gesto <\/strong>\u2013 Ministrante: Jos\u00e9 Carlos Garcia \u2013 Companhia do Chapit\u00f4 (Portugal)<\/p>\n<p style=\"text-align: justify;\">Trabalhando com a t\u00e9cnica da M\u00e1scara, do Buffon e com Jogos de Clown, a oficina permitir\u00e1 aos participantes a constru\u00e7\u00e3o do jogo dram\u00e1tico, recorrendo ao improviso e \u00e0 inven\u00e7\u00e3o gestual para desenvolver a a\u00e7\u00e3o. Ser\u00e1 trabalhado o lado puramente f\u00edsico e experimental das personagens, procurando os comportamentos destas atrav\u00e9s dos gestos que v\u00e3o surgindo. Explorando os arqu\u00e9tipos, as conven\u00e7\u00f5es neles existentes, as personagens ser\u00e3o caracterizadas n\u00e3o atrav\u00e9s do estado de alma, ou de caracter\u00edsticas psicol\u00f3gicas, mas atrav\u00e9s dos comportamentos f\u00edsicos.<\/p>\n<p style=\"text-align: justify;\">Em 1996 foi um dos co-fundadores da Companhia do Chapit\u00f4, que prop\u00f5e o atelier de Teatro do Gesto \u2013 onde os elementos vocais e instrumentais, r\u00edtmicos e pl\u00e1sticos est\u00e3o ao mesmo n\u00edvel do texto e, por sua vez, a servi\u00e7o da comunica\u00e7\u00e3o. Al\u00e9m do seu trabalho como encenador, Jos\u00e9 Carlos Garcia exerce regularmente atividade pedag\u00f3gica na \u00e1rea do Teatro do Gesto, destacando o trabalho com a comunidade surda.<\/p>\n<p style=\"text-align: justify;\">Data: 27 de outubro (segunda).<br \/>\nLocal: Espa\u00e7o Xisto Bahia.<br \/>\nHor\u00e1rio: 14h30 \u00e0s 16h30.<br \/>\nCarga hor\u00e1ria: 2h.<br \/>\nParticipantes: 20 pessoas.<br \/>\nP\u00fablico Alvo: Atores e bailarinos, com alguma experi\u00eancia nas artes c\u00eanicas (maiores de 15 anos).<\/p>\n<hr style=\"text-align: justify;\" size=\"2\" \/>\n<p style=\"text-align: justify;\"><strong>O Clown e a Rua <\/strong>\u2013 Ministrante: Nanny Cogorno (Argentina)<\/p>\n<p style=\"text-align: justify;\">A oficina trabalha t\u00e9cnicas de clown e de circo, lida com jogos l\u00fadicos para despertar o estado de cena clownesco e propiciar a \u201cbrincadeira\u201d (o encontro na rua, com o p\u00fablico).<\/p>\n<p style=\"text-align: justify;\">Nanny Cogorno estudou forma\u00e7\u00e3o autoral na Argentina e seis meses de circo na Escola do Picadeiro, em S\u00e3o Paulo. \u00c9 membro integrante do projeto Palha\u00e7os sem Fronteiras, uma organiza\u00e7\u00e3o privada que percorre lugares arrasados por bombas no mundo inteiro, para levar alegria \u00e0s crian\u00e7as. Dentre os lugares que visitou, est\u00e3o Kosovo, Ruanda e Mo\u00e7ambique. Participou ainda de festivais de teatro de rua na Espanha, Holanda e Gr\u00e3-Bretanha.<\/p>\n<p style=\"text-align: justify;\">Data: 28, 29 e 31 de outubro (ter\u00e7a,quarta e sexta).<br \/>\nLocal: Espa\u00e7o Xisto Bahia.<br \/>\nHor\u00e1rio: 10:00 \u00e0s 13:00h<br \/>\nCarga hor\u00e1ria: 9h (3h por dia).<br \/>\nParticipantes: 30 pessoas.<br \/>\nP\u00fablico Alvo: Atores, bailarinos, com alguma experi\u00eancia nas artes c\u00eanicas e t\u00e9cnicas de palha\u00e7o.<\/p>\n<hr style=\"text-align: justify;\" size=\"2\" \/>\n<p style=\"text-align: justify;\"><strong>Workshop Percep\u00e7\u00e3o F\u00edsica <\/strong>\u2013 Ministrantes: Alejandro Ahmed e Mariana Romagnani \u2013 Grupo Cena 11 \u2013 Cia de Dan\u00e7a (Santa Catarina)<\/p>\n<p style=\"text-align: justify;\">Voltada para sublinhar a maneira de aprender, a t\u00e9cnica deste workshop \u00e9 estruturada em tr\u00eas elementos: velocidade, controle e percep\u00e7\u00e3o. Partindo de um trabalho de movimentos no ch\u00e3o e da distribui\u00e7\u00e3o do pr\u00f3prio peso no espa\u00e7o, a oficina tem como objetivo desenvolver uma maior amplitude de possibilidades no movimento com melhor organiza\u00e7\u00e3o do esfor\u00e7o. Para expandir esse trabalho, utiliza-se o risco como instrumento para encontrar um estado de auto-regula\u00e7\u00e3o, usando a velocidade, a percep\u00e7\u00e3o e o controle para construir um corpo presente. S\u00e3o usados exerc\u00edcios de composi\u00e7\u00e3o e investiga\u00e7\u00e3o baseados nas \u00faltimas pesquisas da Cia, al\u00e9m de exposi\u00e7\u00e3o de v\u00eddeo e debate.<\/p>\n<p style=\"text-align: justify;\">Alejandro Ahmed \u00e9 core\u00f3grafo residente, diretor art\u00edstico e bailarino do Grupo Cena 11 Cia. de Dan\u00e7a. Seu trabalho como core\u00f3grafo surgiu de forma autodidata, respondendo \u00e0 necessidade que possu\u00eda de integrar a maneira como pensava o mundo e a dan\u00e7a que experimentava. Junto ao Cena 11, promoveu o desenvolvimento de uma t\u00e9cnica que objetiva produzir uma dan\u00e7a em fun\u00e7\u00e3o do corpo. Um corpo capaz de processar melhor as id\u00e9ias contidas na movimenta\u00e7\u00e3o. Esta t\u00e9cnica foi nomeada de &#8220;percep\u00e7\u00e3o f\u00edsica&#8221; e \u00e9 um dos pontos que estrutura o trabalho de Alejandro Ahmed. Mariana Romaynari, assistente de Alejandro, \u00e9 bailarina do Grupo Cena 11 Cia de Dan\u00e7a desde de 2003.<\/p>\n<p style=\"text-align: justify;\">Data: 29 de outubro (quarta).<br \/>\nLocal: Teatro Castro Alves \u2013 Sala do BTCA<br \/>\nHor\u00e1rio: 11h \u00e0s 14h.<br \/>\nCarga hor\u00e1ria: 3h.<br \/>\nParticipantes: 20 pessoas.<br \/>\nP\u00fablico Alvo: Bailarinos Profissionais.<\/p>\n<p style=\"text-align: justify;\">\n<p style=\"text-align: justify;\"><strong>OFICINA EM CAMA\u00c7ARI<\/strong><\/p>\n<p style=\"text-align: justify;\"><strong>O corpo c\u00f4mico &#8211; Introdu\u00e7\u00e3o \u00e0 pesquisa de um palha\u00e7o pessoal e de um teatro gestual <\/strong>\u2013 Ministrantes: Alexandre Lu\u00eds Casali e L\u00facio Tranchesi \u2013 Companhia do Meu Tio (Bahia)<\/p>\n<p style=\"text-align: justify;\">Atrav\u00e9s de jogos coletivos, descobrir o pr\u00f3prio corpo como instrumento de di\u00e1logo com os outros e com o mundo, analisando diferen\u00e7as e singularidades. Aceita\u00e7\u00e3o deste corpo, potencializa\u00e7\u00e3o e composi\u00e7\u00e3o para uma pesquisa na arte do palha\u00e7o.<\/p>\n<p style=\"text-align: justify;\">Seguindo e reinterpretando a tradi\u00e7\u00e3o dos palha\u00e7os cl\u00e1ssicos, Alexandre Luis Casali \u00e9 ator e co-fundador da Cia de Teatro Os Bobos da Corte. Participou como ator e diretor do espet\u00e1culo &#8220;A Era Clown&#8221; no projeto Aerotrupe, do Aeroclube Plaza Show, e de v\u00e1rios festivais na Europa. Atualmente vem difundindo a arte do palha\u00e7o, ministrando cursos regularmente. J\u00e1 L\u00facio Tranchesi realizou v\u00e1rias pesquisas no aprendizado da Commedia Dell&#8217; Arte, aliando \u00e0 sua pesquisa a arte do Clown e a pr\u00e1tica da t\u00e9cnica da perna-de-pau. Como ator, participou de importantes montagens pela Companhia de Teatro da Universidade Federal da Bahia, a exemplo de &#8220;O Menor quer ser Tutor&#8221;, &#8220;Em alto Mar&#8221;, &#8220;Arlequim, servidor de dois Patr\u00f5es&#8221;, entre outras. Pr\u00eamio de melhor ator no Festival de Teatro de Novo Hamburgo, e melhor ator no Festival de Teatro Universit\u00e1rio de Blumenau. Ambos atuam no premiado espet\u00e1culo \u201cO Sapato do Meu Tio\u201d.<\/p>\n<p style=\"text-align: justify;\">Data: 27 de outubro (segunda).<br \/>\nLocal: Teatro da Cidade do Saber.<br \/>\nHor\u00e1rio: 14h \u00e0s 18h.<br \/>\nCarga hor\u00e1ria: 4h.<br \/>\nParticipantes: 40.<br \/>\nP\u00fablico Alvo: Pessoas acima de 18 anos, interessadas na pesquisa, com ou sem experi\u00eancia anterior na \u00e1rea.<\/p>\n<p style=\"text-align: justify;\">\n<p style=\"text-align: justify;\"><strong>OFICINA EM FEIRA DE SANTANA<\/strong><\/p>\n<p style=\"text-align: justify;\"><strong>Fluxorg\u00e2nico<\/strong> \u2013 Ministrante: Maur\u00edcio Assun\u00e7\u00e3o \u2013 Estado Dram\u00e1tico (Bahia)<\/p>\n<p style=\"text-align: justify;\">A proposta da oficina Fluxorg\u00e2nico busca o Ator-Trans, ou seja, o ator al\u00e9m de, em troca de, no olho do furac\u00e3o. \u00c9 ser um ator transgressor, transformador e em transe, podendo viver em estado de arte, sem muralhas que segreguem o seu posicionamento pol\u00edtico, social e art\u00edstico. Para chegar neste ator, o Fluxorg\u00e2nico investe num trabalho de conscientiza\u00e7\u00e3o das manifesta\u00e7\u00f5es sensitivas do corpo, alicer\u00e7ando o trabalho na respira\u00e7\u00e3o, na produ\u00e7\u00e3o sonora e na explora\u00e7\u00e3o dos 5 sentidos corporais, utilizando-se para isso a imagina\u00e7\u00e3o, ou seja, a imagem transformada em a\u00e7\u00e3o.<\/p>\n<p style=\"text-align: justify;\">Maur\u00edcio Assun\u00e7\u00e3o \u00e9 ator e tem como mais recente espet\u00e1culo o premiado \u201cA Casa de Ferro\u201d. O seu trabalho desenvolve-se com a discuss\u00e3o do corpo metamorfoseado, observando a transforma\u00e7\u00e3o do corpo cotidiano num espa\u00e7o extra-cotidiano. \u00c9 tamb\u00e9m respons\u00e1vel pela dire\u00e7\u00e3o do Teatro Gamboa Nova.<\/p>\n<p style=\"text-align: justify;\">Data: 30 de outubro (quinta).<br \/>\nLocal: Teatro do CDL.<br \/>\nHor\u00e1rio: 14h \u00e0s 18h.<br \/>\nCarga hor\u00e1ria: 4h.<br \/>\nParticipantes: 20.<\/p>\n<p style=\"text-align: justify;\">P\u00fablico Alvo: Artistas em geral, seja da \u00e1rea de teatro, dan\u00e7a, performance, artes-pl\u00e1sticas, m\u00fasica, cinema etc. (Idade m\u00ednima: 16 anos)<\/p>\n","protected":false},"excerpt":{"rendered":"<p>OFICINAS OFICINAS EM SALVADOR Jogo e Repeti\u00e7\u00e3o \u2013 Ministrantes: Fran Teixeira e Joel Monteiro \u2013 Teatro M\u00e1quina (Cear\u00e1) Oficina que objetiva experimentar o conceito de estranhamento brechtiano atrav\u00e9s de sua experimenta\u00e7\u00e3o f\u00edsica, explorando exerc\u00edcios baseados nas dimens\u00f5es do jogo e da repeti\u00e7\u00e3o. Pr\u00e1tica respirat\u00f3ria, aquecimento f\u00edsico, exerc\u00edcio de presen\u00e7a c\u00eanica [&hellip;]<\/p>\n","protected":false},"author":2,"featured_media":0,"comment_status":"closed","ping_status":"open","sticky":false,"template":"","format":"standard","meta":{"footnotes":""},"categories":[11,10,13,12,9],"tags":[20,227,255,258,259,172,168,216,217,257,256,15,114,57],"class_list":["post-510","post","type-post","status-publish","format-standard","hentry","category-01beber","category-01comer","category-01ler","category-01ver","category-01viver","tag-bahia","tag-camacari","tag-cidade-do-saber","tag-clown","tag-critica-teatral","tag-danca","tag-feira-de-santana","tag-festival-internacional-de-artes-cenicas-da-bahia","tag-fiac","tag-mimica","tag-oficinas","tag-salvador","tag-secretaria-de-cultura-do-estado-da-bahia","tag-teatro"],"_links":{"self":[{"href":"https:\/\/www.ultimobaile.com\/index.php?rest_route=\/wp\/v2\/posts\/510","targetHints":{"allow":["GET"]}}],"collection":[{"href":"https:\/\/www.ultimobaile.com\/index.php?rest_route=\/wp\/v2\/posts"}],"about":[{"href":"https:\/\/www.ultimobaile.com\/index.php?rest_route=\/wp\/v2\/types\/post"}],"author":[{"embeddable":true,"href":"https:\/\/www.ultimobaile.com\/index.php?rest_route=\/wp\/v2\/users\/2"}],"replies":[{"embeddable":true,"href":"https:\/\/www.ultimobaile.com\/index.php?rest_route=%2Fwp%2Fv2%2Fcomments&post=510"}],"version-history":[{"count":5,"href":"https:\/\/www.ultimobaile.com\/index.php?rest_route=\/wp\/v2\/posts\/510\/revisions"}],"predecessor-version":[{"id":533,"href":"https:\/\/www.ultimobaile.com\/index.php?rest_route=\/wp\/v2\/posts\/510\/revisions\/533"}],"wp:attachment":[{"href":"https:\/\/www.ultimobaile.com\/index.php?rest_route=%2Fwp%2Fv2%2Fmedia&parent=510"}],"wp:term":[{"taxonomy":"category","embeddable":true,"href":"https:\/\/www.ultimobaile.com\/index.php?rest_route=%2Fwp%2Fv2%2Fcategories&post=510"},{"taxonomy":"post_tag","embeddable":true,"href":"https:\/\/www.ultimobaile.com\/index.php?rest_route=%2Fwp%2Fv2%2Ftags&post=510"}],"curies":[{"name":"wp","href":"https:\/\/api.w.org\/{rel}","templated":true}]}}