{"id":502,"date":"2008-10-21T22:17:26","date_gmt":"2008-10-22T01:17:26","guid":{"rendered":"http:\/\/www.ultimobaile.com\/?p=502"},"modified":"2025-12-24T13:03:55","modified_gmt":"2025-12-24T16:03:55","slug":"as-guarnicoes-do-fiac-parte-ii-bate-papos-palestras-encontros-anuncios","status":"publish","type":"post","link":"https:\/\/www.ultimobaile.com\/?p=502","title":{"rendered":"As Guarni\u00e7\u00f5es do FIAC (parte II) &#8211; Bate-papos, Palestras, Encontros, An\u00fancios"},"content":{"rendered":"<p style=\"text-align: justify;\"><span class=\"contentheading\"><a href=\"http:\/\/www.fiacbahia.com\/index.php?option=com_content&amp;view=article&amp;id=74&amp;Itemid=102\" target=\"_blank\">BATE-PAPOS E OUTRAS ATIVIDADES<\/a><\/span><\/p>\n<p style=\"text-align: justify;\">Como parte da sua programa\u00e7\u00e3o paralela, o FIAC-BA promover\u00e1 de 25 a 31 de outubro as tardes do Bate-Papo, onde artistas e p\u00fablico discutir\u00e3o espet\u00e1culos da programa\u00e7\u00e3o do Festival. A id\u00e9ia \u00e9 abrir um espa\u00e7o de cr\u00edtica e reflex\u00e3o informal, ampliando o di\u00e1logo sobre os processos de trabalhos dos grupos e artistas participantes. Os Bate-Papos ser\u00e3o promovidos em Salvador, com a presen\u00e7a de integrantes escolhidos dos grupos participantes.<\/p>\n<p style=\"text-align: justify;\">\n<p style=\"text-align: justify;\"><strong>BATE-PAPOS<\/strong><\/p>\n<p style=\"text-align: justify;\"><strong><\/strong>\u2022 Dia 25\/10 \u2013 Teatro M\u00e1quina (Cear\u00e1) \u2013 \u00c0s 14h30, no Foyer do Teatro Castro Alves.<br \/>\n\u2022 Dia 27\/10 \u2013 Companhia do Chapit\u00f4 (Portugal) \u2013 \u00e0s 16h30, no Espa\u00e7o Xisto Bahia.<br \/>\n\u2022 Dia 28\/10 \u2013 Cia. dos Atores (Rio de Janeiro) e Grupo Espanca! (Minas Gerais) \u2013 \u00c0s 14h30, no Foyer do Teatro Castro Alves.<br \/>\n\u2022 Dia 29\/10 \u2013 Impure Company\/Hooman Sharifi (Noruega\/Iran), Cia. Luna Lunera (Minas Gerais) e Tato Cria\u00e7\u00e3o C\u00eanica (Paran\u00e1) \u2013 \u00c0s 14h30, no Foyer do Teatro Castro Alves.<br \/>\n\u2022 Dia 30\/10 \u2013 Luis Fernando Marques e o Grupo XIX de Teatro (S\u00e3o Paulo) \u2013 \u00c0s 18h, no Instituto Feminino da Bahia.<br \/>\n\u2022 Dia 31\/10 \u2013 Nanny Cogorno (Argentina) e Grupo Cena (Bras\u00edlia) \u2013 \u00c0s 14h30, no Foyer do Teatro Castro Alves.<\/p>\n<p style=\"text-align: justify;\">\n<p style=\"text-align: justify;\"><strong>PALESTRAS<\/strong><\/p>\n<p style=\"text-align: justify;\"><strong>A dire\u00e7\u00e3o no Processo colaborativo <\/strong>\u2013 Por Luis Fernando Marques \u2013 Grupo XIX (S\u00e3o Paulo)<\/p>\n<p style=\"text-align: justify;\">O grupo XIX de teatro tem um trabalho cont\u00ednuo de sete anos, com uma pesquisa tem\u00e1tica voltada para a hist\u00f3ria brasileira, uma pesquisa est\u00e9tica de explora\u00e7\u00e3o de pr\u00e9dios hist\u00f3ricos como espa\u00e7os c\u00eanicos e uma investiga\u00e7\u00e3o sobre a participa\u00e7\u00e3o do p\u00fablico. Luiz Fernando Marques \u00e9 integrante do Grupo XIX de teatro, no qual atua como diretor e dramaturgo.<\/p>\n<p style=\"text-align: justify;\">Data: 30 de outubro (quinta).<br \/>\nLocal: Instituto Feminino da Bahia.<br \/>\nHor\u00e1rio: 18h.<br \/>\nParticipantes: Livre.<br \/>\nP\u00fablico Alvo: Atores, bailarinos, com alguma experi\u00eancia nas artes c\u00eanicas.<\/p>\n<p style=\"text-align: justify;\">\n<p style=\"text-align: justify;\"><strong>O teatro contempor\u00e2neo no continente africano <\/strong>\u2013 Por Dieudonn\u00e9 Niangouna (Congo)<\/p>\n<p style=\"text-align: justify;\">Ator, diretor e dramaturgo, Dieudonn\u00e9 Niangouna \u00e9 um dos expoentes do teatro contempor\u00e2neo do continente africano, com reconhecimento mundial. Dirige um Festival de Artes C\u00eanicas em Brazaville, Rep\u00fablica Democr\u00e1tica do Congo. Nesta palestra, falar\u00e1 do seu trabalho como artista, do seu processo de cria\u00e7\u00e3o e de como este est\u00e1 relacionado ao mundo em sua volta<\/p>\n<p style=\"text-align: justify;\">Data: 31 de outubro (sexta).<br \/>\nLocal: Espa\u00e7o Xisto Bahia<br \/>\nHor\u00e1rio: 15h.<br \/>\nParticipantes: Livre.<br \/>\nP\u00fablico Alvo: Artistas em geral (teatro, dan\u00e7a, m\u00fasica, artes pl\u00e1sticas etc).<\/p>\n<p style=\"text-align: justify;\">\n<p style=\"text-align: justify;\"><strong>ENCONTRO e AN\u00daNCIO DO VENCEDOR DO PROJETO N\u00daCLEO.TCA 2009<\/strong><\/p>\n<p style=\"text-align: justify;\"><strong>Encontro com o N\u00facleo de Festivais Internacionais do Brasil.<\/strong><\/p>\n<p style=\"text-align: justify;\">Encontro\/debate entre os dirigentes dos Festivais Internacionais de Teatro do Brasil e grupos e artistas locais, visando o interc\u00e2mbio de experi\u00eancias e oferecendo a oportunidade para grupos baianos de conhecer os Festivais e apresentar seus trabalhos. Com participa\u00e7\u00e3o de Luis Bertipaglia (Festival Internacional de Teatro de Londrina); Jorge Vermelho (Festival Internacional de Teatro de S\u00e3o Jos\u00e9 do Rio Preto); Alexandre Magalh\u00e3es (Porto Alegre em Cena); Guilherme Reis (Cena Contempor\u00e2nea de Bras\u00edlia); M\u00e1rcia Dias (riocenacontemporanea) e Carlos Rocha (Festival Internacional Teatro &amp; Rua de Belo Horizonte). <\/p>\n<p style=\"text-align: justify;\">Data: 28 de outubro (ter\u00e7a).<br \/>\nLocal: Espa\u00e7o Xisto Bahia<br \/>\nHor\u00e1rio: 15h \u00e0s 17h<br \/>\nParticipantes: Livre.<br \/>\nP\u00fablico Alvo: Coordenadores e produtores de mostras e festivais<\/p>\n<p style=\"text-align: justify;\">\n<p style=\"text-align: justify;\"><strong>AN\u00daNCIO DO PROJETO VENCEDOR DO N\u00daCLEO DE TEATRO DO TCA<\/strong><\/p>\n<p style=\"text-align: justify;\">A Secretaria de Cultura, atrav\u00e9s da Funda\u00e7\u00e3o Cultural e do Teatro Castro Alves, divulgar\u00e1 o resultado do Edital para a sele\u00e7\u00e3o do projeto de montagem do d\u00e9cimo quarto espet\u00e1culo do N\u00facleo de Teatro do TCA. A divulga\u00e7\u00e3o do projeto vencedor ser\u00e1 feita ap\u00f3s a apresenta\u00e7\u00e3o da pe\u00e7a \u201cPolicarpo Quaresma\u201d (a mais recente produ\u00e7\u00e3o do N\u00facleo), no dia 30 de outubro, na Sala do Coro do TCA.<\/p>\n","protected":false},"excerpt":{"rendered":"<p>BATE-PAPOS E OUTRAS ATIVIDADES Como parte da sua programa\u00e7\u00e3o paralela, o FIAC-BA promover\u00e1 de 25 a 31 de outubro as tardes do Bate-Papo, onde artistas e p\u00fablico discutir\u00e3o espet\u00e1culos da programa\u00e7\u00e3o do Festival. A id\u00e9ia \u00e9 abrir um espa\u00e7o de cr\u00edtica e reflex\u00e3o informal, ampliando o di\u00e1logo sobre os processos [&hellip;]<\/p>\n","protected":false},"author":2,"featured_media":0,"comment_status":"closed","ping_status":"open","sticky":false,"template":"","format":"standard","meta":{"footnotes":""},"categories":[11,10,13,12,9],"tags":[254,20,253,252,216,217,251,15,114],"class_list":["post-502","post","type-post","status-publish","format-standard","hentry","category-01beber","category-01comer","category-01ler","category-01ver","category-01viver","tag-anuncios","tag-bahia","tag-bate-papos","tag-encontro","tag-festival-internacional-de-artes-cenicas-da-bahia","tag-fiac","tag-palestras","tag-salvador","tag-secretaria-de-cultura-do-estado-da-bahia"],"_links":{"self":[{"href":"https:\/\/www.ultimobaile.com\/index.php?rest_route=\/wp\/v2\/posts\/502","targetHints":{"allow":["GET"]}}],"collection":[{"href":"https:\/\/www.ultimobaile.com\/index.php?rest_route=\/wp\/v2\/posts"}],"about":[{"href":"https:\/\/www.ultimobaile.com\/index.php?rest_route=\/wp\/v2\/types\/post"}],"author":[{"embeddable":true,"href":"https:\/\/www.ultimobaile.com\/index.php?rest_route=\/wp\/v2\/users\/2"}],"replies":[{"embeddable":true,"href":"https:\/\/www.ultimobaile.com\/index.php?rest_route=%2Fwp%2Fv2%2Fcomments&post=502"}],"version-history":[{"count":8,"href":"https:\/\/www.ultimobaile.com\/index.php?rest_route=\/wp\/v2\/posts\/502\/revisions"}],"predecessor-version":[{"id":532,"href":"https:\/\/www.ultimobaile.com\/index.php?rest_route=\/wp\/v2\/posts\/502\/revisions\/532"}],"wp:attachment":[{"href":"https:\/\/www.ultimobaile.com\/index.php?rest_route=%2Fwp%2Fv2%2Fmedia&parent=502"}],"wp:term":[{"taxonomy":"category","embeddable":true,"href":"https:\/\/www.ultimobaile.com\/index.php?rest_route=%2Fwp%2Fv2%2Fcategories&post=502"},{"taxonomy":"post_tag","embeddable":true,"href":"https:\/\/www.ultimobaile.com\/index.php?rest_route=%2Fwp%2Fv2%2Ftags&post=502"}],"curies":[{"name":"wp","href":"https:\/\/api.w.org\/{rel}","templated":true}]}}