{"id":5,"date":"2008-08-18T00:38:17","date_gmt":"2008-08-18T07:38:17","guid":{"rendered":"http:\/\/www.ultimobaile.com\/?p=5"},"modified":"2025-12-24T13:03:57","modified_gmt":"2025-12-24T16:03:57","slug":"o-reconcavo-meus-medos","status":"publish","type":"post","link":"https:\/\/www.ultimobaile.com\/?p=5","title":{"rendered":"O Rec\u00f4ncavo, meus medos"},"content":{"rendered":"<p style=\"text-align: justify;\">No recente processo de desconstru\u00e7\u00e3o do provincianismo em que Salvador se meteu nos duros anos do carlo-axezismo, falta uma pe\u00e7a: voltar ao Rec\u00f4ncavo. Assim como os mineiros de BH voltam a Minas Hist\u00f3rica, com uma diferen\u00e7a: a Minas Hist\u00f3rica s\u00e3o cidades mortas &#8211; o Rec\u00f4ncavo \u00e9 vivo!<\/p>\n<p style=\"text-align: justify;\">O Rec\u00f4ncavo tem cidades min\u00fasculas, e at\u00e9 pouco tempo com um patrim\u00f4nio cultural material e imaterial mal-cuidado (diferente de Salvador), e que mesmo assim continuaram sendo cosmopolitas. Cachoeira tem dois sebos fant\u00e1sticos, com donos muito letrados apesar de claramente vindos &#8220;do povo&#8221;, tr\u00eas caf\u00e9s &#8211; um deles no ateli\u00ea do poeta <a title=\"Jornal de poesia\" href=\"http:\/\/www.jornaldepoesia.jor.br\/damariocruz.html\" target=\"_blank\">Dam\u00e1rio da Cruz<\/a>, outro onde rola jazz madrugada afora. Al\u00e9m de algumas galerias de arte, inclusive com boas exposi\u00e7\u00f5es nada pequenas (at\u00e9 mesmo em<br \/>\n<a href=\"http:\/\/www.centroculturaldannemann.com.br\/\" target=\"_self\">S\u00e3o F\u00e9lix<\/a>, do outro lado do Rio Paragua\u00e7\u00fa)<\/p>\n<p style=\"text-align: justify;\">\u00c9 tanto assim que l\u00e1, ou em Santo Amaro, ou em Cruz das Almas (que tamb\u00e9m tem este tipo de recurso bem, digamos, paulistanamente Vila-Madalena &#8211; desses recursos que os recifenses, sabe l\u00e1 deus por que, acham que s\u00f3 tem em Recife) sempre se paquerou, se flertou.<\/p>\n<p style=\"text-align: justify;\">Todos sabem que pra mim a maior marca da abertura democr\u00e1tica da capital barroca hoje \u00e9 o fato de que, finalmente, as pessoas flertam a vontade, homens andam de m\u00e3os dadas com homens em shoppings digamos &#8220;da elite&#8221;, etc. Salvador est\u00e1 aprendendo, ou reaprendendo, o h\u00e1bito c\u00edvico de flertar.<\/p>\n<p style=\"text-align: justify;\">O Rec\u00f4ncavo tem muito a ensinar a Salvador, neste quesito&#8230;<\/p>\n<p style=\"text-align: justify;\">(e aviso logo: irei ao <a href=\"http:\/\/www.youtube.com\/watch?v=I_RB7Jf8yTo\" target=\"_blank\">Embolo D&#8217;Ajuda<\/a>, em Cachoeira, no dia 15 de novembro. Verdadeiro carnaval de rua, com tro\u00e7as de marchinhas a varar madrugada, esse ano na meia-noite do dia 15 para o dia 16 tem show da <a href=\"http:\/\/www.youtube.com\/watch?v=ni7ewpeUO_U\" target=\"_blank\">Orquestra de Dobrados de Maestro Fred Dantas<\/a>!)<\/p>\n","protected":false},"excerpt":{"rendered":"<p>No recente processo de desconstru\u00e7\u00e3o do provincianismo em que Salvador se meteu nos duros anos do carlo-axezismo, falta uma pe\u00e7a: voltar ao Rec\u00f4ncavo. Assim como os mineiros de BH voltam a Minas Hist\u00f3rica, com uma diferen\u00e7a: a Minas Hist\u00f3rica s\u00e3o cidades mortas &#8211; o Rec\u00f4ncavo \u00e9 vivo! O Rec\u00f4ncavo tem [&hellip;]<\/p>\n","protected":false},"author":2,"featured_media":0,"comment_status":"closed","ping_status":"open","sticky":false,"template":"","format":"standard","meta":{"footnotes":""},"categories":[11,9],"tags":[17,4,16,33,34,35,31,14,15,18,32],"class_list":["post-5","post","type-post","status-publish","format-standard","hentry","category-01beber","category-01viver","tag-15-de-novembro","tag-cachoeira","tag-embolo-dajuda","tag-festas-populares","tag-flerte","tag-paquera","tag-paraguacu","tag-reconcavo","tag-salvador","tag-santo-amaro","tag-sao-felix"],"_links":{"self":[{"href":"https:\/\/www.ultimobaile.com\/index.php?rest_route=\/wp\/v2\/posts\/5","targetHints":{"allow":["GET"]}}],"collection":[{"href":"https:\/\/www.ultimobaile.com\/index.php?rest_route=\/wp\/v2\/posts"}],"about":[{"href":"https:\/\/www.ultimobaile.com\/index.php?rest_route=\/wp\/v2\/types\/post"}],"author":[{"embeddable":true,"href":"https:\/\/www.ultimobaile.com\/index.php?rest_route=\/wp\/v2\/users\/2"}],"replies":[{"embeddable":true,"href":"https:\/\/www.ultimobaile.com\/index.php?rest_route=%2Fwp%2Fv2%2Fcomments&post=5"}],"version-history":[{"count":9,"href":"https:\/\/www.ultimobaile.com\/index.php?rest_route=\/wp\/v2\/posts\/5\/revisions"}],"predecessor-version":[{"id":4517,"href":"https:\/\/www.ultimobaile.com\/index.php?rest_route=\/wp\/v2\/posts\/5\/revisions\/4517"}],"wp:attachment":[{"href":"https:\/\/www.ultimobaile.com\/index.php?rest_route=%2Fwp%2Fv2%2Fmedia&parent=5"}],"wp:term":[{"taxonomy":"category","embeddable":true,"href":"https:\/\/www.ultimobaile.com\/index.php?rest_route=%2Fwp%2Fv2%2Fcategories&post=5"},{"taxonomy":"post_tag","embeddable":true,"href":"https:\/\/www.ultimobaile.com\/index.php?rest_route=%2Fwp%2Fv2%2Ftags&post=5"}],"curies":[{"name":"wp","href":"https:\/\/api.w.org\/{rel}","templated":true}]}}