{"id":490,"date":"2008-10-20T11:07:28","date_gmt":"2008-10-20T14:07:28","guid":{"rendered":"http:\/\/www.ultimobaile.com\/?p=490"},"modified":"2025-12-24T13:03:55","modified_gmt":"2025-12-24T16:03:55","slug":"dialetica-da-mediocridade-paradoxos-do-pos-carlismo-ou-de-provincia-a-capital-do-mundo-e-de-volta-de-novo","status":"publish","type":"post","link":"https:\/\/www.ultimobaile.com\/?p=490","title":{"rendered":"Dial\u00e9tica da mediocridade: paradoxos do p\u00f3s-carlismo (ou: de prov\u00edncia a Capital do Mundo, e de volta de novo)"},"content":{"rendered":"<p style=\"text-align: justify;\">A principal quest\u00e3o que se coloca, ao meu ver, neste segundo turno das elei\u00e7\u00f5es de Salvador, \u00e9 a decis\u00e3o (ou n\u00e3o) da cidade abra\u00e7ar a condi\u00e7\u00e3o de, e portar-se como a, terceira maior cidade do pa\u00eds, quinta do subcontinente, e a mais antiga das am\u00e9ricas. Isto \u00e9: deixar de ser a &#8220;prov\u00edncia que se tornou&#8221;, para voltar a ser (como tem sido este ano) a &#8220;capital cosmopolita que era&#8221; &#8211; ambas as express\u00f5es foram usadas por M\u00e1rcio Meirelles, sabiamente, na discuss\u00e3o p\u00fablica sobre o carnaval (a primeira de todos os tempos) que ocorreu ano passado no Teatro Vila Velha. Ele estava na plat\u00e9ia, como cidad\u00e3o comum (embora fosse duplamente incomum: al\u00e9m de Secret\u00e1rio, \u00e9 &#8220;dono&#8221; do Vila). <\/p>\n<p style=\"text-align: justify;\">Como tenho dito, Salvador tem deixado pra tr\u00e1s a mediocridade provinciana em que se meteu nos intermin\u00e1veis anos do carlo-axezismo. Esta mentalidade tacanha contaminava tudo: do gosto musical aos h\u00e1bitos di\u00e1rios; da qualidade dos servi\u00e7os (privados e p\u00fablicos) prestados a capacidade de entender o mundo l\u00e1 fora; da manuten\u00e7\u00e3o de uma classe pol\u00edtica caduca at\u00e9 valores familiares n\u00e3o menos caducos e incab\u00edveis numa cidade majoritariamente nag\u00f4 de tr\u00eas milh\u00f5es de habitantes. <\/p>\n<p style=\"text-align: justify;\">Embora a sensa\u00e7\u00e3o de &#8220;fim da mediocridade&#8221; compare\u00e7a com clareza e for\u00e7a apenas neste ano, ela \u00e9 um processo que remonta mais ou menos \u00e0 elei\u00e7\u00e3o de Jo\u00e3o Henrique. Foi com JH que o carnaval come\u00e7ou a ser reformulado em detrimento dos blocos-de-corda e da invas\u00e3o dos camarotes sobre a pista da avenida, e em favorecimento dos afox\u00e9s &#8211; embora timidamente. Foi com ele tamb\u00e9m que o desemprego galopante e estrutural come\u00e7ou a ceder, e os transportes p\u00fablicos come\u00e7aram a ser pensados fora da l\u00f3gica onibus-dependente. <\/p>\n<p style=\"text-align: justify;\">E, n\u00e3o se pode esquecer, JH foi a primeira grande derrota do carlismo, quando Salvador tinha medo de eleger um n\u00e3o-carlista &#8211; que poderia vir a sofrer retalia\u00e7\u00f5es do governo do estado, como ocorreu com a prefeita L\u00eddice da Matta. <\/p>\n<p style=\"text-align: justify;\">Por tudo isso, sempre defendi a gest\u00e3o de JH mesmo nos piores momentos, e sou particularmente grato a ele. Ele deu os primeiros passos para fora da mediocridade, de volta ao cosmopolitismo em que vivemos hoje.<\/p>\n<p style=\"text-align: justify;\">Acontece que ele \u00e9 v\u00edtima de seus pr\u00f3prios atos. Sem JH, n\u00e3o haveria uma elei\u00e7\u00e3o de Wagner, por exemplo. Mas, uma vez isso acontecendo, os avan\u00e7os de JH se mostram p\u00edfios &#8211; e, se meramente mantidos, acabam por ser retrocessos. O cen\u00e1rio pol\u00edtico \u00e9 outro, com um governo estadual engajado, eficaz em diversas \u00e1reas, democr\u00e1tico e comprometido; com um governo Lula devidamente engatado, depois da queda de Antonio Palocci (e Jo\u00e3o Henrique Carneiro foi dos grandes apoiadores de Lula nesta transi\u00e7\u00e3o de um governo financista para um desenvolvimentista). <\/p>\n<p style=\"text-align: justify;\">Neste novo quadro, Jo\u00e3o Henrique representa um conservadorismo medroso e mediocrizante. Votar nele \u00e9 contentar-se com pouco, e negar a dial\u00e9tica da hist\u00f3ria. Imerso em suas pr\u00f3prias contradi\u00e7\u00f5es, n\u00e3o admira que tenha se aproximado (embora apenas taticamente) do carlismo. E que esteja fazendo uma campanha digna de cidade de interior, com retalia\u00e7\u00f5es judiciais seguidas, brados de &#8220;fui tra\u00eddo&#8221;, e ades\u00e3o a imagem de <a href=\"http:\/\/www.viomundo.com.br\/voce-escreve\/gabeira-paes-e-joseph-fouche\/\" target=\"_blank\">Robert Fouch\u00e9<\/a> tropical que \u00e9 Geddel Vieira Lima. Como disse esta semana: de pol\u00edtico independente, Jo\u00e3o Henrique transformou-se num poste! <\/p>\n<p style=\"text-align: justify;\">O Plano Diretor de Desenvolvimento Urbano (PDDU) aprovado por ele \u00e9 mais um sintoma disso. Sem conter a expans\u00e3o (ali\u00e1s carlista) da cidade para o norte, para fora da pen\u00ednsula, ele n\u00e3o apenas n\u00e3o se desvencilha da infraestrutura econ\u00f4mica herdada da ditadura militar (a especula\u00e7\u00e3o fundi\u00e1ria urbana), como destr\u00f3i os m\u00ednimos avan\u00e7os que fez no transporte p\u00fablico. Mais ainda, nos mediocriza culturalmente, empurrando a capital mais e mais para fora de sua regi\u00e3o original: o Rec\u00f4ncavo. M\u00e1rcio Meirelles, o genial Secret\u00e1rio Estadual de Cultura, tem dito que \u00e9 preciso que Salvador retome suas raizes reconvexas, s\u00f3 que isso n\u00e3o ser\u00e1 feito jamais se for apenas no plano das id\u00e9ias &#8211; \u00e9 preciso reocupar, ou ocupar melhor, a Cidade Baixa, a Lapinha, a Liberdade, o Barbalho, os bairros de Salvador que de fato pertencem ao Rec\u00f4ncavo; ao inv\u00e9s de se aproximar mais e mais das jovens e industriais Lauro de Freitas e Cama\u00e7ari, ao norte. \u00c9 no rec\u00f4ncavo, yorub\u00e1, que est\u00e1 nossa origem cosmopolita. <\/p>\n<p style=\"text-align: justify;\">Neste sentido, as propostas de Walter Pinheiro s\u00e3o articuladas de fato ao modo com que o Governo do Estado tem pensado &#8211; e com que eu penso. Inverter o vetor de expans\u00e3o da cidade, traz\u00ea-la de volta para seu tra\u00e7o mais peculiar (a ba\u00eda de Todos os Santos), como diz (numa de suas poucas passagens dignas de nota) o arquiteto (question\u00e1vel) Fernando Peixoto. <\/p>\n","protected":false},"excerpt":{"rendered":"<p>A principal quest\u00e3o que se coloca, ao meu ver, neste segundo turno das elei\u00e7\u00f5es de Salvador, \u00e9 a decis\u00e3o (ou n\u00e3o) da cidade abra\u00e7ar a condi\u00e7\u00e3o de, e portar-se como a, terceira maior cidade do pa\u00eds, quinta do subcontinente, e a mais antiga das am\u00e9ricas. Isto \u00e9: deixar de ser [&hellip;]<\/p>\n","protected":false},"author":2,"featured_media":0,"comment_status":"closed","ping_status":"open","sticky":false,"template":"","format":"standard","meta":{"footnotes":""},"categories":[9],"tags":[191,86,245,241,20,85,242,146,246,104,149,140,240,243,123,122,244,121,15,87],"class_list":["post-490","post","type-post","status-publish","format-standard","hentry","category-01viver","tag-acm","tag-anti-carlismo","tag-antonio-carlos-magalhaes","tag-arena","tag-bahia","tag-carlismo","tag-dem","tag-democracia","tag-ditadura","tag-eleicoes-municipais-2008","tag-geddel-vieira-lima","tag-jaques-wagner","tag-joao-henrique-carneiro","tag-mediocridade","tag-pfl","tag-pmdb","tag-pos-carlismo","tag-pt","tag-salvador","tag-walter-pinheiro"],"_links":{"self":[{"href":"https:\/\/www.ultimobaile.com\/index.php?rest_route=\/wp\/v2\/posts\/490","targetHints":{"allow":["GET"]}}],"collection":[{"href":"https:\/\/www.ultimobaile.com\/index.php?rest_route=\/wp\/v2\/posts"}],"about":[{"href":"https:\/\/www.ultimobaile.com\/index.php?rest_route=\/wp\/v2\/types\/post"}],"author":[{"embeddable":true,"href":"https:\/\/www.ultimobaile.com\/index.php?rest_route=\/wp\/v2\/users\/2"}],"replies":[{"embeddable":true,"href":"https:\/\/www.ultimobaile.com\/index.php?rest_route=%2Fwp%2Fv2%2Fcomments&post=490"}],"version-history":[{"count":7,"href":"https:\/\/www.ultimobaile.com\/index.php?rest_route=\/wp\/v2\/posts\/490\/revisions"}],"predecessor-version":[{"id":4476,"href":"https:\/\/www.ultimobaile.com\/index.php?rest_route=\/wp\/v2\/posts\/490\/revisions\/4476"}],"wp:attachment":[{"href":"https:\/\/www.ultimobaile.com\/index.php?rest_route=%2Fwp%2Fv2%2Fmedia&parent=490"}],"wp:term":[{"taxonomy":"category","embeddable":true,"href":"https:\/\/www.ultimobaile.com\/index.php?rest_route=%2Fwp%2Fv2%2Fcategories&post=490"},{"taxonomy":"post_tag","embeddable":true,"href":"https:\/\/www.ultimobaile.com\/index.php?rest_route=%2Fwp%2Fv2%2Ftags&post=490"}],"curies":[{"name":"wp","href":"https:\/\/api.w.org\/{rel}","templated":true}]}}