{"id":475,"date":"2008-10-21T05:29:24","date_gmt":"2008-10-21T08:29:24","guid":{"rendered":"http:\/\/www.ultimobaile.com\/?p=475"},"modified":"2025-12-24T13:03:55","modified_gmt":"2025-12-24T16:03:55","slug":"o-aperitivo-do-fiac","status":"publish","type":"post","link":"https:\/\/www.ultimobaile.com\/?p=475","title":{"rendered":"O Aperitivo do FIAC"},"content":{"rendered":"<p style=\"text-align: justify;\">Semana que vem come\u00e7a o I\u00ba Festival INTERNACIONAL de Artes C\u00eanicas (FIAC) da Bahia &#8211; evento mixo, quase nada, com 7 atra\u00e7\u00f5es internacionais (da Europa, \u00c1frica e Am\u00e9rica Latina), 20 nacionais e outras 10 locais, ocupando espa\u00e7os (tamb\u00e9m abertos, e n\u00e3o s\u00f3 teatros) em Salvador (Centro &amp; Sub\u00farbio), Feira de Santana e Cama\u00e7ari, al\u00e9m de oficinas, debates e tudo mais.<\/p>\n<p style=\"text-align: justify;\">Cousa pouca, pra curitibano nenhum deixar de tentar suic\u00eddio&#8230; <\/p>\n<p style=\"text-align: justify;\">Mas antes, do fil\u00e9 mignon e do arroz piemontese, o aperitivo: todos os dias do FIAC rolar\u00e1 showzinhos da fina-flor do p\u00f3s-axezismo na Pra\u00e7a Tereza Batista, Pelourinho (aquele lugar que, segundo a Globo, est\u00e1 abandonado por M\u00e1rcio Meirelles). De DJs do Pragatecno a forr\u00f3-muderno; de samba-rock a experimentalismos percursivos. E mais importante: de gra\u00e7a, claro! Sempre a partir das 21h, at\u00e9 quase 2h da manh\u00e3. Realmente, \u00e9 muito abandono&#8230; <\/p>\n<p style=\"text-align: justify;\">Podem provar, experimentar, beliscar estes petiscos de democracia est\u00e9tica:<\/p>\n<p style=\"text-align: justify;\">\n<p>FIAC \u2013 PONTO DE ENCONTRO:<\/p>\n<p>Largo Tereza Batista<\/p>\n<p>Sexta, dia 24<\/p>\n<p>\u2022 Minist\u00e9reo P\u00fablico <\/p>\n<p>\u2022 DJ M\u00f4pa<\/p>\n<p>\u2022 Peu Meurray<\/p>\n<p>S\u00e1bado, dia 25<\/p>\n<p>\u2022 Emerson Taquari <\/p>\n<p>\u2022 Dj Rogger <\/p>\n<p>\u2022 Lampir\u00f4nicos<\/p>\n<p>Domingo, dia 26<\/p>\n<p>\u2022 Dj Adriana Prates <\/p>\n<p>\u2022 Coletivo Circo da Samba<\/p>\n<p>Segunda, dia 27<\/p>\n<p>\u2022 Dj Mauro<\/p>\n<p>\u2022 C\u00eaguera de N\u00f3<\/p>\n<p>Ter\u00e7a, dia 28<\/p>\n<p>\u2022 Orlando Costa<\/p>\n<p>\u2022 Magary<\/p>\n<p>\u2022 DJ Preto<\/p>\n<p>Quarta, dia 29<\/p>\n<p>\u2022 Coletivo de DJ\u2019s Eletrocooperativa <\/p>\n<p>\u2022 Retrofoguetes<\/p>\n<p>Quinta, dia 30<\/p>\n<p>\u2022 Clube da Malandragem<\/p>\n<p>\u2022 Coletivo de DJ\u2019s Eletrocooperativa<\/p>\n<p>\u2022 A Volante do Sargento Bezerra<\/p>\n<p><span style=\"font-weight: normal;\">Sexta, dia 31<\/span><\/p>\n<p><span style=\"font-weight: normal;\">\u2022 Riach\u00e3o e Juliana Ribeiro<\/span><\/p>\n<p><span style=\"font-weight: normal;\">\u2022 Dj Bandido<\/span><\/p>\n<p style=\"text-align: justify;\"><span style=\"font-weight: normal;\">\u2022 Afro Bat\u00e1<\/span><\/p>\n<p><strong><strong> <\/strong><\/strong><\/p>\n<p><strong><strong> <\/strong><\/strong><\/p>\n<p><strong><\/strong><\/p>\n","protected":false},"excerpt":{"rendered":"<p>Semana que vem come\u00e7a o I\u00ba Festival INTERNACIONAL de Artes C\u00eanicas (FIAC) da Bahia &#8211; evento mixo, quase nada, com 7 atra\u00e7\u00f5es internacionais (da Europa, \u00c1frica e Am\u00e9rica Latina), 20 nacionais e outras 10 locais, ocupando espa\u00e7os (tamb\u00e9m abertos, e n\u00e3o s\u00f3 teatros) em Salvador (Centro &amp; Sub\u00farbio), Feira de [&hellip;]<\/p>\n","protected":false},"author":2,"featured_media":0,"comment_status":"closed","ping_status":"open","sticky":false,"template":"","format":"standard","meta":{"footnotes":""},"categories":[11,10,13,12,9],"tags":[20,222,227,172,219,168,216,217,221,94,195,225,15,47,220,218,226,57,223,224],"class_list":["post-475","post","type-post","status-publish","format-standard","hentry","category-01beber","category-01comer","category-01ler","category-01ver","category-01viver","tag-bahia","tag-baiao","tag-camacari","tag-danca","tag-dj","tag-feira-de-santana","tag-festival-internacional-de-artes-cenicas-da-bahia","tag-fiac","tag-forro","tag-musica","tag-pelourinho","tag-plataforma","tag-salvador","tag-samba","tag-samba-rock","tag-show","tag-suburbio-ferroviario","tag-teatro","tag-xaxado","tag-xote"],"_links":{"self":[{"href":"https:\/\/www.ultimobaile.com\/index.php?rest_route=\/wp\/v2\/posts\/475","targetHints":{"allow":["GET"]}}],"collection":[{"href":"https:\/\/www.ultimobaile.com\/index.php?rest_route=\/wp\/v2\/posts"}],"about":[{"href":"https:\/\/www.ultimobaile.com\/index.php?rest_route=\/wp\/v2\/types\/post"}],"author":[{"embeddable":true,"href":"https:\/\/www.ultimobaile.com\/index.php?rest_route=\/wp\/v2\/users\/2"}],"replies":[{"embeddable":true,"href":"https:\/\/www.ultimobaile.com\/index.php?rest_route=%2Fwp%2Fv2%2Fcomments&post=475"}],"version-history":[{"count":7,"href":"https:\/\/www.ultimobaile.com\/index.php?rest_route=\/wp\/v2\/posts\/475\/revisions"}],"predecessor-version":[{"id":4475,"href":"https:\/\/www.ultimobaile.com\/index.php?rest_route=\/wp\/v2\/posts\/475\/revisions\/4475"}],"wp:attachment":[{"href":"https:\/\/www.ultimobaile.com\/index.php?rest_route=%2Fwp%2Fv2%2Fmedia&parent=475"}],"wp:term":[{"taxonomy":"category","embeddable":true,"href":"https:\/\/www.ultimobaile.com\/index.php?rest_route=%2Fwp%2Fv2%2Fcategories&post=475"},{"taxonomy":"post_tag","embeddable":true,"href":"https:\/\/www.ultimobaile.com\/index.php?rest_route=%2Fwp%2Fv2%2Ftags&post=475"}],"curies":[{"name":"wp","href":"https:\/\/api.w.org\/{rel}","templated":true}]}}