{"id":443,"date":"2008-10-15T13:06:18","date_gmt":"2008-10-15T16:06:18","guid":{"rendered":"http:\/\/www.ultimobaile.com\/?p=443"},"modified":"2025-12-24T13:03:56","modified_gmt":"2025-12-24T16:03:56","slug":"quem-e-o-poste","status":"publish","type":"post","link":"https:\/\/www.ultimobaile.com\/?p=443","title":{"rendered":"Quem \u00e9 o poste?"},"content":{"rendered":"<p style=\"text-align: justify;\">Walter Pinheiro surgiu, e comportou-se durante algum tempo, como &#8220;o poste&#8221; destas elei\u00e7\u00f5es em Salvador. Embora venha de uma carreira pol\u00edtica s\u00f3lida e aut\u00f4noma, era bem menos conhecido do eleitorado em geral do que sua vice, L\u00eddice da Mata, do que as vereadoras Ol\u00edvia Santana e Aladilce, do que seu antes concorrente a vaga de candidato do PT, Nelson Pelegrino.<\/p>\n<p style=\"text-align: justify;\">Para alavancar sua candidatura, mostrava-se por um lado como &#8220;o candidato de Lula e Wagner&#8221; (em tempo: eu n\u00e3o sei de onde se tirou que Jaques Wagner \u00e9 bom eleitor, transfere votos ou tem votos a transferir &#8211; e olhe que eu o admiro profundamente e creio que se reeleger\u00e1 com certa facilidade em 2010), e por outro como algu\u00e9m que galgou sua vida pol\u00edtica pelos pr\u00f3prios esfor\u00e7os. Foi, durante algum tempo, um semi-poste.<\/p>\n<p style=\"text-align: justify;\">A pr\u00f3pria campanha de Jo\u00e3o Henrique contra ele, mostrando imagens em que Pinheiro se dizia &#8220;afastado do PT&#8221;, ajudou a desconstruir essa id\u00e9ia de &#8220;poste de Lula&#8221;. Eu mesmo comentei aqui que me agradava duplamente essa parcim\u00f4nia cr\u00edtica de Pinheiro com o resto do partido e com o (duvidoso) Governo Lula (\u00fanico sujeito at\u00e9 hoje em que votei pra presidente, n\u00e3o obstante). Parece que agradou a outros eleitores tamb\u00e9m. <\/p>\n<p style=\"text-align: justify;\">Assim, se Pinheiro come\u00e7ou a campanha como poste, n\u00e3o \u00e9 como poste que chega ao segundo turno.<\/p>\n<p style=\"text-align: justify;\">J\u00e1 Jo\u00e3o Henrique fez um caminho oposto. Em 2004, era o candidato que tinha hist\u00f3ria pol\u00edtica mais s\u00f3lida e independente. Representava um anti-carlismo brando, capaz de negocia\u00e7\u00f5es (necess\u00e1rias) com o Governador Paulo Souto. Seu primeiro ano de governo foi eficiente e, ao seu modo, entusiasmante. O segundo foi claudicante. O terceiro, uma hecatombe que envolveu at\u00e9 assassinato de um servidor dentro de um pr\u00e9dio p\u00fablico municipal, trens que n\u00e3o passavam pelo t\u00fanel, e outras aberra\u00e7\u00f5es.<\/p>\n<p style=\"text-align: justify;\">N\u00e3o acho, sinceramente, pela pessoa que \u00e9, que o fato de seu melhor ano de governo ter sido justamente o \u00faltimo seja um ato eleitoreiro. \u00c9 uma coincid\u00eancia: sua capacidade administrativa recuperou-se quando ele colou ao Ministro Geddel Vieira Lima. N\u00e3o se trata de mera facilidade de verbas federais (isso JH sempre teve), mas de traquejo t\u00e9cnico e pol\u00edtico, melhores quadros mais articulados entre si (cito, por exemplo, o atual Secret\u00e1rio Municipal de Sa\u00fade, Jos\u00e9 Carlos Brito). <\/p>\n<p style=\"text-align: justify;\">Entretanto, com isso Jo\u00e3o Henrique Carneiro chega ao segundo turno como &#8220;o poste de Geddel&#8221;. No come\u00e7o de campanha, sua rejei\u00e7\u00e3o era maior at\u00e9 do que a de Grampinho! Ela foi caindo, e com raz\u00e3o: eu sempre disse que o Governo Jo\u00e3o Henrique era muito menos pior do que a TV Bahia (Globo) queria fazer crer, e muito melhor, proativo, eficiente e socialmente respons\u00e1vel do que o Governo Ant\u00f4nio Imbassahy quando este estava no PFL. <\/p>\n<p style=\"text-align: justify;\">Tamb\u00e9m n\u00e3o estou entre os que acha que uma reelei\u00e7\u00e3o de JH implique num governo carlist\u00f3ide, por causa de sua t\u00e1tica proximidade a Grampinho neste segundo turno. H\u00e1 um interesse social sincero em JH e mesmo em Geddel, que n\u00e3o havia no carlismo cl\u00e1ssico e h\u00e1 muito menos no neocarlismo tampa-de-binga. <\/p>\n<p style=\"text-align: justify;\">Acontece que, chegar ao segundo turno como &#8220;o poste que Geddel elegeu&#8221; (quando se tinha uma hist\u00f3ria pol\u00edtica pessoal mais aut\u00f4noma), j\u00e1 seria ruim se o advers\u00e1rio fosse &#8220;o poste de Lula&#8221;. Pior ainda se, justamente, n\u00e3o \u00e9&#8230; <\/p>\n","protected":false},"excerpt":{"rendered":"<p>Walter Pinheiro surgiu, e comportou-se durante algum tempo, como &#8220;o poste&#8221; destas elei\u00e7\u00f5es em Salvador. Embora venha de uma carreira pol\u00edtica s\u00f3lida e aut\u00f4noma, era bem menos conhecido do eleitorado em geral do que sua vice, L\u00eddice da Mata, do que as vereadoras Ol\u00edvia Santana e Aladilce, do que seu [&hellip;]<\/p>\n","protected":false},"author":2,"featured_media":0,"comment_status":"closed","ping_status":"open","sticky":false,"template":"","format":"standard","meta":{"footnotes":""},"categories":[9],"tags":[20,197,104,149,140,98,198,15,87],"class_list":["post-443","post","type-post","status-publish","format-standard","hentry","category-01viver","tag-bahia","tag-eleger-um-poste","tag-eleicoes-municipais-2008","tag-geddel-vieira-lima","tag-jaques-wagner","tag-joao-henrique","tag-lula","tag-salvador","tag-walter-pinheiro"],"_links":{"self":[{"href":"https:\/\/www.ultimobaile.com\/index.php?rest_route=\/wp\/v2\/posts\/443","targetHints":{"allow":["GET"]}}],"collection":[{"href":"https:\/\/www.ultimobaile.com\/index.php?rest_route=\/wp\/v2\/posts"}],"about":[{"href":"https:\/\/www.ultimobaile.com\/index.php?rest_route=\/wp\/v2\/types\/post"}],"author":[{"embeddable":true,"href":"https:\/\/www.ultimobaile.com\/index.php?rest_route=\/wp\/v2\/users\/2"}],"replies":[{"embeddable":true,"href":"https:\/\/www.ultimobaile.com\/index.php?rest_route=%2Fwp%2Fv2%2Fcomments&post=443"}],"version-history":[{"count":1,"href":"https:\/\/www.ultimobaile.com\/index.php?rest_route=\/wp\/v2\/posts\/443\/revisions"}],"predecessor-version":[{"id":444,"href":"https:\/\/www.ultimobaile.com\/index.php?rest_route=\/wp\/v2\/posts\/443\/revisions\/444"}],"wp:attachment":[{"href":"https:\/\/www.ultimobaile.com\/index.php?rest_route=%2Fwp%2Fv2%2Fmedia&parent=443"}],"wp:term":[{"taxonomy":"category","embeddable":true,"href":"https:\/\/www.ultimobaile.com\/index.php?rest_route=%2Fwp%2Fv2%2Fcategories&post=443"},{"taxonomy":"post_tag","embeddable":true,"href":"https:\/\/www.ultimobaile.com\/index.php?rest_route=%2Fwp%2Fv2%2Ftags&post=443"}],"curies":[{"name":"wp","href":"https:\/\/api.w.org\/{rel}","templated":true}]}}