{"id":420,"date":"2008-10-12T22:28:06","date_gmt":"2008-10-13T01:28:06","guid":{"rendered":"http:\/\/www.ultimobaile.com\/?p=420"},"modified":"2025-12-24T13:03:56","modified_gmt":"2025-12-24T16:03:56","slug":"camerata-popular-do-reconcavo-no-segundas-musicais","status":"publish","type":"post","link":"https:\/\/www.ultimobaile.com\/?p=420","title":{"rendered":"Camerata Popular do Rec\u00f4ncavo no Segundas Musicais"},"content":{"rendered":"<p style=\"text-align: justify; \"><a href=\"https:\/\/www.ultimobaile.com\/wp-content\/uploads\/2008\/10\/camerata.jpg\"><img loading=\"lazy\" decoding=\"async\" class=\"aligncenter size-full wp-image-421\" title=\"camerata\" src=\"https:\/\/www.ultimobaile.com\/wp-content\/uploads\/2008\/10\/camerata.jpg\" alt=\"\" width=\"400\" height=\"261\" srcset=\"https:\/\/www.ultimobaile.com\/wp-content\/uploads\/2008\/10\/camerata.jpg 400w, https:\/\/www.ultimobaile.com\/wp-content\/uploads\/2008\/10\/camerata-300x195.jpg 300w\" sizes=\"auto, (max-width: 400px) 100vw, 400px\" \/><\/a><\/p>\n<p style=\"text-align: justify; \">Amanh\u00e3, segunda-feira 13 de outubro, tem <em>Camerata Popular do Rec\u00f4ncavo<\/em> no <em>Segundas Musicais<\/em>. <\/p>\n<p style=\"text-align: justify; \">Criada a partir de pesquisas musicais feitas em cidades do interior da Bahia, Pernambuco, Alagoas, Piau\u00ed e Cear\u00e1 pela professora Sal\u00faa Chequer, A Camerata Popular do Rec\u00f4ncavo apresenta o show \u201cRecanto de Cada Canto\u201d, trazendo um repert\u00f3rio de m\u00fasica popular e de c\u00e2mara baseado nas tradi\u00e7\u00f5es orais baianas &#8211; quadrilhas, parlendas, ditos populares, rimas infantis e can\u00e7\u00f5es de dom\u00ednio p\u00fablico. Al\u00e9m de rezas e devo\u00e7\u00f5es populares e manifesta\u00e7\u00f5es como bumba meu boi, reisado e pastoril.<\/p>\n<p style=\"text-align: justify; \">O <em>Segundas Musicais<\/em> \u00e9 mais um dos projetos da SECULT de M\u00e1rcio Meirelles. Atrav\u00e9s de edital publicado em mar\u00e7o \u00faltimo, foram selecionados novos artistas musicais bahianos para exebi\u00e7\u00f5es \u00e0s segundas-feiras na Sala do Coro do Teatro Castro Alves (aquela obra-prima arquitet\u00f4nica que tem, no foyer com jardins de Burle Max, talvez o mais belo painel de Caryb\u00e9), a irris\u00f3rios R$2,00 a entrada (R$1,00 a meia), vendidos apenas na hora, a partir das 18h. O espet\u00e1culo \u00e9 as 20h sempre.<\/p>\n<p style=\"text-align: justify; \">O <em>Segundas<\/em> selecionou gente tarimbada do rock off-circuit bahiano (os decanos <em>Retrofoguetes<\/em>, respons\u00e1veis pelo marco oficial do fim do axezismo: o Baile Carnavalesco Retrofolia, em que um bando de rockeiros s\u00f3 tocou frevo el\u00e9trico em guitarrinha bahiana e, como disse Morot\u00f3 Slim, l\u00edder dos Retrofoguetes: o carnaval fez as pazes com o rock), at\u00e9 gente muito boa do interior (como o grupo de hip-hop de Ilh\u00e9us, <em>O Quadro<\/em>) ou ainda pouqu\u00edssimo conhecidos e novos na estrada (o percursionista Emerson Taquari, ou <em>Vandex<\/em> com seu punk-bossa). <\/p>\n<p style=\"text-align: justify; \">A <em>Camerata<\/em> j\u00e1 tem algum tempo de estrada, e fazem j\u00e1 tradicionalmente a Trezena de Santo Ant\u00f4nio, todo m\u00eas de junho, no SESC-Pelourinho.<\/p>\n<p style=\"text-align: justify; \">Mas \u00e9 aquela coisa: a\u00ed a Globo, atrav\u00e9s da TV Bahia, diz que M\u00e1rcio Meirelles n\u00e3o faz nada, que o Pelourinho t\u00e1 abandonado, aquela lenga-lenga&#8230; <\/p>\n","protected":false},"excerpt":{"rendered":"<p>Amanh\u00e3, segunda-feira 13 de outubro, tem Camerata Popular do Rec\u00f4ncavo no Segundas Musicais. Criada a partir de pesquisas musicais feitas em cidades do interior da Bahia, Pernambuco, Alagoas, Piau\u00ed e Cear\u00e1 pela professora Sal\u00faa Chequer, A Camerata Popular do Rec\u00f4ncavo apresenta o show \u201cRecanto de Cada Canto\u201d, trazendo um repert\u00f3rio [&hellip;]<\/p>\n","protected":false},"author":2,"featured_media":0,"comment_status":"closed","ping_status":"open","sticky":false,"template":"","format":"standard","meta":{"footnotes":""},"categories":[12,9],"tags":[190,152,189,155,188],"class_list":["post-420","post","type-post","status-publish","format-standard","hentry","category-01ver","category-01viver","tag-camerata-popular-do-reconcavo","tag-marcio-meirelles","tag-sala-do-coro-do-tca","tag-secult","tag-segundas-musicais"],"_links":{"self":[{"href":"https:\/\/www.ultimobaile.com\/index.php?rest_route=\/wp\/v2\/posts\/420","targetHints":{"allow":["GET"]}}],"collection":[{"href":"https:\/\/www.ultimobaile.com\/index.php?rest_route=\/wp\/v2\/posts"}],"about":[{"href":"https:\/\/www.ultimobaile.com\/index.php?rest_route=\/wp\/v2\/types\/post"}],"author":[{"embeddable":true,"href":"https:\/\/www.ultimobaile.com\/index.php?rest_route=\/wp\/v2\/users\/2"}],"replies":[{"embeddable":true,"href":"https:\/\/www.ultimobaile.com\/index.php?rest_route=%2Fwp%2Fv2%2Fcomments&post=420"}],"version-history":[{"count":7,"href":"https:\/\/www.ultimobaile.com\/index.php?rest_route=\/wp\/v2\/posts\/420\/revisions"}],"predecessor-version":[{"id":4487,"href":"https:\/\/www.ultimobaile.com\/index.php?rest_route=\/wp\/v2\/posts\/420\/revisions\/4487"}],"wp:attachment":[{"href":"https:\/\/www.ultimobaile.com\/index.php?rest_route=%2Fwp%2Fv2%2Fmedia&parent=420"}],"wp:term":[{"taxonomy":"category","embeddable":true,"href":"https:\/\/www.ultimobaile.com\/index.php?rest_route=%2Fwp%2Fv2%2Fcategories&post=420"},{"taxonomy":"post_tag","embeddable":true,"href":"https:\/\/www.ultimobaile.com\/index.php?rest_route=%2Fwp%2Fv2%2Ftags&post=420"}],"curies":[{"name":"wp","href":"https:\/\/api.w.org\/{rel}","templated":true}]}}