{"id":4041,"date":"2015-10-21T18:06:22","date_gmt":"2015-10-21T21:06:22","guid":{"rendered":"http:\/\/www.ultimobaile.com\/?p=4041"},"modified":"2025-12-24T13:02:53","modified_gmt":"2025-12-24T16:02:53","slug":"2o-premio-literario-do-servidor-publico-do-estado-da-bahia","status":"publish","type":"post","link":"https:\/\/www.ultimobaile.com\/?p=4041","title":{"rendered":"2\u00ba Pr\u00eamio Liter\u00e1rio do Servidor P\u00fablico do Estado da Bahia"},"content":{"rendered":"<p style=\"text-align: justify;\">Este ano, como ano passado, fiquei novamente entre os 20 finalistas na categoria Poesia.<\/p>\n<p><a href=\"https:\/\/www.ultimobaile.com\/?p=3978\" target=\"_blank\">Ano passado cheguei a levar terceiro lugar na mesma categoria, com aquele meu poema sobre o S\u00e3o Pedro Arrependido de Frei Agostinho da Piedade<\/a>.<\/p>\n<p style=\"text-align: justify;\">Este ano concorro com <a href=\"http:\/\/www.portaldoservidor.ba.gov.br\/sites\/default\/files\/Capital%20sobre%20as%20ancas_Lucas%20Jerzy%20Portela%20Silva.pdf\" target=\"_blank\">o poema abaixo, cuja conforma\u00e7\u00e3o lembra em muito um di\u00e1logo imagin\u00e1rio entre Caryb\u00e9 e Jorge Amado, em que um apontava para o outro como a Cidade do Salvador, vista do mar da Ba\u00eda de Todos os Santos, parece uma bunda de mulata boazuda deitada de lado<\/a>.<\/p>\n<p style=\"text-align: justify;\">Assim como ano passado, existe pr\u00eamio de voto popular. De modo que, caro leitor novo ou antigo, <a href=\"http:\/\/www.portaldoservidor.ba.gov.br\/content\/enquetes-concurso-literario\" target=\"_blank\">pe\u00e7o seu voto aqui<\/a>.<\/p>\n<p style=\"text-align: justify;\">(aten\u00e7\u00e3o: o voto \u00e9 computado por IP, de modo que \u00e9 imposs\u00edvel votar duas vezes a partir do mesmo aparelho, terminal ou computador).<\/p>\n<p style=\"text-align: justify;\">*<\/p>\n<div>\n<p data-canvas-width=\"358.99698019706096\"><strong>Capital sobre as ancas<\/strong><\/p>\n<\/div>\n<div>\n<p data-canvas-width=\"164.3970614973158\"><strong>(a pele da Onagro)<\/strong><\/p>\n<h3 data-canvas-width=\"164.3970614973158\">*<\/h3>\n<p style=\"padding-left: 60px;\" data-canvas-width=\"299.596992834947\"><em>&#8220;As irregularidades do s\u00edtio, por\u00e9m,<\/em><\/p>\n<p style=\"padding-left: 60px;\" data-canvas-width=\"432.79702413417687\"><em>deformaram o quadril\u00e1tero idealizado na metr\u00f3pole&#8221;<\/em><\/p>\n<p style=\"padding-left: 90px;\" data-canvas-width=\"509.59693446125266\"><em>Milton Santos, O Centro da Cidade do Salvador<\/em><\/p>\n<p style=\"padding-left: 90px;\" data-canvas-width=\"509.59693446125266\">*<\/p>\n<p style=\"padding-left: 60px;\" data-canvas-width=\"223.19701988551782\"><em>para Aziz Ab&#8217; Saber<\/em><\/p>\n<p style=\"padding-left: 60px;\" data-canvas-width=\"223.19701988551782\">*<\/p>\n<p data-canvas-width=\"138.79702672646354\">Dorme a mulata,<\/p>\n<p data-canvas-width=\"125.59704178320744\">filha de Oxum,<\/p>\n<p data-canvas-width=\"177.19701934788827\">por sobre cuja bunda<\/p>\n<p data-canvas-width=\"176.5970612641264\">cobre len\u00e7ol de renda<\/p>\n<p data-canvas-width=\"176.5970612641264\">*<\/p>\n<p data-canvas-width=\"175.59703148201373\">portuguesa, a capital;<\/p>\n<p data-canvas-width=\"193.1970606106409\">e, ainda que engomada,<\/p>\n<p data-canvas-width=\"233.79708665806058\">este tecido vazado de igrejas<\/p>\n<p data-canvas-width=\"195.39702336635588\">e palacetes se amarrota:<\/p>\n<p data-canvas-width=\"195.39702336635588\">*<\/p>\n<p data-canvas-width=\"202.19706220295137\">\u00e9 que a negra, por baixo,<\/p>\n<p data-canvas-width=\"193.79704204062037\">insubordinada, se agita,<\/p>\n<p data-canvas-width=\"159.39705592213465\">em lascivos sonhos<\/p>\n<\/div>\n<div>\n<p data-canvas-width=\"151.59701639025513\">de carnes &amp; vales.<\/p>\n<\/div>\n","protected":false},"excerpt":{"rendered":"<p>Este ano, como ano passado, fiquei novamente entre os 20 finalistas na categoria Poesia. Ano passado cheguei a levar terceiro lugar na mesma categoria, com aquele meu poema sobre o S\u00e3o Pedro Arrependido de Frei Agostinho da Piedade. Este ano concorro com o poema abaixo, cuja conforma\u00e7\u00e3o lembra em muito [&hellip;]<\/p>\n","protected":false},"author":2,"featured_media":0,"comment_status":"closed","ping_status":"open","sticky":false,"template":"","format":"standard","meta":{"footnotes":""},"categories":[13],"tags":[20,831,832,233,15],"class_list":["post-4041","post","type-post","status-publish","format-standard","hentry","category-01ler","tag-bahia","tag-poema","tag-poesia","tag-premio-literario","tag-salvador"],"_links":{"self":[{"href":"https:\/\/www.ultimobaile.com\/index.php?rest_route=\/wp\/v2\/posts\/4041","targetHints":{"allow":["GET"]}}],"collection":[{"href":"https:\/\/www.ultimobaile.com\/index.php?rest_route=\/wp\/v2\/posts"}],"about":[{"href":"https:\/\/www.ultimobaile.com\/index.php?rest_route=\/wp\/v2\/types\/post"}],"author":[{"embeddable":true,"href":"https:\/\/www.ultimobaile.com\/index.php?rest_route=\/wp\/v2\/users\/2"}],"replies":[{"embeddable":true,"href":"https:\/\/www.ultimobaile.com\/index.php?rest_route=%2Fwp%2Fv2%2Fcomments&post=4041"}],"version-history":[{"count":7,"href":"https:\/\/www.ultimobaile.com\/index.php?rest_route=\/wp\/v2\/posts\/4041\/revisions"}],"predecessor-version":[{"id":4049,"href":"https:\/\/www.ultimobaile.com\/index.php?rest_route=\/wp\/v2\/posts\/4041\/revisions\/4049"}],"wp:attachment":[{"href":"https:\/\/www.ultimobaile.com\/index.php?rest_route=%2Fwp%2Fv2%2Fmedia&parent=4041"}],"wp:term":[{"taxonomy":"category","embeddable":true,"href":"https:\/\/www.ultimobaile.com\/index.php?rest_route=%2Fwp%2Fv2%2Fcategories&post=4041"},{"taxonomy":"post_tag","embeddable":true,"href":"https:\/\/www.ultimobaile.com\/index.php?rest_route=%2Fwp%2Fv2%2Ftags&post=4041"}],"curies":[{"name":"wp","href":"https:\/\/api.w.org\/{rel}","templated":true}]}}