{"id":3978,"date":"2014-09-26T14:48:40","date_gmt":"2014-09-26T17:48:40","guid":{"rendered":"http:\/\/www.ultimobaile.com\/?p=3978"},"modified":"2025-12-24T13:02:53","modified_gmt":"2025-12-24T16:02:53","slug":"1o-premio-literario-dos-servidores-do-estado-da-bahia","status":"publish","type":"post","link":"https:\/\/www.ultimobaile.com\/?p=3978","title":{"rendered":"1\u00ba Pr\u00eamio Liter\u00e1rio dos Servidores do Estado da Bahia"},"content":{"rendered":"<p style=\"text-align: justify;\">Depois de alguns anos realizando o <a href=\"http:\/\/www.portaldoservidor.ba.gov.br\/sites\/default\/files\/2014%20-%20Regulamento%20PBT_0.pdf\" target=\"_blank\">Pr\u00eamio Boas Pr\u00e1ticas no Servi\u00e7o P\u00fablico<\/a> e o <a href=\"http:\/\/www.portaldoservidor.ba.gov.br\/sites\/default\/files\/2014%20-%20Regulamento%20PSC_0.pdf\" target=\"_blank\">Pr\u00eamio Servidor Cidad\u00e3o<\/a>, o Governo do Estado da Bahia passou esse ano a realizar um <strong>Pr\u00eamio Liter\u00e1rio dos Servidores do Estado<\/strong>, em modelo similar ao de Minas Gerais, com duas categorias: poesia e contos ou cr\u00f4nicas.<\/p>\n<p style=\"text-align: justify;\">Meu poema <a href=\"http:\/\/www.portaldoservidor.ba.gov.br\/sites\/default\/files\/Da%20Piedade%20-%20Lucas%20Jerzy.pdf\" target=\"_blank\"><em><strong>Da Piedade<\/strong><\/em><\/a> (que j\u00e1 levou <a href=\"https:\/\/www.ultimobaile.com\/?p=3270\" target=\"_blank\">men\u00e7\u00e3o honrosa no OFF-Flip<\/a> e este ano no <a href=\"http:\/\/www.campos.rj.gov.br\/exibirNoticia.php?id_noticia=27793\" target=\"_blank\">Festival de Poesia Falada de Campos dos Goytacazes este ano<\/a>) est\u00e1 classificado entre os 20 finalistas na categoria de textos em versos &#8211; a partir dos quais haver\u00e1 3 premia\u00e7\u00f5es por juri e uma especial por voto popular. Os que, por obs\u00e9quio, quiserem <a href=\"http:\/\/www.portaldoservidor.ba.gov.br\/content\/concurso-literario-2014-qual-sua-poesia-preferida\" target=\"_blank\">podem votar aqui,<\/a> bem como na <a href=\"http:\/\/www.portaldoservidor.ba.gov.br\/content\/concurso-literario-2014-qual-sua-prosa-preferida\" target=\"_blank\">categoria em prosa<\/a> e no <a href=\"http:\/\/www.portaldoservidor.ba.gov.br\/content\/festival-de-musica-2014-qual-sua-musica-favorita\" target=\"_blank\">pr\u00eamio de m\u00fasica<\/a> &#8211; mas isto precisa ser feito o mais breve poss\u00edvel, j\u00e1 que a vota\u00e7\u00e3o se encerra dentro de uma semana.<\/p>\n<p style=\"text-align: justify;\">A entrega do pr\u00eamio, bem como a tarde de aut\u00f3grafo das colet\u00e2neas, ser\u00e1 segunda-feira dia 03 de novembro no Teatro Castro Alves &#8211; ao que tudo indica, com entrada franca.<\/p>\n<p style=\"text-align: justify;\">Muito obrigado!<\/p>\n<p><em><strong>P\u00f3s-Escrito de 17 de novembro de<\/strong><\/em><strong> 2014:<\/strong> A quem interessar possa, o supracitado poema levou\u00a0\u00a03\u00ba lugar no supracitado certame.<\/p>\n","protected":false},"excerpt":{"rendered":"<p>Depois de alguns anos realizando o Pr\u00eamio Boas Pr\u00e1ticas no Servi\u00e7o P\u00fablico e o Pr\u00eamio Servidor Cidad\u00e3o, o Governo do Estado da Bahia passou esse ano a realizar um Pr\u00eamio Liter\u00e1rio dos Servidores do Estado, em modelo similar ao de Minas Gerais, com duas categorias: poesia e contos ou cr\u00f4nicas. [&hellip;]<\/p>\n","protected":false},"author":2,"featured_media":0,"comment_status":"closed","ping_status":"open","sticky":false,"template":"","format":"standard","meta":{"footnotes":""},"categories":[13],"tags":[435,831,832,233],"class_list":["post-3978","post","type-post","status-publish","format-standard","hentry","category-01ler","tag-literatura","tag-poema","tag-poesia","tag-premio-literario"],"_links":{"self":[{"href":"https:\/\/www.ultimobaile.com\/index.php?rest_route=\/wp\/v2\/posts\/3978","targetHints":{"allow":["GET"]}}],"collection":[{"href":"https:\/\/www.ultimobaile.com\/index.php?rest_route=\/wp\/v2\/posts"}],"about":[{"href":"https:\/\/www.ultimobaile.com\/index.php?rest_route=\/wp\/v2\/types\/post"}],"author":[{"embeddable":true,"href":"https:\/\/www.ultimobaile.com\/index.php?rest_route=\/wp\/v2\/users\/2"}],"replies":[{"embeddable":true,"href":"https:\/\/www.ultimobaile.com\/index.php?rest_route=%2Fwp%2Fv2%2Fcomments&post=3978"}],"version-history":[{"count":6,"href":"https:\/\/www.ultimobaile.com\/index.php?rest_route=\/wp\/v2\/posts\/3978\/revisions"}],"predecessor-version":[{"id":3985,"href":"https:\/\/www.ultimobaile.com\/index.php?rest_route=\/wp\/v2\/posts\/3978\/revisions\/3985"}],"wp:attachment":[{"href":"https:\/\/www.ultimobaile.com\/index.php?rest_route=%2Fwp%2Fv2%2Fmedia&parent=3978"}],"wp:term":[{"taxonomy":"category","embeddable":true,"href":"https:\/\/www.ultimobaile.com\/index.php?rest_route=%2Fwp%2Fv2%2Fcategories&post=3978"},{"taxonomy":"post_tag","embeddable":true,"href":"https:\/\/www.ultimobaile.com\/index.php?rest_route=%2Fwp%2Fv2%2Ftags&post=3978"}],"curies":[{"name":"wp","href":"https:\/\/api.w.org\/{rel}","templated":true}]}}