{"id":3971,"date":"2014-09-17T10:44:00","date_gmt":"2014-09-17T13:44:00","guid":{"rendered":"http:\/\/www.ultimobaile.com\/?p=3971"},"modified":"2025-12-24T13:02:53","modified_gmt":"2025-12-24T16:02:53","slug":"o-anti-carlismo-no-jardim-de-infancia","status":"publish","type":"post","link":"https:\/\/www.ultimobaile.com\/?p=3971","title":{"rendered":"O Anti-Carlismo no Jardim de Inf\u00e2ncia"},"content":{"rendered":"<p style=\"text-align: justify;\">Desde a <a href=\"https:\/\/www.ultimobaile.com\/?p=2275\" target=\"_blank\">reelei\u00e7\u00e3o de Jacques Wagner ao governo do estado da Bahia<\/a>, e mais severamente desde a elei\u00e7\u00e3o de ACM Neto (Grampinho) para a Prefeitura de Salvador h\u00e1 dois anos, as esquerdas bahianas (ou ao menos de sua capital) parecem perdidas &#8211; e, diante disso, t\u00eam feito escolhas ao meu ver infantis, para n\u00e3o dizer clinicamente idiotas.<\/p>\n<p style=\"text-align: justify;\">Estes fatos n\u00e3o comparecem apenas na l\u00f3gica eleitoral, partid\u00e1ria ou da pol\u00edtica formal, sen\u00e3o tamb\u00e9m em outros campos, como o da cultura &#8211; a <a href=\"http:\/\/bienaldabahia2014.com.br\/wp\/\" target=\"_blank\">Terceira-por\u00e9m-Primeira Beinal da Bahia<\/a> n\u00e3o foi outra coisa. \u00c9 certo que resgatar as Bienais interrompidas pelo Regime Militar (e pelo carlismo) \u00e9 um importante retorno do recalcado hist\u00f3rico &#8211; a quest\u00e3o \u00e9 antes porqu\u00ea este formato e a que custo.<\/p>\n<p style=\"text-align: justify;\">A id\u00e9ia da volta da Bienal da Bahia \u00e9 acalentada desde quando a Secretaria da Cultura era ocupada por M\u00e1rcio Meirelles; ainda na gest\u00e3o dele houve o \u00faltimo Sal\u00e3o MAM-Bahia, que seria extinto para dar lugar a Bienal. S\u00f3 isso gerou um v\u00e1cuo de quase 6 anos sem incentivos a novas produ\u00e7\u00f5es art\u00edsticas nos museus do estado e sem pol\u00edtica de aquisi\u00e7\u00e3o de obras, o que o Sal\u00e3o MAM incluia.<\/p>\n<p style=\"text-align: justify;\">N\u00e3o vejo porque, objetivamente, uma Bienal passaria pela extin\u00e7\u00e3o do Sal\u00e3o MAM-Bahia: como pol\u00edtica de aquisi\u00e7\u00e3o de obras era limitada, mas a partir dela poderia se desenvolver uma mais robusta; o fato \u00e9 que com sua extin\u00e7\u00e3o nenhuma pol\u00edtica de amplia\u00e7\u00e3o de acervo surgiu at\u00e9 hoje. O motivo \u00e9 subjetivo: os Sal\u00f5es MAM-Bahia surgiram sob a longa gest\u00e3o de Heitor Reis no Museu de Arte Moderna da Bahia. De Heitor Reis pode se dizer tudo: carlista, utilizava o museu como uma extens\u00e3o de sua casa (inclusive tomando emprestado algumas obras para coloc\u00e1-las em sua resid\u00eancia pessoal), e tudo isso \u00e9 execr\u00e1vel; mas tamb\u00e9m foi o diretor que tornou o Solar do Unh\u00e3o o que Lina Bo Bardi gostaria que fosse: concluiu o parque de esculturas, criou a Jam no MAM (retomada de modo mais consistente no atual governo, diga-se), popularizou o espa\u00e7o &#8211; e criou o Sal\u00e3o MAM-Bahia.<\/p>\n<p style=\"text-align: justify;\">\u00c9 preciso sem d\u00favida opor-se ao que h\u00e1 de carlismo no carlismo, mas tamb\u00e9m ver o que h\u00e1 nele de linhas contr\u00e1rias a sua pr\u00f3pria for\u00e7a ideol\u00f3gica; n\u00e3o jogar o beb\u00ea fora com a \u00e1gua da bacia, e ali\u00e1s foi este o mote de Jacques Wagner rec\u00e9m-empossado em seu primeiro governo, mais bem sucedido que o atual. No entanto, se preferiu certo narcisismo pueril de refazer Bienais num formato diferente, estilha\u00e7ado e espalhado pela cidade e pelo interior do estado. Ora, se <a href=\"http:\/\/descurvo.blogspot.com.br\/2012\/09\/o-triplo-x-da-questao-por-lucas-portela.html\" target=\"_blank\">as Bienais j\u00e1 s\u00e3o um problema quando h\u00e1 concentra\u00e7\u00e3o maci\u00e7a<\/a>, que dir\u00e1 quando se pulverizam! &#8211; Valeu a tentativa, mas os princ\u00edpios que a regeram n\u00e3o garantiriam sen\u00e3o seu fracasso.<\/p>\n<p style=\"text-align: center;\"><strong>* * *<\/strong><\/p>\n<p style=\"text-align: justify;\">Ao longo de seu primeiro ano de governo municipal, Grampinho investiu pesadamente na pedestraliza\u00e7\u00e3o do bairro da Barra, particularmente em sua orla internacionalmente conhecida. Nem tudo ali foi acertado, mas o efeito \u00e9 que as ruas no entorno da praia do Porto da Barra e do Farol da Barra est\u00e3o quase sem autom\u00f3veis (inclusive com limita\u00e7\u00e3o de transito apenas para carros cujos propriet\u00e1rios ali residam ou tenham com\u00e9rcio) e pululando de pessoas, congestionadas de gentes &#8211; um efeito de democratiza\u00e7\u00e3o maior do que o alcaide esperaria (ou mesmo gostaria), e que pode e deve ser cooptado pela esquerda.<\/p>\n<p style=\"text-align: justify;\">Mas, o que faz <a href=\"https:\/\/www.ultimobaile.com\/?p=2966\" target=\"_blank\">certa esquerda ligada aos movimentos pelo transporte coletivo motorizado gratuito<\/a>? Ataca a medida com frases de efeito perfeitamente vazias: &#8220;Grampinho quer transformar a Barra num condom\u00ednio fechado!&#8221;, como se permitir que o playboy do Itaigara estacione sua SUV na beira da praia fosse socializante e democratizante; &#8220;Grampinho retirou \u00f4nibus da Barra pra n\u00e3o ter pobre l\u00e1&#8221;, quando se chega de \u00f4nibus at\u00e9 a Centen\u00e1rio e se anda o \u00faltimo quil\u00f4metro at\u00e9 o Porto, tal qual em qualquer metr\u00f3pole, e quando quem mais tem usado as ruas da Barra livres do autom\u00f3vel n\u00e3o \u00e9 a classe m\u00e9dia alta deste bairro ou de alhures, sen\u00e3o os mais pobres de l\u00e1 como da periferia (porque, oh!, a maior parte dos pedestres s\u00e3o de baixa renda&#8230;).<\/p>\n<p style=\"text-align: justify;\">N\u00e3o s\u00f3 a esquerda n\u00e3o vislumbra que mesmo <a href=\"http:\/\/www.correio24horas.com.br\/detalhe\/noticia\/suburbio-de-salvador-tera-estacoes-para-uso-gratuito-de-bicicletas-comunitarias\/?cHash=8ad101fbe8f7354651749b7947675e5a\" target=\"_blank\">um governo de direita pode tomar medidas que se voltem contra si e que sejam a sua revelia socializantes e democratizantes (mesmo autonomizantes at\u00e9)<\/a>, como focando inimigos fantasm\u00e1ticos deixa de atacar os reais: como disse acima, a reforma da Barra foi ben\u00e9fica para todos (particularmente para as camadas de renda mais baixa), mas tem problemas j\u00e1 e desde antes e outros sugir\u00e3o &#8211; \u00e9 a\u00ed que a esquerda deve mirar, mas ela sequer enxerga. Por exemplo: a desmotoriza\u00e7\u00e3o da orla da Barra hipermotorizou \u00e1reas antes amenas, como a Rua Afonso Celso, o que compromete o pequeno mas vivo com\u00e9rcio que h\u00e1 nela; a pedestraliza\u00e7\u00e3o da Barra pode fazer os im\u00f3veis al\u00ed se tornarem ainda mais caros e mais vazios &#8211; e n\u00e3o se trata de querer &#8220;habita\u00e7\u00e3o popular&#8221; no bairro, mas sim de regular os pre\u00e7os dos im\u00f3veis para eles se tornarem acess\u00edveis e o bairro mais est\u00e1vel, previs\u00edvel e denso; a despropria\u00e7\u00e3o de lotes vazios, usados apenas para camarotes no carnaval, \u00e9 crucial mas que destino ser\u00e1 dado a eles? e que efeitos isso ter\u00e1 alhures (por exemplo, em Ondina, onde reside de fato a for\u00e7a do Ax\u00e9-System, os camarotes podem ficar ainda mais robustos &#8211; o que seria uma desgra\u00e7a)?<\/p>\n<p style=\"text-align: justify;\">Perguntas reais, que ao inv\u00e9s de serem do-contra s\u00e3o propositivas e que sobrecarregariam Grampinho, fazendo-o vergar. S\u00f3 que a esquerda n\u00e3o apenas ignora o espec\u00edfico do espa\u00e7o enquanto comoditie, para usar uma express\u00e3o de Henri Lefebvre e Yves Lacoste; trata-se de que no Brasil a esquerda perdeu a sintaxe da esquerda: uma esquerda digna do nome quer vergar o poder, por dentro se poss\u00edvel, por fora se necess\u00e1rio; a nossa esquerda atual quer estar no poder para, sem verg\u00e1-lo, us\u00e1-lo &#8220;para o bem&#8221; &#8211; e estando fora do poder, n\u00e3o sabe o que fazer para evitar o pior.<\/p>\n<p style=\"text-align: center;\"><strong>* * *<\/strong><\/p>\n<p style=\"text-align: justify;\">Tanto assim \u00e9 que s\u00f3 isso explica a escolha do poste Rui Costa para candidatura do PT ao Governo do Estado. N\u00e3o se trata apenas de que ele n\u00e3o se elegeria &#8211; j\u00e1 h\u00e1 relatos de uma &#8220;virada&#8221; de \u00faltima hora no interior, o que \u00e9 t\u00edpico do estilo de estrat\u00e9gia pol\u00edtica (bastante judaica, ali\u00e1s) do Galego. Se trata de que Rui vencendo, talvez seja uma vit\u00f3ria de Pirro.<\/p>\n<p style=\"text-align: justify;\">Certo que a chapa da <a href=\"https:\/\/www.ultimobaile.com\/?p=3846\" target=\"_blank\">reelei\u00e7\u00e3o de Wagner, com Otto Alencar de vice, j\u00e1 tinha graves contamina\u00e7\u00f5es carlistas<\/a> (enquanto a de Paulo Souto j\u00e1 quase nada tinha de heran\u00e7a do Malvadeza ent\u00e3o) &#8211; o que n\u00e3o nos impediu de apoiar e votar nele: Wagner \u00e9 um pol\u00edtico forte o suficiente para fazer uma certa barreira a estas contamina\u00e7\u00f5es ainda que internas, Rui n\u00e3o; seus candidatos ao senado ent\u00e3o, L\u00eddice da Mata e Walter Pinheiro, vinham de uma esquerda hist\u00f3rica &#8211; apenas Otto era um problema, portanto.<\/p>\n<p style=\"text-align: justify;\">E a chapa de Rui Costa \u00e9 um hospedeiro do carlismo zumbi, ora parasit\u00e1rio: seu vice, Jo\u00e3o Le\u00e3o, se pudesse ressuscitava ACM em sess\u00e3o de mesa branca; e a campanha por Otto como senador se refere a feitos do mesmo quando foi vice-governador do mais caricato dos carlistas, C\u00e9sar Borges. Ao mesmo tempo, se olhamos a chapa de Paulo Souto, dela se pode dizer tudo, menos que h\u00e1 carlismo ali: seu candidato ao senado, posto que abjeto, foi um dos mais longevos articuladores do fim do carlismo (\u00e9 dele a frase, quando da elei\u00e7\u00e3o de Wagner em 2006, sobre o prazer de derrotar ACM ainda em vida), Geddel Vieira Lima; seu vice \u00e9 um anti-carlista hist\u00f3rico que participou da campanha lend\u00e1ria de Waldir Pires ao governo do estado logo ap\u00f3s a reabertura democr\u00e1tica.<\/p>\n<p style=\"text-align: justify;\">N\u00e3o se quer com isso dizer que mais vale a pena, agora, votar na direita em nome de n\u00e3o se ser carlista; antes, que a esquerda, institucional ou n\u00e3o, regrediu e est\u00e1 perseguindo fantasmas: o Cabe\u00e7a Branca afinal est\u00e1 morto h\u00e1 quase uma d\u00e9cada, n\u00e3o deixa herdeiros (sequer Grampinho \u00e9 propriamente carlista ou quer a heran\u00e7a do av\u00f4), e morreu depois de j\u00e1 ter morrido, sadeanamente. Menos ideologia, menos mistifica\u00e7\u00e3o, e mais visada concreta na realidade e no jogo pol\u00edtico n\u00e3o faria mal nenhum, tanto mais por ser este o pleito em que pela primeira vez muita gente que era crian\u00e7a ainda, quando a Bahia fez sua sa\u00edda tardia da ditadura, agora passa a votar (e n\u00e3o se perca de vista que a gera\u00e7\u00e3o que fez as Jornadas de Junho de 2013 foi a que cresceu sob Lula e com Lula, mas n\u00e3o tinha chegado a votar nele porque n\u00e3o tinha idade para tal e s\u00f3 agora come\u00e7a a votar).<\/p>\n","protected":false},"excerpt":{"rendered":"<p>Desde a reelei\u00e7\u00e3o de Jacques Wagner ao governo do estado da Bahia, e mais severamente desde a elei\u00e7\u00e3o de ACM Neto (Grampinho) para a Prefeitura de Salvador h\u00e1 dois anos, as esquerdas bahianas (ou ao menos de sua capital) parecem perdidas &#8211; e, diante disso, t\u00eam feito escolhas ao meu [&hellip;]<\/p>\n","protected":false},"author":2,"featured_media":0,"comment_status":"closed","ping_status":"open","sticky":false,"template":"","format":"standard","meta":{"footnotes":""},"categories":[9],"tags":[89,86,1916,311,1915,85,1917,1374,290,124,15],"class_list":["post-3971","post","type-post","status-publish","format-standard","hentry","category-01viver","tag-acm-neto","tag-anti-carlismo","tag-antonio-carllos-magalhaes","tag-barra","tag-bienal-da-bahia","tag-carlismo","tag-desmotorizacao","tag-direito-a-cidade","tag-eleicoes","tag-jacques-wagner","tag-salvador"],"_links":{"self":[{"href":"https:\/\/www.ultimobaile.com\/index.php?rest_route=\/wp\/v2\/posts\/3971","targetHints":{"allow":["GET"]}}],"collection":[{"href":"https:\/\/www.ultimobaile.com\/index.php?rest_route=\/wp\/v2\/posts"}],"about":[{"href":"https:\/\/www.ultimobaile.com\/index.php?rest_route=\/wp\/v2\/types\/post"}],"author":[{"embeddable":true,"href":"https:\/\/www.ultimobaile.com\/index.php?rest_route=\/wp\/v2\/users\/2"}],"replies":[{"embeddable":true,"href":"https:\/\/www.ultimobaile.com\/index.php?rest_route=%2Fwp%2Fv2%2Fcomments&post=3971"}],"version-history":[{"count":5,"href":"https:\/\/www.ultimobaile.com\/index.php?rest_route=\/wp\/v2\/posts\/3971\/revisions"}],"predecessor-version":[{"id":3976,"href":"https:\/\/www.ultimobaile.com\/index.php?rest_route=\/wp\/v2\/posts\/3971\/revisions\/3976"}],"wp:attachment":[{"href":"https:\/\/www.ultimobaile.com\/index.php?rest_route=%2Fwp%2Fv2%2Fmedia&parent=3971"}],"wp:term":[{"taxonomy":"category","embeddable":true,"href":"https:\/\/www.ultimobaile.com\/index.php?rest_route=%2Fwp%2Fv2%2Fcategories&post=3971"},{"taxonomy":"post_tag","embeddable":true,"href":"https:\/\/www.ultimobaile.com\/index.php?rest_route=%2Fwp%2Fv2%2Ftags&post=3971"}],"curies":[{"name":"wp","href":"https:\/\/api.w.org\/{rel}","templated":true}]}}