{"id":3896,"date":"2014-01-21T16:38:26","date_gmt":"2014-01-21T19:38:26","guid":{"rendered":"http:\/\/www.ultimobaile.com\/?p=3896"},"modified":"2025-12-24T13:02:53","modified_gmt":"2025-12-24T16:02:53","slug":"de-hospicio-a-jardim-de-infancia","status":"publish","type":"post","link":"https:\/\/www.ultimobaile.com\/?p=3896","title":{"rendered":"De hosp\u00edcio a jardim de inf\u00e2ncia"},"content":{"rendered":"<p style=\"text-align: right;\"><em>&#8220;Uma metr\u00f3pole atender\u00e1 \u00e0s necessidades e aos desejos de todos<\/em><\/p>\n<p style=\"text-align: right;\"><em>quando, e somente si, for feita n\u00e3o apenas para todos<\/em><\/p>\n<p style=\"text-align: right;\"><em>mas por todos&#8221;<\/em><\/p>\n<p style=\"text-align: right;\"><strong><em>Jane Jacobs<\/em><\/strong><\/p>\n<p style=\"text-align: justify;\">Evitei at\u00e9 agora fazer um arrazoado sobre o primeiro ano da gest\u00e3o de Grampinho a frente da Reconvexa, primeiro porque em compara\u00e7\u00e3o com Jo\u00e3o Henrique qualquer porcaria soa como bom prefeito (porque, simplesmente, se \u00e9 prefeito), e ademais porque nem todas as a\u00e7\u00f5es de Grampinho tem sido equivocadas. Cito como acerto, apesar da chiadeira mal-informada de certa esquerda que ignora o espec\u00edfico do espa\u00e7o, a <a href=\"http:\/\/g1.globo.com\/bahia\/noticia\/2013\/10\/prefeitura-vai-fazer-recadastramento-compulsorio-dos-atrasados-no-iptu.html\" target=\"_blank\">revis\u00e3o de valor venal de im\u00f3veis de modo a corrigir distor\u00e7\u00f5es do IPTU<\/a> (inclusive ampliando pra cima a faixa de isen\u00e7\u00e3o), o estabelecimento de bilhetagem eletr\u00f4nica universal com integra\u00e7\u00e3o tarif\u00e1ria plena, e agora<a href=\"http:\/\/www.metro1.com.br\/dezesseis-linhas-de-onibus-serao-extintas-em-salvador-a-partir-de-domingo-5-41490,noticia.html\" target=\"_blank\"> a redu\u00e7\u00e3o das linhas de \u00f4nibus e da frota dos mesmos em Salvador<\/a>.<\/p>\n<p style=\"text-align: justify;\">Revis\u00e3o de valor venal de im\u00f3vel vai no f\u00edgado da classe m\u00e9dia alta rentista que o elegeu e o apoia. Malvadeza Neto n\u00e3o fez isso por qualquer inflex\u00e3o ideol\u00f3gica, \u00e9 \u00f3bvio, mas sim premido pelas contradi\u00e7\u00f5es pr\u00f3prias de uma cidade &#8220;de economia especulativa pura&#8221; (para citar Milton Santos): de algum lugar ele haveria de obter renda fiscal est\u00e1vel e robusta para que Salvador fique menos dependente do Governo Estadual (depend\u00eancia criada e acirrada, diga-se, por seu av\u00f4), e a\u00ed vai ter de morder a faixa mais caras dos im\u00f3veis, mesmo. A esquerda, se pensasse, apoiaria esta medida como precedente importante para se aplicar a progress\u00e3o do Imposto Predial Territorial Urbano no tempo e no espa\u00e7o; e se houve chiadeira de comerciantes, foi muito mais das grandes redes de supermercados e shoppings (que, lembremos, al\u00e9m de IPTU deveriam sofrer outorgas onerosas constantes, o que nunca ocorreu), e n\u00e3o dos pequenos comerciantes de rua.<\/p>\n<p style=\"text-align: justify;\">Quanto a redu\u00e7\u00e3o das linhas e frota de \u00f4nibus, como consequ\u00eancia da bilhetagem \u00fanica universal, \u00e9 uma contrariedade frente a SETPS, m\u00e1fia do buz\u00fa que desmanda na cidade desde quando, na Ditadura Militar e em seu prolongamento cabe\u00e7a-branca, extirparam os bondes, os navios regulares para Cachoeira e Maragogipe, os trens para Alagoinhas, os saveiros para as ilhas, os ascensores funiculares e elevadores &#8211; enfim, desde que retiraram tudo que desde Segundo Imp\u00e9rio fazia de Salvador a Rainha-M\u00e3e do Atl\u00e2ntico Sul. Salvador tem linhas de \u00f4nibus tortuosas, superpostas, e com frota excessiva &#8211; \u00e9 isso que torna o sistema lento e o \u00f4nibus lotado; replanejar isso a partir da possibilidade de o usu\u00e1rio tomar quantos \u00f4nibus quiser ao pre\u00e7o de uma s\u00f3 passagem at\u00e9 seu destino final \u00e9 louv\u00e1vel e libertador, sim.<\/p>\n<p style=\"text-align: justify;\">Isto posto, sua gest\u00e3o est\u00e1 longe de ser para o bem, e mesmo o decantado &#8220;aproach t\u00e9cnico&#8221; do carlismo nele n\u00e3o aparece: suas a\u00e7\u00f5es s\u00e3o desgarradas umas das outras; n\u00e3o se trata apenas de que o Governo Municipal n\u00e3o dialoga com a popula\u00e7\u00e3o, e apenas lhe imp\u00f5e certas benesses &#8211; as pr\u00f3prias Secretarias n\u00e3o dialogam entre si! Um exemplo: uma dada Secretaria leva a cabo um programa de deslocamentos ciclovi\u00e1rios, com bicicletas p\u00fablicas e algumas ciclofaixas (nem todas, justi\u00e7a se fa\u00e7a, de lazer); o programa em geral \u00e9 equ\u00edvoco e canhestro, mas \u00e9 melhor do que a porcaria estadual do Cidade Bicicleta, e o chama erradamente de &#8220;Movimento&#8221;.<\/p>\n<p style=\"text-align: justify;\">Ora, se \u00e9 um programa de mobilidade precisa se integrar com outros transportes: no mesmo per\u00edodo, a Avenida Paulo VI sentido orla tornou-se uma via exclusiva para \u00f4nibus &#8211; corrreto, mas por que n\u00e3o compartilha-la com bicicletas? Mesmo a ciclofaixa do Corredor da Vit\u00f3ria \u00e9 f\u00fatil e in\u00fatil, se se rearranjasse a distribui\u00e7\u00e3o de pontos de \u00f4nibus nesse trecho (4 em menos de 3km &#8211; outro problema de Salvador \u00e9 o excesso de pontos de \u00f4nibus, muito pr\u00f3ximos uns dos outros, gerando diversas paradas e retomadas no sistema) e se eliminasse as vagas de carro ao longo da via.<\/p>\n<p style=\"text-align: justify;\">Enfim: se com Jo\u00e3o Henrique viviamos um hosp\u00edcio, isso tinha l\u00e1 algo de involuntariamente libertador; com o Prefeito Netinho as coisas est\u00e3o positivamente melhores, mas t\u00e3o aprisionantes quanto um jardim de inf\u00e2ncia &#8211; no qual ele brinca de playmobil com a mais antiga cidade das Am\u00e9ricas.<\/p>\n<p style=\"text-align: justify;\">A gota d&#8217;\u00e1gua contudo \u00e9 <a href=\"http:\/\/www.correio24horas.com.br\/detalhe\/noticia\/carnaval-barreiras-farao-revista-para-recolher-objetos-proibidos\/?cHash=7bb2e7cb538e495bac57b747e6c2728c\" target=\"_blank\">a ideia asinina recente de estabelecer curraizinhos para revista pr\u00e9via de quem for entrar nos circuitos do carnaval<\/a>. Ora, se sabe bem atrav\u00e9s das pesquisas da SEI com a SECULT-BA sobre comportamento do soteropolitano durante o carnaval, que dentro do circuito a seguran\u00e7a \u00e9 praticamente um fato consumado tanto maior quanto mais livres a circula\u00e7\u00e3o de gentes (com menos camarotes e menos cordas); e, diga-se, a tecnologia de controle de multid\u00f5es para festas de largo que a Bahia desenvolveu mesmo sob o carlismo \u00e9 referencia mundial. A viol\u00eancia do carnaval de Salvador fica fora dos circuitos, no seu entorno imediato e em bairros mais remotos que se esvaziam (porque o foli\u00e3o foi pro circuito ou porque saiu da cidade e viajou ou porque a vida comercial esmoreceu nos dias de folia nestes bairros) &#8211; uma tal medida vai aumentar a viol\u00eancia nas duas pontas. Ela \u00e9 a corda elevada \u00e0s \u00faltimas consequ\u00eancias, inclusive porque visa antes de tudo limitar o consumo \u00e0queles produtos que patrocinam a festa.<\/p>\n<p style=\"text-align: justify;\">Pros que ainda caiam no engodo da dicotomia Carnaval Estatal (de Recife, que doa dinheiro p\u00fablico pra estrelas da MPB e deixa maracat\u00fas com pires na m\u00e3o \u00e0s vezes domindo na rua) X Carnaval Privado (do Ax\u00e9-System), eis um belo paradoxo: o Estado agora age n\u00e3o pelo, mas como, empres\u00e1rio, visando &#8220;ter lucro&#8221;. E o Governo Estadual, que quando tinha Marcio Meirelles nos seus quadros enfrentou bem a quest\u00e3o, agora, recua: seja pelo Secret\u00e1rio de Seguran\u00e7a P\u00fablica Maur\u00edcio Barbosa ignorando os dados da pesquisa SEI-SECULT e falando de &#8220;2milh\u00f5es de pessoas nas ruas&#8221; (s\u00e3o 500 mil por dia, n\u00e3o mais), seja por <a href=\"http:\/\/www.cultura.ba.gov.br\/2014\/01\/10\/projeto-carnaval-pipoca-tera-formato-atualizado-em-2014\/\" target=\"_blank\">Albino Rubim fazendo um Edital Carnaval Pipoca reformulado no sentido de n\u00e3o ter mais trios<\/a> (o que \u00e9 franquear de novo a avenida e a barra para a monocultura monoestilizada, de prefer\u00eancia com cordas). N\u00e3o chega a ser novidade: das poucas vezes que Albino encampou a Pol\u00edtica Carnaval Pipoca, n\u00e3o disputou os hor\u00e1rios de sa\u00edda (o que Marcio fazia com unhas e dentes: pipoqueiro ideol\u00f3gico que \u00e9, sabe bem o que isso significa de visibilidade) e teve BaianaSystem saindo na Barra com o sol a pino de 3h da tarde &#8211; s\u00f3 mesmo pelo milagre de Russo Passapusso lotou, e mesmo assim s\u00f3 j\u00e1 descendo Ondina.<\/p>\n<p style=\"text-align: justify;\">Que o Direito a Cidade \u00e9 sobretudo o Direito a Festa como D\u00e1diva n\u00e3o resta d\u00favidas, mas em Salvador a l\u00f3gica dobrou o cabo da boa esperan\u00e7a e se tornou a Compulsoriedade da Festa em D\u00edvida Infinita. N\u00e3o se romper\u00e1 isso apenas ocupando o aparelho de estado (embora a utopia pr\u00e1tica da Reforma Cultural Baiana tenha sido taticamente crucial), mas subvertendo radicalmente isso: sequer Direito \u00e0 Festa (concedido, ou pedido, ao Estado), mas Liberdade da Festa. Na pr\u00e1tica, \u00e9 hora de n\u00f3s do Anti-Ax\u00e9 (BaianaSystem a frente, espero eu) negarmos radicalmente qualquer circuito estabelecido. Que tal um palco aberto no Engenho Velho de Brotas, meio como era o Palco do Rock de Piat\u00e3, mas n\u00e3o limitado ao rock?! (Ou meio como era o Bahia de Todos os Sons, de quando Pedro Pond\u00e9 estava a frente d&#8217;O C\u00edrculo). Que tal fanfarras na Pituba, Ruas Amazonas, Cear\u00e1? Ou que o Pagod\u00e3o que usa e abusa do Best Beach volte a realizar a Segunda-Feira Gorda da Ribeira? A\u00ed s\u00edm, Salvador pode voltar a ter Carnaval, ao inv\u00e9s do Carnaval ter Salvador. E se for o caso financiar isso com crow-funding, vaquinha e passando o chap\u00e9u.<\/p>\n<p style=\"text-align: justify;\">(Em tempo: vale lembrar que esta segrega\u00e7\u00e3o de usos que Grampinho coloca &#8211; que vai dos curraizinhos carnavalescos e passa por ciclofaixas onde compartilhamento seria solu\u00e7\u00e3o melhor e <a href=\"https:\/\/www.facebook.com\/ultimobaile\/posts\/519643958072808\" target=\"_blank\">vai dar em trancamento de pra\u00e7as &#8211; j\u00e1 deixou ao menos uma v\u00edtima: o menino que morreu assassinado no Campo Grande em meados de 2013<\/a> foi morto na madrugada do dia seguinte em que a Prefeitura achou que seus guardinhas azuis &#8211; que agora ter\u00e3o arma de fogo! &#8211; em autom\u00f3veis seriam mais capazes de vigiar uma pra\u00e7a do que moleques de skate, patins, bike, casais namorando, gente fazendo palha\u00e7aria e malabares at\u00e9 2h da manh\u00e3 e toda a diversidade que o Campo Grande tinha antes de ser higienizado)<\/p>\n","protected":false},"excerpt":{"rendered":"<p>&#8220;Uma metr\u00f3pole atender\u00e1 \u00e0s necessidades e aos desejos de todos quando, e somente si, for feita n\u00e3o apenas para todos mas por todos&#8221; Jane Jacobs Evitei at\u00e9 agora fazer um arrazoado sobre o primeiro ano da gest\u00e3o de Grampinho a frente da Reconvexa, primeiro porque em compara\u00e7\u00e3o com Jo\u00e3o Henrique [&hellip;]<\/p>\n","protected":false},"author":2,"featured_media":0,"comment_status":"closed","ping_status":"open","sticky":false,"template":"","format":"standard","meta":{"footnotes":""},"categories":[919,9],"tags":[89,1619,66,1374,88,15],"class_list":["post-3896","post","type-post","status-publish","format-standard","hentry","category-01flanar","category-01viver","tag-acm-neto","tag-axe-system","tag-carnaval","tag-direito-a-cidade","tag-grampinho","tag-salvador"],"_links":{"self":[{"href":"https:\/\/www.ultimobaile.com\/index.php?rest_route=\/wp\/v2\/posts\/3896","targetHints":{"allow":["GET"]}}],"collection":[{"href":"https:\/\/www.ultimobaile.com\/index.php?rest_route=\/wp\/v2\/posts"}],"about":[{"href":"https:\/\/www.ultimobaile.com\/index.php?rest_route=\/wp\/v2\/types\/post"}],"author":[{"embeddable":true,"href":"https:\/\/www.ultimobaile.com\/index.php?rest_route=\/wp\/v2\/users\/2"}],"replies":[{"embeddable":true,"href":"https:\/\/www.ultimobaile.com\/index.php?rest_route=%2Fwp%2Fv2%2Fcomments&post=3896"}],"version-history":[{"count":5,"href":"https:\/\/www.ultimobaile.com\/index.php?rest_route=\/wp\/v2\/posts\/3896\/revisions"}],"predecessor-version":[{"id":3901,"href":"https:\/\/www.ultimobaile.com\/index.php?rest_route=\/wp\/v2\/posts\/3896\/revisions\/3901"}],"wp:attachment":[{"href":"https:\/\/www.ultimobaile.com\/index.php?rest_route=%2Fwp%2Fv2%2Fmedia&parent=3896"}],"wp:term":[{"taxonomy":"category","embeddable":true,"href":"https:\/\/www.ultimobaile.com\/index.php?rest_route=%2Fwp%2Fv2%2Fcategories&post=3896"},{"taxonomy":"post_tag","embeddable":true,"href":"https:\/\/www.ultimobaile.com\/index.php?rest_route=%2Fwp%2Fv2%2Ftags&post=3896"}],"curies":[{"name":"wp","href":"https:\/\/api.w.org\/{rel}","templated":true}]}}