{"id":3859,"date":"2013-10-17T20:38:32","date_gmt":"2013-10-17T23:38:32","guid":{"rendered":"http:\/\/www.ultimobaile.com\/?p=3859"},"modified":"2025-12-24T13:02:54","modified_gmt":"2025-12-24T16:02:54","slug":"a-flipacao-da-flica","status":"publish","type":"post","link":"https:\/\/www.ultimobaile.com\/?p=3859","title":{"rendered":"A flipa\u00e7\u00e3o da FLICA"},"content":{"rendered":"<p style=\"text-align: justify;\">Desde a primeira edi\u00e7\u00e3o da <a href=\"http:\/\/www.flica.com.br\/\" target=\"_blank\"><strong>Festa Liter\u00e1ria de Cachoeir<\/strong>a<\/a>, na Bahia, h\u00e1 tr\u00eas anos atr\u00e1s, que uma frase circulava entre produtores, autores convidados e o p\u00fablico n\u00e3o-leigo: a <strong><a href=\"http:\/\/www.flica.com.br\/\" target=\"_blank\">FLICA<\/a><\/strong> n\u00e3o pode ser uma FLIP ao norte &#8211; n\u00e3o se pode cair no erro de Paraty, que acaba fazendo uma Festa Liter\u00e1ria que trata de tudo, menos de literatura (embora, \u00e9 claro, e nisso Cachoeira acerta desde sempre como um trunfo cong\u00eanito, uma Festa Liter\u00e1ria precisa de ter muito mais do que literatura para ter literatura).<\/p>\n<p style=\"text-align: justify;\">Esta frase, que parecia um talism\u00e3 passado de m\u00e3o em m\u00e3o, agora solidifica-se como um vatic\u00ednio: o processo de Flipagem da FLICA vai alto e largo &#8211; sem, contudo, feliz e infelizmente, gerar uma gentrifica\u00e7\u00e3o do Rec\u00f4ncavo &#8211; e \u00e9 este o motivo que me fez declinar de trabalhar na festa no \u00faltimo instante.<\/p>\n<p style=\"text-align: justify;\">O embri\u00e3o disto j\u00e1 estava antes, embora s\u00f3 percept\u00edvel num depois (que \u00e9 o agora). A gota d&#8217;\u00e1gua foi a sele\u00e7\u00e3o de autores para este ano. N\u00e3o me incomoda ter enveredado pela <a href=\"http:\/\/www.flica.com.br\/sexta-2510\/\" target=\"_blank\">sub-literatura de alta vendagem<\/a>, mas sim a escolha de nomes t\u00e3o intelectualmente rasteiros como <a href=\"http:\/\/www.flica.com.br\/sabado-2610\/\" target=\"_blank\">Luiz Felipe Pond\u00e9 e Dem\u00e9trio Magn\u00f3li<\/a> &#8211; gente que acha por bem a Pol\u00edcia Militar baixar o cacete nas manifesta\u00e7\u00f5es desde junho, ao arrepio do que seria uma dire\u00e7\u00e3o da \u00e9<a href=\"http:\/\/www.oesquema.com.br\/trabalhosujo\/2013\/10\/12\/um-discurso-historico-luiz-ruffato-na-feira-de-frankfurt-2013.htm\" target=\"_blank\">tica liter\u00e1ria como a que Luiz Rufatto apontou em Frankfurt<\/a>\u00a0semana passada.<\/p>\n<p style=\"text-align: justify;\">O argumento do curador, Aur\u00e9lio Schommer, \u00e9 que se deve promover um &#8220;debate amplo de id\u00e9ias&#8221; &#8211; na verdade, isso para ele n\u00e3o passa de democratismo. Aur\u00e9lio entende que colocar numa mesa posi\u00e7\u00f5es ideol\u00f3gicas, ou program\u00e1ticas, opostas \u00e9 enriquecer o debate &#8211; n\u00e3o importando se o grau de relev\u00e2ncia intelectual entre os gladiadores \u00e9 discrepante. Assim, lembro que na primeira FLICA Ana Maria Gon\u00e7alves, ilustre esposa de Idelber Avelar, teve de dividir uma mesa sobre cotas raciais em universidades com o playboy brucut\u00fa Rodrigo Constantino. Ao fim da mesa, a vi dizer a Aur\u00e9lio: &#8220;Se a quest\u00e3o era ter algu\u00e9m contra as cotas, poderia ter chamado Antonio Ris\u00e9rio, cujo discurso \u00e9 melhor lastreado&#8221;.<\/p>\n<p style=\"text-align: justify;\">Um debate liter\u00e1rio deve primar pelas sofistica\u00e7\u00e3o e capacidade de transmiss\u00e3o; se, dentro disso, campos opostos ideol\u00f3gicos comparecerem, \u00f3timo; sen\u00e3o, uma pena, mas a vida segue. Para Aur\u00e9lio Schommer, o importante \u00e9 o degladiamento de id\u00e9ias, n\u00e3o importando o estofo das mesmas &#8211; ali\u00e1s, quanto mais infladas e gasosas, parece que melhor, n\u00e3o?<\/p>\n<p style=\"text-align: justify;\">Na verdade, com isso Aur\u00e9lio se esquiva de fazer da FLICA a plataforma pol\u00edtica que deveria ser: criticando, por exemplo, a (aus\u00eancia de uma) pol\u00edtica de livro e leitura no Estado da Bahia (ou de concursos liter\u00e1rios), com correspondente n\u00e3o surgimento de um setor editorial privado robusto (diferente do que ocorreu na m\u00fasica desde a Reforma Cultural com Marcio Meirelles a frente da Secretaria da Cultura), o estatismo imobilista da Funda\u00e7\u00e3o Pedro Calmon, etc. &#8211; pontos que ele curiosamente atacava bem, antes de a FLICA surgir. Mais do que uma posi\u00e7\u00e3o de direita pouco sofisticada (Aur\u00e9lio \u00e9 um cara mais culto e muito menos de direita do que se julga), ele resvalou para um fisiologismo dependente do estado do qual intenta se libertar. E a FLICA virou quase um evento oficial do Governo do Estado, s\u00f3 que sem o \u00f4nus de pr\u00e1ticos de produ\u00e7\u00e3o para este (e ali\u00e1s, a cada ano com verba mais p\u00edfia).<\/p>\n<p style=\"text-align: justify;\">Um dos sintomas que antecipava isso era o previl\u00e9gio que Aur\u00e9lio, e a FLICA, davam n\u00e3o s\u00f3 a autores baianos j\u00e1 publicados (o que se justifica, pois precisam circular, promover acesso a seus produtos), mas a gente como <a href=\"http:\/\/www.expoart.com.br\/colunista\/56\/henrique_wagner.html\" target=\"_blank\">Jos\u00e9 In\u00e1cio Vieira de Melo, verdadeiro latifundi\u00e1rio especulativo da literatura baiana atual<\/a>, que limita o aparecimento de jovens autores realmente interessantes (penso n\u00e3o tanto em mim mesmo, mas na <a href=\"https:\/\/www.facebook.com\/pos.lida.7?fref=ts\" target=\"_blank\">experi\u00eancia inovadora de James Martins no P\u00f3s-Lida<\/a>, e nos <a href=\"http:\/\/versosvoadores.blogspot.com.br\/\" target=\"_blank\">experimentos em verso digital de Alvinho Tinto<\/a>) &#8211; salvo os que passam por seu crivo que parece ter mais de genital do que est\u00e9tico. In\u00e1cio quer impor \u00e0 Bahia uma poesia sertaneja que nada tem de baiana (sequer dialoga com Godofredo Filho), que talvez diga respeito a sua terra de origem, as Alagoas, e que em tudo parece uma afirma\u00e7\u00e3o de virilidade fl\u00e1cida como signo cl\u00ednico de homossexualidade recalcada.<\/p>\n<p style=\"text-align: justify;\">A FLICA, assim, al\u00e9m de cair de quatro para um mercado editorial que sequer baiano \u00e9 (o que j\u00e1 seria uma m\u00e1cula em termos de soberania econ\u00f4mica do estado), finge ser pol\u00edtica para evitar politizar-se e acaba por sequer ser liter\u00e1ria. Nada de novo para quem, como eu, j\u00e1 de h\u00e1 muito <a href=\"https:\/\/www.ultimobaile.com\/?p=3377\" target=\"_blank\">partiu para a Anti-Literatura (inclusive, decididamente, quando trabalhei na primeira edi\u00e7\u00e3o da festa)<\/a>.<\/p>\n<p style=\"text-align: justify;\">Uma mesa, contudo, me interessaria: este encontro diasp\u00f3rico entre <a href=\"http:\/\/www.flica.com.br\/domingo-2710\/\" target=\"_blank\">Makota Valdina e Pepetela<\/a>; e h\u00e1 uma pessoa com quem eu gostaria de conviver intensamente, se l\u00e1 estivesse: <a href=\"http:\/\/www.flica.com.br\/quarta-2310\/\" target=\"_blank\">Cristov\u00e3o Tezza (apesar da companhia desagrad\u00e1vel do contudo bom poeta Fabr\u00edcio Carpinejar)<\/a>, pelo seu enorme <a href=\"http:\/\/www.gazetadopovo.com.br\/colunistas\/conteudo.phtml?tl=1&amp;id=1252263&amp;tit=Literatura-judiciaria\" target=\"_blank\">apre\u00e7o aos concursos e pr\u00eamios liter\u00e1rios que revelam novos talentos<\/a> (o que revela uma linha de fuga sua da Literatura para a Anti-Literatura).<\/p>\n","protected":false},"excerpt":{"rendered":"<p>Desde a primeira edi\u00e7\u00e3o da Festa Liter\u00e1ria de Cachoeira, na Bahia, h\u00e1 tr\u00eas anos atr\u00e1s, que uma frase circulava entre produtores, autores convidados e o p\u00fablico n\u00e3o-leigo: a FLICA n\u00e3o pode ser uma FLIP ao norte &#8211; n\u00e3o se pode cair no erro de Paraty, que acaba fazendo uma Festa [&hellip;]<\/p>\n","protected":false},"author":2,"featured_media":0,"comment_status":"closed","ping_status":"open","sticky":false,"template":"","format":"standard","meta":{"footnotes":""},"categories":[919,13,9],"tags":[1875,20,1874,1873,435,1482,14],"class_list":["post-3859","post","type-post","status-publish","format-standard","hentry","category-01flanar","category-01ler","category-01viver","tag-anti-literatura","tag-bahia","tag-festa-literaria-internacional-de-cachoeira","tag-flica","tag-literatura","tag-livro","tag-reconcavo"],"_links":{"self":[{"href":"https:\/\/www.ultimobaile.com\/index.php?rest_route=\/wp\/v2\/posts\/3859","targetHints":{"allow":["GET"]}}],"collection":[{"href":"https:\/\/www.ultimobaile.com\/index.php?rest_route=\/wp\/v2\/posts"}],"about":[{"href":"https:\/\/www.ultimobaile.com\/index.php?rest_route=\/wp\/v2\/types\/post"}],"author":[{"embeddable":true,"href":"https:\/\/www.ultimobaile.com\/index.php?rest_route=\/wp\/v2\/users\/2"}],"replies":[{"embeddable":true,"href":"https:\/\/www.ultimobaile.com\/index.php?rest_route=%2Fwp%2Fv2%2Fcomments&post=3859"}],"version-history":[{"count":4,"href":"https:\/\/www.ultimobaile.com\/index.php?rest_route=\/wp\/v2\/posts\/3859\/revisions"}],"predecessor-version":[{"id":3863,"href":"https:\/\/www.ultimobaile.com\/index.php?rest_route=\/wp\/v2\/posts\/3859\/revisions\/3863"}],"wp:attachment":[{"href":"https:\/\/www.ultimobaile.com\/index.php?rest_route=%2Fwp%2Fv2%2Fmedia&parent=3859"}],"wp:term":[{"taxonomy":"category","embeddable":true,"href":"https:\/\/www.ultimobaile.com\/index.php?rest_route=%2Fwp%2Fv2%2Fcategories&post=3859"},{"taxonomy":"post_tag","embeddable":true,"href":"https:\/\/www.ultimobaile.com\/index.php?rest_route=%2Fwp%2Fv2%2Ftags&post=3859"}],"curies":[{"name":"wp","href":"https:\/\/api.w.org\/{rel}","templated":true}]}}